{"id":1002,"date":"2021-02-15T11:42:22","date_gmt":"2021-02-15T11:42:22","guid":{"rendered":"https:\/\/covid1984.nohost.me\/blog\/?p=1002"},"modified":"2022-08-20T11:07:42","modified_gmt":"2022-08-20T11:07:42","slug":"vaccin-et-demission","status":"publish","type":"post","link":"https:\/\/crudelis.fr\/site\/covid1984\/2021\/02\/15\/vaccin-et-demission\/","title":{"rendered":"Vaccin et d\u00e9mission"},"content":{"rendered":"\n<p>Un t\u00e9moignage d'une infirmi\u00e8re confront\u00e9e \u00e0 la folie irrationnelle du covid et la vaccination sans information sur les risques r\u00e9els encourus.<\/p>\n\n\n\n<div class=\"wp-block-group\"><div class=\"wp-block-group__inner-container is-layout-flow wp-block-group-is-layout-flow\">\n<!--more-->\n\n\n\n<p><a rel=\"noreferrer noopener\" href=\"https:\/\/reinfocovid.fr\/temoignage\/vaccin-et-demission\/\" data-type=\"URL\" data-id=\"https:\/\/reinfocovid.fr\/temoignage\/vaccin-et-demission\/\" target=\"_blank\">reinfocovid - Vaccin et d\u00e9mission<\/a><br><em>Temps de lecture: 8-10 minutes.<\/em><\/p>\n\n\n\n<hr class=\"wp-block-separator is-style-dots\" \/>\n\n\n\n<blockquote class=\"wp-block-quote is-layout-flow wp-block-quote-is-layout-flow\"><p><em>J'ai vu des personnes \u00e2g\u00e9es, porteuses de pathologies respiratoires, arriver essouffl\u00e9es, baissant leur masque sous le nez instinctivement, et se voir reprendre avec l'injonction de mettre le masque \"correctement\".<\/em><\/p><cite>MS<\/cite><\/blockquote>\n\n\n\n<blockquote class=\"wp-block-quote is-layout-flow wp-block-quote-is-layout-flow\"><p><em><em>J'ai assist\u00e9 \u00e0 des sc\u00e8nes de malaise avec perte de connaissance au d\u00e9cours desquelles l'infirmi\u00e8re demandait au patient de remettre son masque \u00e0 peine la personne revenue \u00e0 elle-m\u00eame.<\/em><\/em><\/p><cite>MS<\/cite><\/blockquote>\n\n\n\n<blockquote class=\"wp-block-quote is-layout-flow wp-block-quote-is-layout-flow\"><p><em><em><em>Et le m\u00e9decin de discuter longuement avec les r\u00e9calcitrants \u00e0 l'injection pour les convaincre de faire partie des volontaires. Avec des arguments tels que: \"Vous \u00eates une personne \u00e0 risques alors il vaut mieux faire le vaccin, car il n'y a pas de probl\u00e8me avec le vaccin pour le moment mais le virus est tr\u00e8s mortel chez les personnes fragiles. Nous, tous les m\u00e9decins et les soignants ici, on pense que c'est bien de le faire et nous aussi on le fera quand \u00e7a sera notre tour. Il ne faut pas \u00e9couter ce que que vous entendez sur internet, ce sont les anti-vaccins\".<\/em><\/em><\/em><\/p><cite>MS<\/cite><\/blockquote>\n\n\n\n<blockquote class=\"wp-block-quote is-layout-flow wp-block-quote-is-layout-flow\"><p><em><em><em>Des patients devenu d\u00e9pressifs \u00e0 cause de solitude, leurs enfants et petits enfants ne venant plus les voir de peur de les rendre malades, sont mis sous anti-d\u00e9presseurs.<\/em><\/em><\/em><\/p><cite>MS<\/cite><\/blockquote>\n<\/div><\/div>\n","protected":false},"excerpt":{"rendered":"<p>Un t\u00e9moignage d'une infirmi\u00e8re confront\u00e9e \u00e0 la folie irrationnelle du covid et la vaccination sans information sur les risques r\u00e9els encourus.<\/p>\n","protected":false},"author":2,"featured_media":0,"comment_status":"open","ping_status":"open","sticky":false,"template":"","format":"standard","meta":{"footnotes":""},"categories":[3,77,13,17],"tags":[],"class_list":["post-1002","post","type-post","status-publish","format-standard","hentry","category-alerte","category-covid19","category-opinion","category-ressources"],"_links":{"self":[{"href":"https:\/\/crudelis.fr\/site\/covid1984\/wp-json\/wp\/v2\/posts\/1002","targetHints":{"allow":["GET"]}}],"collection":[{"href":"https:\/\/crudelis.fr\/site\/covid1984\/wp-json\/wp\/v2\/posts"}],"about":[{"href":"https:\/\/crudelis.fr\/site\/covid1984\/wp-json\/wp\/v2\/types\/post"}],"author":[{"embeddable":true,"href":"https:\/\/crudelis.fr\/site\/covid1984\/wp-json\/wp\/v2\/users\/2"}],"replies":[{"embeddable":true,"href":"https:\/\/crudelis.fr\/site\/covid1984\/wp-json\/wp\/v2\/comments?post=1002"}],"version-history":[{"count":1,"href":"https:\/\/crudelis.fr\/site\/covid1984\/wp-json\/wp\/v2\/posts\/1002\/revisions"}],"predecessor-version":[{"id":2242,"href":"https:\/\/crudelis.fr\/site\/covid1984\/wp-json\/wp\/v2\/posts\/1002\/revisions\/2242"}],"wp:attachment":[{"href":"https:\/\/crudelis.fr\/site\/covid1984\/wp-json\/wp\/v2\/media?parent=1002"}],"wp:term":[{"taxonomy":"category","embeddable":true,"href":"https:\/\/crudelis.fr\/site\/covid1984\/wp-json\/wp\/v2\/categories?post=1002"},{"taxonomy":"post_tag","embeddable":true,"href":"https:\/\/crudelis.fr\/site\/covid1984\/wp-json\/wp\/v2\/tags?post=1002"}],"curies":[{"name":"wp","href":"https:\/\/api.w.org\/{rel}","templated":true}]}}