{"id":1042,"date":"2021-02-18T13:42:10","date_gmt":"2021-02-18T13:42:10","guid":{"rendered":"https:\/\/covid1984.nohost.me\/blog\/?p=1042"},"modified":"2022-08-20T11:07:24","modified_gmt":"2022-08-20T11:07:24","slug":"les-vaccins-en-europe-nauraient-tue-que-1500-personnes","status":"publish","type":"post","link":"https:\/\/crudelis.fr\/site\/covid1984\/2021\/02\/18\/les-vaccins-en-europe-nauraient-tue-que-1500-personnes\/","title":{"rendered":"Les vaccins en Europe n\u2019auraient tu\u00e9 que 1500 personnes"},"content":{"rendered":"\n<p>Le nombre de mort des suites du vaccins n'a de cesse d'augmenter. Tandis que la plupart sont sans aucun doute ignor\u00e9s.<br>Mais le narratif officiel continue de nous vendre une solution miracle, et surtout unique !<\/p>\n\n\n\n<!--more-->\n\n\n\n<p><a href=\"https:\/\/pgibertie.com\/2021\/02\/17\/les-vaccins-en-europe-nauraient-tue-que-1500-personnes\/\" data-type=\"URL\" data-id=\"https:\/\/pgibertie.com\/2021\/02\/17\/les-vaccins-en-europe-nauraient-tue-que-1500-personnes\/\" target=\"_blank\" rel=\"noreferrer noopener\">Le blog de Patrice Gibertie - Les vaccins en Europe n\u2019auraient tu\u00e9 que 1500 personnes<\/a><br><em>Temps de lecture: 2 minutes.<\/em><\/p>\n\n\n\n<hr class=\"wp-block-separator is-style-dots\" \/>\n\n\n\n<blockquote class=\"wp-block-quote is-layout-flow wp-block-quote-is-layout-flow\"><p><em>Serez vous encore convaincus de vous faire vacciner&nbsp; apr\u00e8s avoir consult\u00e9&nbsp; les effets secondaires relev\u00e9s par l\u2019agence europ\u00e9enne du m\u00e9dicament&nbsp;? 1500 morts et des effets imm\u00e9diats\u2026 en attendant la suite.<\/em><\/p><cite>Patrice Gibertie<\/cite><\/blockquote>\n","protected":false},"excerpt":{"rendered":"<p>Le nombre de mort des suites du vaccins n'a de cesse d'augmenter. Tandis que la plupart sont sans aucun doute ignor\u00e9s.Mais le narratif officiel continue de nous vendre une solution miracle, et surtout unique !<\/p>\n","protected":false},"author":2,"featured_media":0,"comment_status":"open","ping_status":"open","sticky":false,"template":"","format":"standard","meta":{"footnotes":""},"categories":[2,77,20,12,19],"tags":[31],"class_list":["post-1042","post","type-post","status-publish","format-standard","hentry","category-actualite","category-covid19","category-danger-vaccin","category-mortalite","category-vaccin","tag-vaccin"],"_links":{"self":[{"href":"https:\/\/crudelis.fr\/site\/covid1984\/wp-json\/wp\/v2\/posts\/1042","targetHints":{"allow":["GET"]}}],"collection":[{"href":"https:\/\/crudelis.fr\/site\/covid1984\/wp-json\/wp\/v2\/posts"}],"about":[{"href":"https:\/\/crudelis.fr\/site\/covid1984\/wp-json\/wp\/v2\/types\/post"}],"author":[{"embeddable":true,"href":"https:\/\/crudelis.fr\/site\/covid1984\/wp-json\/wp\/v2\/users\/2"}],"replies":[{"embeddable":true,"href":"https:\/\/crudelis.fr\/site\/covid1984\/wp-json\/wp\/v2\/comments?post=1042"}],"version-history":[{"count":1,"href":"https:\/\/crudelis.fr\/site\/covid1984\/wp-json\/wp\/v2\/posts\/1042\/revisions"}],"predecessor-version":[{"id":2236,"href":"https:\/\/crudelis.fr\/site\/covid1984\/wp-json\/wp\/v2\/posts\/1042\/revisions\/2236"}],"wp:attachment":[{"href":"https:\/\/crudelis.fr\/site\/covid1984\/wp-json\/wp\/v2\/media?parent=1042"}],"wp:term":[{"taxonomy":"category","embeddable":true,"href":"https:\/\/crudelis.fr\/site\/covid1984\/wp-json\/wp\/v2\/categories?post=1042"},{"taxonomy":"post_tag","embeddable":true,"href":"https:\/\/crudelis.fr\/site\/covid1984\/wp-json\/wp\/v2\/tags?post=1042"}],"curies":[{"name":"wp","href":"https:\/\/api.w.org\/{rel}","templated":true}]}}