{"id":1092,"date":"2021-02-21T18:41:17","date_gmt":"2021-02-21T18:41:17","guid":{"rendered":"https:\/\/covid1984.nohost.me\/blog\/?p=1092"},"modified":"2022-08-20T11:07:24","modified_gmt":"2022-08-20T11:07:24","slug":"covid-19-tests-pcr-crimes-contre-lhumanite-reiner-fuellmich","status":"publish","type":"post","link":"https:\/\/crudelis.fr\/site\/covid1984\/2021\/02\/21\/covid-19-tests-pcr-crimes-contre-lhumanite-reiner-fuellmich\/","title":{"rendered":"Covid 19 &amp; tests PCR : Crimes contre l'humanit\u00e9 Reiner Fuellmich"},"content":{"rendered":"\n<p>\u00c0 la lumi\u00e8re de la <a rel=\"noreferrer noopener\" href=\"https:\/\/crudelis.fr\/site\/covid1984\/2021\/02\/18\/le-plus-grand-nuremberg-de-tous-les-temps-se-prepare\/\" target=\"_blank\">r\u00e9cente communication du Dr Fuellmich<\/a>, il est int\u00e9ressant de r\u00e9\u00e9couter les preuves accumul\u00e9es par l'avocat international au d\u00e9but du mois d'octobre 2020.<br>Loin d'un quelconque complotisme, il s'agit de preuves accumul\u00e9es en vue d'un proc\u00e8s retentissant.<\/p>\n\n\n\n<!--more-->\n\n\n\n<p><a href=\"https:\/\/odysee.com\/@filsdepangolin:e\/covid-19-tests-pcr-crimes-contre-l:8\" data-type=\"URL\" data-id=\"https:\/\/odysee.com\/@filsdepangolin:e\/covid-19-tests-pcr-crimes-contre-l:8\" target=\"_blank\" rel=\"noreferrer noopener\">Odysee - Covid 19 &amp; tests PCR : Crimes contre l'humanit\u00e9 Reiner Fuellmich<\/a><br><em>49 minutes.<\/em><\/p>\n\n\n\n<hr class=\"wp-block-separator has-css-opacity is-style-dots\"\/>\n\n\n\n<blockquote class=\"wp-block-quote is-layout-flow wp-block-quote-is-layout-flow\"><p><em>Je suis \u00e9galement l'un des quatre membres de la commission d'enqu\u00eate allemande sur le Corona. Depuis le 10 juillet 2020, ce comit\u00e9 \u00e9coute un grand nombre de t\u00e9moignages de scientifiques et d'experts internationaux pour trouver des r\u00e9ponses aux questions sur la crise du Corona, que de plus en plus de personnes dans le monde entier se posent.<\/em><\/p><cite>Dr. Reiner Fuellmich<\/cite><\/blockquote>\n\n\n\n<blockquote class=\"wp-block-quote is-layout-flow wp-block-quote-is-layout-flow\"><p><em><em>Y a-t-il une pand\u00e9mie de corona ou seulement une pand\u00e9mie de test PCR ?<\/em><\/em><\/p><cite>Dr. Reiner Fuellmich<\/cite><\/blockquote>\n\n\n\n<blockquote class=\"wp-block-quote is-layout-flow wp-block-quote-is-layout-flow\"><p><em><em><em>Les mesures dites anti-corona telles que le confinement, les masques faciaux obligatoire, la distanciation sociale et les r\u00e8glements de quarantaine servent-ils \u00e0 prot\u00e9ger la population mondiale contre le corona ?<\/em><\/em><\/em><br><em>Ou ces mesures ne servent-elles qu'\u00e0 faire paniquer les gens pour qu'ils croient, sans se poser de question que leur vie est en danger ?<\/em><\/p><cite>Dr. Reiner Fuellmich<\/cite><\/blockquote>\n\n\n\n<blockquote class=\"wp-block-quote is-layout-flow wp-block-quote-is-layout-flow\"><p><em><em><em>Le RKI (Robert Koch Institute) allemand, qui de nouveau est l'\u00e9quivalent du CDC, avait initialement, assez curieusement, recommand\u00e9 de ne pas pratiquer d'autopsies. Et il existe de nombreux rapports cr\u00e9dibles selon lesquels des m\u00e9decins et des h\u00f4pitaux du monde entier ont \u00e9t\u00e9 pay\u00e9s pour avoir d\u00e9clar\u00e9 une personne d\u00e9c\u00e9d\u00e9e comme \u00e9tant victime du covid-19 plut\u00f4t que d'inscrire la v\u00e9ritable cause du d\u00e9c\u00e8s sur le certificat de d\u00e9c\u00e8s.<\/em><\/em><\/em><\/p><cite>Dr. Reiner Fuellmich<\/cite><\/blockquote>\n\n\n\n<blockquote class=\"wp-block-quote is-layout-flow wp-block-quote-is-layout-flow\"><p><em><em><em>Sans les autopsies, nous n'aurions jamais su que l'\u00e9crasante majorit\u00e9 des victimes pr\u00e9sum\u00e9es du covid-19 \u00e9taient mortes de maladies compl\u00e8tement diff\u00e9rentes, mais pas du covid-19.<\/em><\/em><\/em><\/p><cite>Dr. Reiner Fuellmich<\/cite><\/blockquote>\n\n\n\n<blockquote class=\"wp-block-quote is-layout-flow wp-block-quote-is-layout-flow\"><p><em><em><em>L<\/em><\/em>a d\u00e9tection de l'ARN viral ne peut pas indiquer la pr\u00e9sence d'un virus infectieux ou que 2019-nCov soit l'agent causal des sympt\u00f4mes cliniques.<br>[\u2026]<br>Ce test ne peut pas exclure les maladies caus\u00e9es par d'autres pathog\u00e8nes bact\u00e9riens ou viraux.<\/em><\/p><cite>Dr. Reiner Fuellmich<\/cite><\/blockquote>\n\n\n\n<blockquote class=\"wp-block-quote is-layout-flow wp-block-quote-is-layout-flow\"><p><em><em><em>Sans les r\u00e9sultats des tests qui sont constamment rapport\u00e9s dans les m\u00e9dias, la pand\u00e9mie serait termin\u00e9e car rien ne s'est vraiment pass\u00e9.<\/em><\/em><\/em><br><em><em><em>Bien s\u00fbr il existe des cas individuels de maladie grave, mais il y en a aussi dans chaque \u00e9pid\u00e9mie de grippe. Il y a eu une v\u00e9ritable vague de maladies en mars et avril, mais depuis lors tout est rentr\u00e9 en ordre. Seuls les r\u00e9sultats augmentent et diminuent de fa\u00e7on spectaculaire selon le nombre de tests effectu\u00e9s.<\/em><\/em><\/em><\/p><cite>Dr. Reiner Fuellmich<\/cite><\/blockquote>\n\n\n\n<blockquote class=\"wp-block-quote is-layout-flow wp-block-quote-is-layout-flow\"><p><em><em><em>Messieurs Drosten, Wheeler et Tedros, de l'OMS, savaient tout gr\u00e2ce \u00e0 leur propre<\/em><\/em> expertise ou \u00e0 celle de leur institutions.<br>Que les tests PCR ne peuvent fournir aucune information sur les infections, mais ils ont affirm\u00e9 \u00e0 maintes reprise au grand public qu'ils le pouvaient. Avec leur homologues, partout dans le monde le r\u00e9p\u00e9tant.<br>Et ils savaient et acceptaient tous que, sur la base de leur recommandations, les gouvernements du monde entier d\u00e9cideraient du confinement, des r\u00e8gles de distanciations sociales et du port obligatoire de masque.<\/em><\/p><cite>Dr. Reiner Fuellmich<\/cite><\/blockquote>\n\n\n\n<hr class=\"wp-block-separator has-css-opacity is-style-dots\"\/>\n\n\n\n<p>Ces accusations, soutenues par des preuves, sont certainement \u00e0 mettre en perspective avec les changements de cap de l'OMS et de certains gouvernements ces derniers mois.<br>On peut imaginer qu'ils sentent le couperet se rapprocher.<\/p>\n","protected":false},"excerpt":{"rendered":"<p>\u00c0 la lumi\u00e8re de la r\u00e9cente communication du Dr Fuellmich, il est int\u00e9ressant de r\u00e9\u00e9couter les preuves accumul\u00e9es par l'avocat international au d\u00e9but du mois d'octobre 2020.Loin d'un quelconque complotisme, il s'agit de preuves accumul\u00e9es en vue d'un proc\u00e8s retentissant.<\/p>\n","protected":false},"author":2,"featured_media":0,"comment_status":"open","ping_status":"open","sticky":false,"template":"","format":"standard","meta":{"footnotes":""},"categories":[3,77,6,12,17,18],"tags":[32],"class_list":["post-1092","post","type-post","status-publish","format-standard","hentry","category-alerte","category-covid19","category-democratie","category-mortalite","category-ressources","category-pcr","tag-video"],"_links":{"self":[{"href":"https:\/\/crudelis.fr\/site\/covid1984\/wp-json\/wp\/v2\/posts\/1092","targetHints":{"allow":["GET"]}}],"collection":[{"href":"https:\/\/crudelis.fr\/site\/covid1984\/wp-json\/wp\/v2\/posts"}],"about":[{"href":"https:\/\/crudelis.fr\/site\/covid1984\/wp-json\/wp\/v2\/types\/post"}],"author":[{"embeddable":true,"href":"https:\/\/crudelis.fr\/site\/covid1984\/wp-json\/wp\/v2\/users\/2"}],"replies":[{"embeddable":true,"href":"https:\/\/crudelis.fr\/site\/covid1984\/wp-json\/wp\/v2\/comments?post=1092"}],"version-history":[{"count":1,"href":"https:\/\/crudelis.fr\/site\/covid1984\/wp-json\/wp\/v2\/posts\/1092\/revisions"}],"predecessor-version":[{"id":2038,"href":"https:\/\/crudelis.fr\/site\/covid1984\/wp-json\/wp\/v2\/posts\/1092\/revisions\/2038"}],"wp:attachment":[{"href":"https:\/\/crudelis.fr\/site\/covid1984\/wp-json\/wp\/v2\/media?parent=1092"}],"wp:term":[{"taxonomy":"category","embeddable":true,"href":"https:\/\/crudelis.fr\/site\/covid1984\/wp-json\/wp\/v2\/categories?post=1092"},{"taxonomy":"post_tag","embeddable":true,"href":"https:\/\/crudelis.fr\/site\/covid1984\/wp-json\/wp\/v2\/tags?post=1092"}],"curies":[{"name":"wp","href":"https:\/\/api.w.org\/{rel}","templated":true}]}}