{"id":1119,"date":"2021-02-26T12:29:10","date_gmt":"2021-02-26T12:29:10","guid":{"rendered":"https:\/\/covid1984.nohost.me\/blog\/?p=1119"},"modified":"2022-08-20T11:07:24","modified_gmt":"2022-08-20T11:07:24","slug":"qui-construit-la-doxa-du-covid","status":"publish","type":"post","link":"https:\/\/crudelis.fr\/site\/covid1984\/2021\/02\/26\/qui-construit-la-doxa-du-covid\/","title":{"rendered":"Qui construit la doxa du Covid ?"},"content":{"rendered":"\n<p>Une analyse pertinente de la construction de la d\u00e9sinformation entourant le covid par le sociologue Laurent Mucchielli.<\/p>\n\n\n\n<!--more-->\n\n\n\n<p><a rel=\"noreferrer noopener\" href=\"https:\/\/blogs.mediapart.fr\/laurent-mucchielli\/blog\/210221\/qui-construit-la-doxa-du-covid\" data-type=\"URL\" data-id=\"https:\/\/blogs.mediapart.fr\/laurent-mucchielli\/blog\/210221\/qui-construit-la-doxa-du-covid\" target=\"_blank\">Blogs Mediapart - Qui construit la doxa du Covid ?<\/a><br><em>Temps de lecture: 11-14 minutes.<\/em><\/p>\n\n\n\n<hr class=\"wp-block-separator is-style-dots\" \/>\n\n\n\n<blockquote class=\"wp-block-quote is-layout-flow wp-block-quote-is-layout-flow\"><p><em>Dans les d\u00e9mocraties, la plupart des questions de soci\u00e9t\u00e9s font l\u2019objet de d\u00e9bats publics contradictoires plus ou moins intenses et plus ou moins pol\u00e9miques. Pourtant, si elle monopolise les commentaires dans les m\u00e9dias, la \u00ab crise sanitaire \u00bb ouverte par l\u2019\u00e9pid\u00e9mie de coronavirus au d\u00e9but de l\u2019ann\u00e9e 2020 se caract\u00e9rise par une fermeture in\u00e9dite du d\u00e9bat public, une absence de v\u00e9ritable d\u00e9bat contradictoire, des ph\u00e9nom\u00e8nes de censure et d\u2019ostracisation pour le moins inhabituels. En France, tout se passe comme si le discours du gouvernement ne pouvait souffrir aucune contradiction majeure, toute personne se risquant \u00e0 \u00e9noncer de telles contradictions \u00e9tant renvoy\u00e9e vers des cat\u00e9gories stigmatisantes dont la principale est le \u00ab complotisme \u00bb.<\/em><\/p><cite>Laurent Mucchielli<\/cite><\/blockquote>\n\n\n\n<blockquote class=\"wp-block-quote is-layout-flow wp-block-quote-is-layout-flow\"><p><em><em>Ils soulignent \u00e9galement que les m\u00e9dias ont perdu peu \u00e0 peu leur ind\u00e9pendance financi\u00e8re. D\u2019une part, beaucoup appartiennent d\u00e9sormais \u00e0 des grands groupes industriels et\/ou des milliardaires, ou bien ne survivent que gr\u00e2ce aux publicit\u00e9s que ces groupes leur payent. D\u2019autre part, ils re\u00e7oivent d\u2019importantes subventions gouvernementales. Dans cette double d\u00e9pendance, les m\u00e9dias ont perdu toute capacit\u00e9 \u00e0 repr\u00e9senter un \u00ab quatri\u00e8me pouvoir \u00bb. Ils sont, au contraire, structurellement sous influence des puissances \u00e9conomiques et politiques dont ils relayent de fait la vision du monde et les int\u00e9r\u00eats.<\/em><\/em><\/p><cite>Laurent Mucchielli<\/cite><\/blockquote>\n\n\n\n<blockquote class=\"wp-block-quote is-layout-flow wp-block-quote-is-layout-flow\"><p><em>il appara\u00eet que la Fondation de Bill Gates est devenue en r\u00e9alit\u00e9 le premier financeur de l\u2019OMS.<\/em><\/p><cite>Laurent Mucchielli<\/cite><\/blockquote>\n\n\n\n<blockquote class=\"wp-block-quote is-layout-flow wp-block-quote-is-layout-flow\"><p><em><em><em>L\u2019OMS a jou\u00e9 un r\u00f4le particuli\u00e8rement actif dans la tentative de ma\u00eetriser la communication sur l\u2019\u00e9pid\u00e9mie de coronavirus. Depuis le classement de la Covid-19 en \u00ab urgence de sant\u00e9 publique internationale \u00bb le 30 janvier 2020, son directeur tient des conf\u00e9rences de presse quasi quotidiennes. L\u2019organisation a mis par ailleurs en place tout un syst\u00e8me de communication afin de contrer ce qu\u2019elle appelle une \u00ab infod\u00e9mie \u00bb qui se caract\u00e9riserait par la multiplication de \u00ab rumeurs et fausses informations \u00bb.<\/em><\/em><\/em><\/p><cite>Laurent Mucchielli<\/cite><\/blockquote>\n\n\n\n<blockquote class=\"wp-block-quote is-layout-flow wp-block-quote-is-layout-flow\"><p><em><em><em>Un accord a d\u2019abord \u00e9t\u00e9 pass\u00e9 avec un partenaire ancien, Google, \u00ab pour faire en sorte que les personnes recherchant des informations sur le coronavirus voient les informations de l'OMS en t\u00eate de leurs r\u00e9sultats de recherche \u00bb. Ensuite, l\u2019\u00e9quipe de communication s\u2019est assur\u00e9e le concours des principaux r\u00e9seaux sociaux (Facebook, Twitter, Instagram, Pinterest, Tencent, Tik Tok) et m\u00eames de soci\u00e9t\u00e9s comme Uber et Airbnb afin qu\u2019ils diffusent les \u00ab bons messages \u00bb.<\/em><\/em><\/em><\/p><cite>Laurent Mucchielli<\/cite><\/blockquote>\n\n\n\n<p><\/p>\n","protected":false},"excerpt":{"rendered":"<p>Une analyse pertinente de la construction de la d\u00e9sinformation entourant le covid par le sociologue Laurent Mucchielli.<\/p>\n","protected":false},"author":2,"featured_media":0,"comment_status":"open","ping_status":"open","sticky":false,"template":"","format":"standard","meta":{"footnotes":""},"categories":[77,14,17],"tags":[27,28],"class_list":["post-1119","post","type-post","status-publish","format-standard","hentry","category-covid19","category-pourquoi","category-ressources","tag-peur","tag-relativiser"],"_links":{"self":[{"href":"https:\/\/crudelis.fr\/site\/covid1984\/wp-json\/wp\/v2\/posts\/1119","targetHints":{"allow":["GET"]}}],"collection":[{"href":"https:\/\/crudelis.fr\/site\/covid1984\/wp-json\/wp\/v2\/posts"}],"about":[{"href":"https:\/\/crudelis.fr\/site\/covid1984\/wp-json\/wp\/v2\/types\/post"}],"author":[{"embeddable":true,"href":"https:\/\/crudelis.fr\/site\/covid1984\/wp-json\/wp\/v2\/users\/2"}],"replies":[{"embeddable":true,"href":"https:\/\/crudelis.fr\/site\/covid1984\/wp-json\/wp\/v2\/comments?post=1119"}],"version-history":[{"count":1,"href":"https:\/\/crudelis.fr\/site\/covid1984\/wp-json\/wp\/v2\/posts\/1119\/revisions"}],"predecessor-version":[{"id":2235,"href":"https:\/\/crudelis.fr\/site\/covid1984\/wp-json\/wp\/v2\/posts\/1119\/revisions\/2235"}],"wp:attachment":[{"href":"https:\/\/crudelis.fr\/site\/covid1984\/wp-json\/wp\/v2\/media?parent=1119"}],"wp:term":[{"taxonomy":"category","embeddable":true,"href":"https:\/\/crudelis.fr\/site\/covid1984\/wp-json\/wp\/v2\/categories?post=1119"},{"taxonomy":"post_tag","embeddable":true,"href":"https:\/\/crudelis.fr\/site\/covid1984\/wp-json\/wp\/v2\/tags?post=1119"}],"curies":[{"name":"wp","href":"https:\/\/api.w.org\/{rel}","templated":true}]}}