{"id":1127,"date":"2021-02-28T11:37:50","date_gmt":"2021-02-28T11:37:50","guid":{"rendered":"https:\/\/covid1984.nohost.me\/blog\/?p=1127"},"modified":"2022-08-20T11:07:24","modified_gmt":"2022-08-20T11:07:24","slug":"le-world-economic-forum-juge-que-les-confinements-ameliorent-les-villes","status":"publish","type":"post","link":"https:\/\/crudelis.fr\/site\/covid1984\/2021\/02\/28\/le-world-economic-forum-juge-que-les-confinements-ameliorent-les-villes\/","title":{"rendered":"Le World Economic Forum juge que les confinements \"am\u00e9liorent les villes\""},"content":{"rendered":"\n<p>Trop confiant dans le d\u00e9roulement de leur plan, le World Economic Forum s'est permit d'affirmer que les confinements sont b\u00e9n\u00e9fiques pour les villes et la plan\u00e8te.<br>Quand aux humains qui y vivent, sans surprises, ils sont n\u00e9gligeables...<\/p>\n\n\n\n<!--more-->\n\n\n\n<p><a rel=\"noreferrer noopener\" href=\"https:\/\/francais.rt.com\/international\/84272-forum-economique-mondial-juge-que-confinements-ameliorent-villes-ravise\" data-type=\"URL\" data-id=\"https:\/\/francais.rt.com\/international\/84272-forum-economique-mondial-juge-que-confinements-ameliorent-villes-ravise\" target=\"_blank\">RT France - Le Forum \u00e9conomique mondial juge que les confinements \u00abam\u00e9liorent les villes\u00bb \u2013 puis se ravise<\/a><br><em>Temps de lecture: 3 minutes.<\/em><\/p>\n\n\n\n<p>La vid\u00e9o a \u00e9t\u00e9 retir\u00e9e du <a rel=\"noreferrer noopener\" href=\"https:\/\/twitter.com\/wef\/status\/1365614687514165248\" data-type=\"URL\" data-id=\"https:\/\/twitter.com\/wef\/status\/1365614687514165248\" target=\"_blank\">compte twitter du WEF<\/a> apr\u00e8s le scandale qu'elle a soulev\u00e9e.<br>Mais trop tard pour dispara\u00eetre compl\u00e8tement !<br><a href=\"https:\/\/odysee.com\/@WakeUpMirror:3\/WEF-Lockdowns:6\" data-type=\"URL\" data-id=\"https:\/\/odysee.com\/@WakeUpMirror:3\/WEF-Lockdowns:6\" target=\"_blank\" rel=\"noreferrer noopener\">Odysee - Lockdowns are quietly improving cities around the world<\/a><br><em>55 secondes.<\/em><\/p>\n\n\n\n<hr class=\"wp-block-separator is-style-dots\" \/>\n\n\n\n<blockquote class=\"wp-block-quote is-layout-flow wp-block-quote-is-layout-flow\"><p><em>Le Forum \u00e9conomique mondial (WEF) voit d\u00e9cid\u00e9ment des opportunit\u00e9s dans la crise li\u00e9e au Covid-19 que traverse le monde. Alors que son pr\u00e9sident-fondateur Klaus Schwab estime qu'il faut profiter de la situation pour r\u00e9initialiser le capitalisme mondial, appelant l'\u00e9t\u00e9 dernier le monde \u2013 \u00e0 travers l'initiative du \u00abGreat Reset\u00bb&nbsp;\u2013 \u00e0 agir \u00abconjointement et rapidement pour r\u00e9organiser tous les aspects de nos soci\u00e9t\u00e9s et de nos \u00e9conomies\u00bb, le WEF a twitt\u00e9 sur les b\u00e9n\u00e9fices suppos\u00e9s du confinement.<\/em><\/p><cite>RT France<\/cite><\/blockquote>\n\n\n\n<blockquote class=\"wp-block-quote is-layout-flow wp-block-quote-is-layout-flow\"><p><em><em>Moins de rejets de CO2 et moins de bruit (ce qui facilite l'\u00e9tude des s\u00e9ismes) : le Forum \u00e9conomique mondial s'est attir\u00e9 les foudres d'internautes en vantant sur Twitter les b\u00e9n\u00e9fices suppos\u00e9s des confinements. Et a rapidement revu sa position.<\/em><\/em><\/p><cite>RT France<\/cite><\/blockquote>\n\n\n\n<hr class=\"wp-block-separator is-style-dots\" \/>\n\n\n\n<p>Il est int\u00e9ressant de lire les tweets en r\u00e9ponse \u00e0 cette vid\u00e9o pour bien comprendre l'erreur commise et la r\u00e9tractation qui s'en est suivi.<\/p>\n","protected":false},"excerpt":{"rendered":"<p>Trop confiant dans le d\u00e9roulement de leur plan, le World Economic Forum s'est permit d'affirmer que les confinements sont b\u00e9n\u00e9fiques pour les villes et la plan\u00e8te.Quand aux humains qui y vivent, sans surprises, ils sont n\u00e9gligeables...<\/p>\n","protected":false},"author":2,"featured_media":0,"comment_status":"open","ping_status":"open","sticky":false,"template":"","format":"standard","meta":{"footnotes":""},"categories":[2,77,14],"tags":[22,32],"class_list":["post-1127","post","type-post","status-publish","format-standard","hentry","category-actualite","category-covid19","category-pourquoi","tag-great-reset","tag-video"],"_links":{"self":[{"href":"https:\/\/crudelis.fr\/site\/covid1984\/wp-json\/wp\/v2\/posts\/1127","targetHints":{"allow":["GET"]}}],"collection":[{"href":"https:\/\/crudelis.fr\/site\/covid1984\/wp-json\/wp\/v2\/posts"}],"about":[{"href":"https:\/\/crudelis.fr\/site\/covid1984\/wp-json\/wp\/v2\/types\/post"}],"author":[{"embeddable":true,"href":"https:\/\/crudelis.fr\/site\/covid1984\/wp-json\/wp\/v2\/users\/2"}],"replies":[{"embeddable":true,"href":"https:\/\/crudelis.fr\/site\/covid1984\/wp-json\/wp\/v2\/comments?post=1127"}],"version-history":[{"count":1,"href":"https:\/\/crudelis.fr\/site\/covid1984\/wp-json\/wp\/v2\/posts\/1127\/revisions"}],"predecessor-version":[{"id":2233,"href":"https:\/\/crudelis.fr\/site\/covid1984\/wp-json\/wp\/v2\/posts\/1127\/revisions\/2233"}],"wp:attachment":[{"href":"https:\/\/crudelis.fr\/site\/covid1984\/wp-json\/wp\/v2\/media?parent=1127"}],"wp:term":[{"taxonomy":"category","embeddable":true,"href":"https:\/\/crudelis.fr\/site\/covid1984\/wp-json\/wp\/v2\/categories?post=1127"},{"taxonomy":"post_tag","embeddable":true,"href":"https:\/\/crudelis.fr\/site\/covid1984\/wp-json\/wp\/v2\/tags?post=1127"}],"curies":[{"name":"wp","href":"https:\/\/api.w.org\/{rel}","templated":true}]}}