{"id":1148,"date":"2021-03-05T12:32:58","date_gmt":"2021-03-05T12:32:58","guid":{"rendered":"https:\/\/covid1984.nohost.me\/blog\/?p=1148"},"modified":"2022-08-20T11:07:23","modified_gmt":"2022-08-20T11:07:23","slug":"le-conseil-de-leurope-affirme-que-la-vaccination-ne-doit-etre-ni-obligatoire-ni-discriminatoire","status":"publish","type":"post","link":"https:\/\/crudelis.fr\/site\/covid1984\/2021\/03\/05\/le-conseil-de-leurope-affirme-que-la-vaccination-ne-doit-etre-ni-obligatoire-ni-discriminatoire\/","title":{"rendered":"Le Conseil de l'Europe affirme que la vaccination ne doit \u00eatre ni obligatoire ni discriminatoire"},"content":{"rendered":"\n<p>Le Conseil de l'Europe, m\u00eame si son avis est non contraignant, exprime un avis cens\u00e9 sur le libre choix de chaque individu en mati\u00e8re de sant\u00e9 dans sa r\u00e9solution 2361.<\/p>\n\n\n\n<!--more-->\n\n\n\n<p><a rel=\"noreferrer noopener\" href=\"https:\/\/www.francesoir.fr\/societe-sante\/le-conseil-de-leurope-affirme-que-la-vaccination-ne-doit-etre-ni-obligatoire-ni\" data-type=\"URL\" data-id=\"https:\/\/www.francesoir.fr\/societe-sante\/le-conseil-de-leurope-affirme-que-la-vaccination-ne-doit-etre-ni-obligatoire-ni\" target=\"_blank\">FranceSoir - Le Conseil de l'Europe affirme que la vaccination ne doit \u00eatre ni obligatoire ni discriminatoire<\/a><br><em>Temps de lecture: 8-11 minutes.<\/em><\/p>\n\n\n\n<hr class=\"wp-block-separator is-style-dots\" \/>\n\n\n\n<blockquote class=\"wp-block-quote is-layout-flow wp-block-quote-is-layout-flow\"><p><em>De nombreux citoyens se demandent si les vaccins insuffisamment test\u00e9s seront obligatoires, car cela a d\u00e9j\u00e0 \u00e9t\u00e9 propos\u00e9 dans plusieurs pays. En Su\u00e8de, cependant, cela n'a pas \u00e9t\u00e9 le cas, en raison d'une loi qui interdit les interventions m\u00e9dicales involontaires. Mais malgr\u00e9 cette loi, les gouvernements pourraient exercer une pression si forte sur leurs populations, qu'il pourrait devenir presque impossible de vivre sans \u00eatre expos\u00e9 \u00e0 ce vaccin exp\u00e9rimental.<\/em><\/p><cite>FranceSoir<\/cite><\/blockquote>\n\n\n\n<blockquote class=\"wp-block-quote is-layout-flow wp-block-quote-is-layout-flow\"><p><em><em>Le point 7.3 de la r\u00e9solution oblige tous les \u00c9tats-membres \u00e0 veiller \u00e0 ce que les citoyens soient inform\u00e9s que les vaccinations Covid ne sont PAS (le seul mot \u00e9crit en majuscules tout au long de la r\u00e9solution) obligatoire et que personne ne subit des pressions politiques, sociales ou autres pour se faire vacciner.<\/em><\/em><\/p><cite>FranceSoir<\/cite><\/blockquote>\n\n\n\n<blockquote class=\"wp-block-quote is-layout-flow wp-block-quote-is-layout-flow\"><p><em><em><em>Deuxi\u00e8mement - au moins aussi important - les \u00c9tats-membres doivent veiller \u00e0 ce que personne ne soit victime de discrimination pour ne pas \u00eatre vaccin\u00e9 en raison de risques potentiels pour la sant\u00e9 ou parce que la personne ne veut tout simplement pas \u00eatre vaccin\u00e9e.<\/em><\/em><\/em><\/p><cite>FranceSoir<\/cite><\/blockquote>\n\n\n\n<p>La <a rel=\"noreferrer noopener\" href=\"https:\/\/pace.coe.int\/en\/files\/29004\/html\" target=\"_blank\">r\u00e9solution 2361<\/a> dit tr\u00e8s exactement:<\/p>\n\n\n\n<blockquote class=\"wp-block-quote is-layout-flow wp-block-quote-is-layout-flow\"><p><em><em><em>ensure that citizens are informed that the vaccination is NOT mandatory and that no one is politically, socially, or otherwise pressured to get themselves vaccinated, if they do not wish to do so themselves;<\/em><\/em><\/em><br>---<br><em>veiller \u00e0 ce que les citoyens soient inform\u00e9s que la vaccination n'est PAS obligatoire et que personne ne subisse de pressions politiques, sociales ou autres pour se faire vacciner, s'ils ne souhaitent pas le faire eux-m\u00eames ;<\/em><\/p><cite>Conseil de l'Europe<\/cite><\/blockquote>\n\n\n\n<blockquote class=\"wp-block-quote is-layout-flow wp-block-quote-is-layout-flow\"><p><em><em><em>ensure that no one is discriminated against for not having been vaccinated, due to possible health risks or not wanting to be vaccinated;<\/em><\/em><\/em><br>---<br><em>veiller \u00e0 ce que personne ne soit discrimin\u00e9 parce qu'il n'a pas \u00e9t\u00e9 vaccin\u00e9, en raison d'\u00e9ventuels risques pour la sant\u00e9 ou parce qu'il ne veut pas \u00eatre vaccin\u00e9 ;<\/em><\/p><cite>Conseil de l'Europe<\/cite><\/blockquote>\n","protected":false},"excerpt":{"rendered":"<p>Le Conseil de l'Europe, m\u00eame si son avis est non contraignant, exprime un avis cens\u00e9 sur le libre choix de chaque individu en mati\u00e8re de sant\u00e9 dans sa r\u00e9solution 2361.<\/p>\n","protected":false},"author":2,"featured_media":0,"comment_status":"open","ping_status":"open","sticky":false,"template":"","format":"standard","meta":{"footnotes":""},"categories":[2,77,6,19],"tags":[25,31],"class_list":["post-1148","post","type-post","status-publish","format-standard","hentry","category-actualite","category-covid19","category-democratie","category-vaccin","tag-officiel","tag-vaccin"],"_links":{"self":[{"href":"https:\/\/crudelis.fr\/site\/covid1984\/wp-json\/wp\/v2\/posts\/1148","targetHints":{"allow":["GET"]}}],"collection":[{"href":"https:\/\/crudelis.fr\/site\/covid1984\/wp-json\/wp\/v2\/posts"}],"about":[{"href":"https:\/\/crudelis.fr\/site\/covid1984\/wp-json\/wp\/v2\/types\/post"}],"author":[{"embeddable":true,"href":"https:\/\/crudelis.fr\/site\/covid1984\/wp-json\/wp\/v2\/users\/2"}],"replies":[{"embeddable":true,"href":"https:\/\/crudelis.fr\/site\/covid1984\/wp-json\/wp\/v2\/comments?post=1148"}],"version-history":[{"count":1,"href":"https:\/\/crudelis.fr\/site\/covid1984\/wp-json\/wp\/v2\/posts\/1148\/revisions"}],"predecessor-version":[{"id":2231,"href":"https:\/\/crudelis.fr\/site\/covid1984\/wp-json\/wp\/v2\/posts\/1148\/revisions\/2231"}],"wp:attachment":[{"href":"https:\/\/crudelis.fr\/site\/covid1984\/wp-json\/wp\/v2\/media?parent=1148"}],"wp:term":[{"taxonomy":"category","embeddable":true,"href":"https:\/\/crudelis.fr\/site\/covid1984\/wp-json\/wp\/v2\/categories?post=1148"},{"taxonomy":"post_tag","embeddable":true,"href":"https:\/\/crudelis.fr\/site\/covid1984\/wp-json\/wp\/v2\/tags?post=1148"}],"curies":[{"name":"wp","href":"https:\/\/api.w.org\/{rel}","templated":true}]}}