{"id":1156,"date":"2021-03-06T13:18:00","date_gmt":"2021-03-06T13:18:00","guid":{"rendered":"https:\/\/covid1984.nohost.me\/blog\/?p=1156"},"modified":"2022-08-20T11:07:23","modified_gmt":"2022-08-20T11:07:23","slug":"pass-sanitaire-la-spirale-infernale-du-pouvoir","status":"publish","type":"post","link":"https:\/\/crudelis.fr\/site\/covid1984\/2021\/03\/06\/pass-sanitaire-la-spirale-infernale-du-pouvoir\/","title":{"rendered":"\u00ab PASS SANITAIRE \u00bb : la spirale infernale du pouvoir"},"content":{"rendered":"\n<p>Une analyse acerbe, mais pertinente de la spirale totalitaire qui frappe le monde.<\/p>\n\n\n\n<!--more-->\n\n\n\n<figure class=\"wp-block-table\"><table class=\"has-subtle-light-gray-background-color has-background\"><tbody><tr><td class=\"has-text-align-center\" data-align=\"center\"><strong><strong>OPINION<\/strong><br><br>Cet article exprime l'opinion personnelle de son auteur.<\/strong><\/td><\/tr><\/tbody><\/table><\/figure>\n\n\n\n<p><a rel=\"noreferrer noopener\" href=\"https:\/\/www.agoravox.fr\/actualites\/politique\/article\/pass-sanitaire-la-spirale-231349\" data-type=\"URL\" data-id=\"https:\/\/www.agoravox.fr\/actualites\/politique\/article\/pass-sanitaire-la-spirale-231349\" target=\"_blank\">Agora Vox - \u00ab\u00a0PASS SANITAIRE\u00a0\u00bb\u00a0: la spirale infernale du pouvoir<\/a><br><em>Temps de lecture: 14-18 minutes.<\/em><\/p>\n\n\n\n<hr class=\"wp-block-separator is-style-dots\" \/>\n\n\n\n<blockquote class=\"wp-block-quote is-layout-flow wp-block-quote-is-layout-flow\"><p><em>Le r\u00e9sultat de ces basses man\u0153uvres du pouvoir est de d\u00e9crire une situation proche de l\u2019apocalypse mais loin de la r\u00e9alit\u00e9, de faire oublier que l\u2019on vit habituellement entour\u00e9 de virus, de terrifier la population face \u00e0 un risque qui serait effroyable et de d\u00e9signer le vaccin comme la seule solution pour retrouver une vie \u00ab normale \u00bb. Pourtant, il suffit de lire les donn\u00e9es du r\u00e9seau Sentinelles ou celles des bases de donn\u00e9es europ\u00e9ennes des rapports d\u2019effets ind\u00e9sirables susceptibles d\u2019\u00eatre li\u00e9s \u00e0 l\u2019utilisation de m\u00e9dicaments (EudraVigilance) pour voir le foss\u00e9 qui existe entre le r\u00e9el observ\u00e9 et la repr\u00e9sentation du r\u00e9el par le pouvoir et les m\u00e9dias.<\/em><\/p><cite>R\u00e9gis DESMARAIS<\/cite><\/blockquote>\n\n\n\n<blockquote class=\"wp-block-quote is-layout-flow wp-block-quote-is-layout-flow\"><p><em><em>Plus on fait de tests PCR, plus on trouve des cas positifs, dont de faux positifs. Cette abondance de cas positifs est bien utile pour justifier des mesures liberticides qui n\u2019auraient pas pu \u00eatre justifi\u00e9es avec un taux d\u2019incidence calcul\u00e9 correctement. Indicateur erron\u00e9, malmen\u00e9 et fabriqu\u00e9 pour les besoins de la cause mais la plupart des gens n\u2019y trouvent rien \u00e0 redire.<\/em><\/em><\/p><cite>R\u00e9gis DESMARAIS<\/cite><\/blockquote>\n\n\n\n<blockquote class=\"wp-block-quote is-layout-flow wp-block-quote-is-layout-flow\"><p><em><em><em>Imperturbablement le pouvoir avance dans la mise en \u0153uvre d\u2019une strat\u00e9gie mortif\u00e8re et totalitaire. Les \u00e9tudes sur lesquelles il s\u2019\u00e9tait fond\u00e9 pour asseoir une partie de sa politique se r\u00e9v\u00e8lent des faux ou des travaux indignes de scientifiques, peu importe, le pouvoir fait comme s\u2019il ne savait pas. Des \u00e9tudes montrent que les mesures sociales adopt\u00e9es, au mieux n\u2019ont pas d\u2019effet, au pire sont dangereuses, le pouvoir les ignore et fait comme s\u2019il ne savait pas.<\/em><\/em><\/em><\/p><cite>R\u00e9gis DESMARAIS<\/cite><\/blockquote>\n\n\n\n<blockquote class=\"wp-block-quote is-layout-flow wp-block-quote-is-layout-flow\"><p><em><em><em>L\u2019ignorance du pouvoir est variable et ne sert que ses int\u00e9r\u00eats\u2026 ou ceux qui tire profit de cette gestion de crise. Il est remarquable de voir que le pouvoir, si prompt \u00e0 interdire des mol\u00e9cules anciennes, se pr\u00e9cipite sur des m\u00e9dicaments sous brevet et ach\u00e8te des traitements sans m\u00eame savoir s\u2019ils sont efficaces. Comment ne pas voir l\u2019emprise des int\u00e9r\u00eats priv\u00e9s sur l\u2019int\u00e9r\u00eat g\u00e9n\u00e9ral ?<\/em><\/em><\/em><\/p><cite>R\u00e9gis DESMARAIS<\/cite><\/blockquote>\n\n\n\n<blockquote class=\"wp-block-quote is-layout-flow wp-block-quote-is-layout-flow\"><p><em><em><em>La strat\u00e9gie du pouvoir est claire et implacable : il faut fatiguer et user les Fran\u00e7ais jusqu\u2019\u00e0 ce qu\u2019ils acceptent le passeport vaccinal et donc le vaccin.<\/em><\/em><\/em><\/p><cite>R\u00e9gis DESMARAIS<\/cite><\/blockquote>\n\n\n\n<blockquote class=\"wp-block-quote is-layout-flow wp-block-quote-is-layout-flow\"><p><em>La fracture se fera entre les soumis et ceux qui osent contester et r\u00e9clamer le respect des droits fondamentaux. La m\u00e9thode est classique et r\u00f4d\u00e9e : on culpabilise et on d\u00e9nonce ceux qui refusent ce vaccin, on les fait passer pour des \u00e9go\u00efstes qui m\u00e9prisent l\u2019int\u00e9r\u00eat g\u00e9n\u00e9ral, on les d\u00e9signe comme ceux \u00e0 cause de qui rien ne peut redevenir comme avant.<\/em><\/p><cite>R\u00e9gis DESMARAIS<\/cite><\/blockquote>\n\n\n\n<blockquote class=\"wp-block-quote is-layout-flow wp-block-quote-is-layout-flow\"><p><em><em>Le sc\u00e9nario du proche futur est inqui\u00e9tant : on vaccine une partie de la population avec des vaccins qui n\u2019emp\u00eachent pas d\u2019\u00eatre contamin\u00e9s ou contaminants. On facilite ainsi la propagation de la maladie. Les morts induits par cette vaccination seront imm\u00e9diatement d\u00e9clar\u00e9s morts du Covid (et non des suites du vaccin) et morts par la faute de ceux qui ne se sont pas fait vacciner. On augmente la vaccination, les mortalit\u00e9s augmentent, la d\u00e9signation de faux responsables (les non vaccin\u00e9s) s\u2019acc\u00e9l\u00e8re et au final, on impose la vaccination obligatoire pour mettre fin au chaos que l\u2019on a cr\u00e9\u00e9 ou alors on impose un droit d\u2019acc\u00e8s \u00e0 certains lieux, en fait la plupart des lieux, o\u00f9 seuls les vaccin\u00e9s pourront se rendre. Cette mesure est d\u00e9j\u00e0 dans les tuyaux du pouvoir. La discrimination vaccinale se pr\u00e9pare pour le plus grand bonheur de sombres \u00ab Machiavels \u00bb.<\/em><\/em><\/p><cite>R\u00e9gis DESMARAIS<\/cite><\/blockquote>\n\n\n\n<blockquote class=\"wp-block-quote is-layout-flow wp-block-quote-is-layout-flow\"><p><em><em><em>Jamais notre d\u00e9mocratie n\u2019a \u00e9t\u00e9 autant en danger et jamais les droits fondamentaux n\u2019ont \u00e9t\u00e9 aussi ouvertement viol\u00e9s. Le monde b\u00e2ti par les vainqueurs du nazisme se d\u00e9sagr\u00e8ge lentement mais s\u00fbrement. Assister \u00e0 la revanche du totalitarisme, 75 ans pr\u00e8s sa chute en Europe, est une terrible \u00e9preuve.<\/em><\/em><\/em><\/p><cite>R\u00e9gis DESMARAIS<\/cite><\/blockquote>\n","protected":false},"excerpt":{"rendered":"<p>Une analyse acerbe, mais pertinente de la spirale totalitaire qui frappe le monde.<\/p>\n","protected":false},"author":2,"featured_media":0,"comment_status":"open","ping_status":"open","sticky":false,"template":"","format":"standard","meta":{"footnotes":""},"categories":[2,77,6,13,14,19],"tags":[26,28,31],"class_list":["post-1156","post","type-post","status-publish","format-standard","hentry","category-actualite","category-covid19","category-democratie","category-opinion","category-pourquoi","category-vaccin","tag-opinion","tag-relativiser","tag-vaccin"],"_links":{"self":[{"href":"https:\/\/crudelis.fr\/site\/covid1984\/wp-json\/wp\/v2\/posts\/1156","targetHints":{"allow":["GET"]}}],"collection":[{"href":"https:\/\/crudelis.fr\/site\/covid1984\/wp-json\/wp\/v2\/posts"}],"about":[{"href":"https:\/\/crudelis.fr\/site\/covid1984\/wp-json\/wp\/v2\/types\/post"}],"author":[{"embeddable":true,"href":"https:\/\/crudelis.fr\/site\/covid1984\/wp-json\/wp\/v2\/users\/2"}],"replies":[{"embeddable":true,"href":"https:\/\/crudelis.fr\/site\/covid1984\/wp-json\/wp\/v2\/comments?post=1156"}],"version-history":[{"count":1,"href":"https:\/\/crudelis.fr\/site\/covid1984\/wp-json\/wp\/v2\/posts\/1156\/revisions"}],"predecessor-version":[{"id":2228,"href":"https:\/\/crudelis.fr\/site\/covid1984\/wp-json\/wp\/v2\/posts\/1156\/revisions\/2228"}],"wp:attachment":[{"href":"https:\/\/crudelis.fr\/site\/covid1984\/wp-json\/wp\/v2\/media?parent=1156"}],"wp:term":[{"taxonomy":"category","embeddable":true,"href":"https:\/\/crudelis.fr\/site\/covid1984\/wp-json\/wp\/v2\/categories?post=1156"},{"taxonomy":"post_tag","embeddable":true,"href":"https:\/\/crudelis.fr\/site\/covid1984\/wp-json\/wp\/v2\/tags?post=1156"}],"curies":[{"name":"wp","href":"https:\/\/api.w.org\/{rel}","templated":true}]}}