{"id":118,"date":"2020-10-31T14:26:51","date_gmt":"2020-10-31T14:26:51","guid":{"rendered":"https:\/\/covid1984.nohost.me\/?p=118"},"modified":"2022-08-20T11:10:39","modified_gmt":"2022-08-20T11:10:39","slug":"autopsie-dun-confinement-aveugle-temoignage-dune-periode-douloureuse-inutile-et-toxique","status":"publish","type":"post","link":"https:\/\/crudelis.fr\/site\/covid1984\/2020\/10\/31\/autopsie-dun-confinement-aveugle-temoignage-dune-periode-douloureuse-inutile-et-toxique\/","title":{"rendered":"\"Autopsie d'un confinement aveugle\" : t\u00e9moignage d\u2019une p\u00e9riode douloureuse, inutile et toxique"},"content":{"rendered":"\n<p>Une analyse et des r\u00e9v\u00e9lations, souvent cit\u00e9es, sur le premier confinement et ses d\u00e9g\u00e2ts.<br>L'article est dat\u00e9 du 2 octobre 2020.<\/p>\n\n\n\n<!--more-->\n\n\n\n<figure class=\"wp-block-table\"><table class=\"has-subtle-light-gray-background-color has-background\"><tbody><tr><td class=\"has-text-align-center\" data-align=\"center\"><strong><strong>OPINION<\/strong><br><br>Cet article exprime l'opinion personnelle de son auteur.<\/strong><\/td><\/tr><\/tbody><\/table><\/figure>\n\n\n\n<p><a rel=\"noreferrer noopener\" href=\"http:\/\/www.francesoir.fr\/opinions-entretiens\/autopsie-dun-confinement-aveugle-temoignage-dune-periode#_ftn6\" data-type=\"URL\" data-id=\"http:\/\/www.francesoir.fr\/opinions-entretiens\/autopsie-dun-confinement-aveugle-temoignage-dune-periode#_ftn6\" target=\"_blank\">FranceSoir - \"Autopsie d'un confinement aveugle\" : t\u00e9moignage d\u2019une p\u00e9riode douloureuse, inutile et toxique<\/a><br><em>Temps de lecture: 31-40 minutes.<\/em><\/p>\n\n\n\n<hr class=\"wp-block-separator is-style-dots\" \/>\n\n\n\n<blockquote class=\"wp-block-quote is-style-default is-layout-flow wp-block-quote-is-layout-flow\"><p><em>[\u2026] afin de tenter de sortir de l\u2019\u00e9motionnel pur dans lequel le pouvoir enferme les citoyens encore \u00e0 ce jour, et leur permettre une analyse plus froide et objective de ce qu\u2019on nous impose de fa\u00e7on de plus en plus polici\u00e8re et dictatoriale.<\/em><\/p><cite>G\u00e9rard et Nicole Del\u00e9pine pour FranceSoir<\/cite><\/blockquote>\n\n\n\n<blockquote class=\"wp-block-quote is-style-default is-layout-flow wp-block-quote-is-layout-flow\"><p><em>La derni\u00e8re fois qu\u2019un confinement aveugle d\u2019une ville fran\u00e7aise avait \u00e9t\u00e9 r\u00e9alis\u00e9 (en 1720 pour la peste de Marseille) il avait abouti \u00e0 la mort de la moiti\u00e9 des habitants (50000 sur 100000) sans emp\u00eacher la diffusion de la maladie \u00e0 la Provence (70000 morts suppl\u00e9mentaires) et \u00e0 l\u2019Italie proche.<\/em><\/p><cite>G\u00e9rard et Nicole Del\u00e9pine pour FranceSoir<\/cite><\/blockquote>\n\n\n\n<blockquote class=\"wp-block-quote is-style-default is-layout-flow wp-block-quote-is-layout-flow\"><p><em>Les suicides s\u2019accumulent d\u00e9j\u00e0 en ce d\u00e9but septembre sans que les chiffres en soient annonc\u00e9s par les autorit\u00e9s.<\/em><\/p><cite>G\u00e9rard et Nicole Del\u00e9pine pour FranceSoir<\/cite><\/blockquote>\n\n\n\n<blockquote class=\"wp-block-quote is-style-default is-layout-flow wp-block-quote-is-layout-flow\"><p><em>Les soignants que les autorit\u00e9s feront applaudir chaque soir dans une sordide th\u00e9\u00e2tralisation de la crise des h\u00f4pitaux \u00e9taient les m\u00eames que ceux tabass\u00e9s quelques semaines plut\u00f4t par les CRS d\u2019un gouvernement peu \u00e0 l\u2019\u00e9coute.<\/em><\/p><cite>G\u00e9rard et Nicole Del\u00e9pine pour FranceSoir<\/cite><\/blockquote>\n","protected":false},"excerpt":{"rendered":"<p>Une analyse et des r\u00e9v\u00e9lations, souvent cit\u00e9es, sur le premier confinement et ses d\u00e9g\u00e2ts.L'article est dat\u00e9 du 2 octobre 2020.<\/p>\n","protected":false},"author":2,"featured_media":0,"comment_status":"open","ping_status":"open","sticky":false,"template":"","format":"standard","meta":{"footnotes":""},"categories":[2,77,13],"tags":[21,26,27],"class_list":["post-118","post","type-post","status-publish","format-standard","hentry","category-actualite","category-covid19","category-opinion","tag-confinement","tag-opinion","tag-peur"],"_links":{"self":[{"href":"https:\/\/crudelis.fr\/site\/covid1984\/wp-json\/wp\/v2\/posts\/118","targetHints":{"allow":["GET"]}}],"collection":[{"href":"https:\/\/crudelis.fr\/site\/covid1984\/wp-json\/wp\/v2\/posts"}],"about":[{"href":"https:\/\/crudelis.fr\/site\/covid1984\/wp-json\/wp\/v2\/types\/post"}],"author":[{"embeddable":true,"href":"https:\/\/crudelis.fr\/site\/covid1984\/wp-json\/wp\/v2\/users\/2"}],"replies":[{"embeddable":true,"href":"https:\/\/crudelis.fr\/site\/covid1984\/wp-json\/wp\/v2\/comments?post=118"}],"version-history":[{"count":1,"href":"https:\/\/crudelis.fr\/site\/covid1984\/wp-json\/wp\/v2\/posts\/118\/revisions"}],"predecessor-version":[{"id":2359,"href":"https:\/\/crudelis.fr\/site\/covid1984\/wp-json\/wp\/v2\/posts\/118\/revisions\/2359"}],"wp:attachment":[{"href":"https:\/\/crudelis.fr\/site\/covid1984\/wp-json\/wp\/v2\/media?parent=118"}],"wp:term":[{"taxonomy":"category","embeddable":true,"href":"https:\/\/crudelis.fr\/site\/covid1984\/wp-json\/wp\/v2\/categories?post=118"},{"taxonomy":"post_tag","embeddable":true,"href":"https:\/\/crudelis.fr\/site\/covid1984\/wp-json\/wp\/v2\/tags?post=118"}],"curies":[{"name":"wp","href":"https:\/\/api.w.org\/{rel}","templated":true}]}}