{"id":1193,"date":"2021-03-12T11:45:08","date_gmt":"2021-03-12T11:45:08","guid":{"rendered":"https:\/\/covid1984.nohost.me\/blog\/?p=1193"},"modified":"2022-08-20T11:07:22","modified_gmt":"2022-08-20T11:07:22","slug":"des-medecins-et-des-scientifiques-ecrivent-a-lagence-europeenne-des-medicaments-pour-mettre-en-garde-contre-les-dangers-du-vaccin-covid-19","status":"publish","type":"post","link":"https:\/\/crudelis.fr\/site\/covid1984\/2021\/03\/12\/des-medecins-et-des-scientifiques-ecrivent-a-lagence-europeenne-des-medicaments-pour-mettre-en-garde-contre-les-dangers-du-vaccin-covid-19\/","title":{"rendered":"Des m\u00e9decins et des scientifiques \u00e9crivent \u00e0 l'Agence europ\u00e9enne des m\u00e9dicaments pour mettre en garde contre les dangers du vaccin COVID-19"},"content":{"rendered":"\n<p>Un groupe de m\u00e9decins et de scientifiques ont adress\u00e9 une lettre \u00e0 l'Agence europ\u00e9enne des m\u00e9dicaments, le 28 f\u00e9vrier 2021, pour demander des r\u00e9ponses concr\u00e8tes faces aux effets secondaires nombreux des vaccins covid.<br>En l'absence de r\u00e9ponse, le courrier a \u00e9t\u00e9 rendu public.<\/p>\n\n\n\n<!--more-->\n\n\n\n<figure class=\"wp-block-table\"><table class=\"has-subtle-pale-pink-background-color has-background\"><tbody><tr><td><em>Pour les articles qui ne sont pas en fran\u00e7ais, vous pouvez utiliser <a rel=\"noreferrer noopener\" href=\"https:\/\/www.deepl.com\/translator\" target=\"_blank\">DeepL<\/a> pour traduire le texte en fran\u00e7ais.<\/em><\/td><\/tr><\/tbody><\/table><\/figure>\n\n\n\n<p><a href=\"https:\/\/doctors4covidethics.org\/urgent-open-letter-from-doctors-and-scientists-to-the-european-medicines-agency-regarding-covid-19-vaccine-safety-concerns\/\" data-type=\"URL\" data-id=\"https:\/\/doctors4covidethics.org\/urgent-open-letter-from-doctors-and-scientists-to-the-european-medicines-agency-regarding-covid-19-vaccine-safety-concerns\/\" target=\"_blank\" rel=\"noreferrer noopener\">Doctors for Covid Ethics - Press Release Urgent open letter to EMA from doctors &amp; scientists regarding vaccine safety concerns<\/a><br><em>Temps de lecture: 5-6 minutes.<\/em><\/p>\n\n\n\n<hr class=\"wp-block-separator has-css-opacity is-style-dots\" \/>\n\n\n\n<blockquote class=\"wp-block-quote is-layout-flow wp-block-quote-is-layout-flow\"><p><em>A group of scientists and doctors has today issued an open letter calling on the European Medicines Agency (EMA) to answer urgent safety questions regarding COVID-19 vaccines, or withdraw the vaccines\u2019 authorisation.<\/em><br>---<br><em>Un groupe de scientifiques et de m\u00e9decins a publi\u00e9 aujourd'hui une lettre ouverte demandant \u00e0 l'Agence europ\u00e9enne des m\u00e9dicaments (AEM) de r\u00e9pondre aux questions urgentes concernant la s\u00e9curit\u00e9 des vaccins COVID-19, ou de retirer l'autorisation de ces vaccins.<\/em><\/p><cite>Doctors for Covid Ethics<\/cite><\/blockquote>\n\n\n\n<blockquote class=\"wp-block-quote is-layout-flow wp-block-quote-is-layout-flow\"><p><em><em>It states: \u201c[...] there are serious concerns, [...] that the approval of the COVID-19 vaccines by the EMA was premature and reckless, and that the administration of the vaccines constituted and still does constitute \u2018human experimentation\u2019, which was and still is in violation of the Nuremberg Code.\u201d<\/em><\/em><br>---<br><em>Elle d\u00e9clare : \"[\u2026] il existe de s\u00e9rieuses pr\u00e9occupations, [\u2026] que l'approbation des vaccins COVID-19 par l'AEM \u00e9tait pr\u00e9matur\u00e9e et imprudente, et que l'administration des vaccins constituait et constitue toujours une 'exp\u00e9rimentation humaine', ce qui \u00e9tait et est toujours en violation du Code de Nuremberg.\"<\/em><\/p><cite>Doctors for Covid Ethics<\/cite><\/blockquote>\n\n\n\n<blockquote class=\"wp-block-quote is-layout-flow wp-block-quote-is-layout-flow\"><p><em><em><em>\u201cUnder Resolution 2361, member states must also inform citizens that vaccination is NOT mandatory and ensure that no one is politically, socially, or otherwise pressured to become vaccinated. States are further required to ensure that no one is discriminated against for not receiving the vaccine.\u201d<\/em><\/em><\/em><br>---<br><em>\"En vertu de la r\u00e9solution 2361, les \u00c9tats membres doivent \u00e9galement informer les citoyens que la vaccination n'est PAS obligatoire et veiller \u00e0 ce que personne ne soit soumis \u00e0 des pressions politiques, sociales ou autres pour se faire vacciner. Les \u00c9tats sont en outre tenus de veiller \u00e0 ce que personne ne soit victime de discrimination pour ne pas avoir re\u00e7u le vaccin.\"<\/em><\/p><cite>Doctors for Covid Ethics<\/cite><\/blockquote>\n\n\n\n<hr class=\"wp-block-separator has-css-opacity is-style-dots\" \/>\n\n\n\n<blockquote class=\"wp-block-quote is-layout-flow wp-block-quote-is-layout-flow\"><p><em><em><em>In view of the urgency of the situation, we request that you reply to this email within seven days and address all our concerns substantively. Should you choose not to comply with this reasonable request, we will make this letter public.<\/em><\/em><\/em><br>---<br><em>Compte tenu de l'urgence de la situation, nous vous demandons de r\u00e9pondre \u00e0 ce courriel dans un d\u00e9lai de sept jours et de r\u00e9pondre \u00e0 toutes nos pr\u00e9occupations sur le fond. Si vous choisissez de ne pas vous conformer \u00e0 cette demande raisonnable, nous rendrons cette lettre publique.<\/em><\/p><cite>Doctors for Covid Ethics<\/cite><\/blockquote>\n","protected":false},"excerpt":{"rendered":"<p>Un groupe de m\u00e9decins et de scientifiques ont adress\u00e9 une lettre \u00e0 l'Agence europ\u00e9enne des m\u00e9dicaments, le 28 f\u00e9vrier 2021, pour demander des r\u00e9ponses concr\u00e8tes faces aux effets secondaires nombreux des vaccins covid.En l'absence de r\u00e9ponse, le courrier a \u00e9t\u00e9 rendu public.<\/p>\n","protected":false},"author":2,"featured_media":0,"comment_status":"open","ping_status":"open","sticky":false,"template":"","format":"standard","meta":{"footnotes":""},"categories":[2,3,77,20,19],"tags":[31],"class_list":["post-1193","post","type-post","status-publish","format-standard","hentry","category-actualite","category-alerte","category-covid19","category-danger-vaccin","category-vaccin","tag-vaccin"],"_links":{"self":[{"href":"https:\/\/crudelis.fr\/site\/covid1984\/wp-json\/wp\/v2\/posts\/1193","targetHints":{"allow":["GET"]}}],"collection":[{"href":"https:\/\/crudelis.fr\/site\/covid1984\/wp-json\/wp\/v2\/posts"}],"about":[{"href":"https:\/\/crudelis.fr\/site\/covid1984\/wp-json\/wp\/v2\/types\/post"}],"author":[{"embeddable":true,"href":"https:\/\/crudelis.fr\/site\/covid1984\/wp-json\/wp\/v2\/users\/2"}],"replies":[{"embeddable":true,"href":"https:\/\/crudelis.fr\/site\/covid1984\/wp-json\/wp\/v2\/comments?post=1193"}],"version-history":[{"count":1,"href":"https:\/\/crudelis.fr\/site\/covid1984\/wp-json\/wp\/v2\/posts\/1193\/revisions"}],"predecessor-version":[{"id":2226,"href":"https:\/\/crudelis.fr\/site\/covid1984\/wp-json\/wp\/v2\/posts\/1193\/revisions\/2226"}],"wp:attachment":[{"href":"https:\/\/crudelis.fr\/site\/covid1984\/wp-json\/wp\/v2\/media?parent=1193"}],"wp:term":[{"taxonomy":"category","embeddable":true,"href":"https:\/\/crudelis.fr\/site\/covid1984\/wp-json\/wp\/v2\/categories?post=1193"},{"taxonomy":"post_tag","embeddable":true,"href":"https:\/\/crudelis.fr\/site\/covid1984\/wp-json\/wp\/v2\/tags?post=1193"}],"curies":[{"name":"wp","href":"https:\/\/api.w.org\/{rel}","templated":true}]}}