{"id":1209,"date":"2021-03-18T13:15:24","date_gmt":"2021-03-18T13:15:24","guid":{"rendered":"https:\/\/covid1984.nohost.me\/blog\/?p=1209"},"modified":"2022-08-20T11:07:22","modified_gmt":"2022-08-20T11:07:22","slug":"la-derive-de-la-dictature-sanitaire-deja-en-marche-en-israel","status":"publish","type":"post","link":"https:\/\/crudelis.fr\/site\/covid1984\/2021\/03\/18\/la-derive-de-la-dictature-sanitaire-deja-en-marche-en-israel\/","title":{"rendered":"La d\u00e9rive de la dictature sanitaire d\u00e9j\u00e0 en marche en Isra\u00ebl"},"content":{"rendered":"\n<p>Un aper\u00e7u gla\u00e7ant de ce qui se pr\u00e9pare en Europe avec le passeport vaccinal et le pass sanitaire, d\u00e9j\u00e0 en place en Isra\u00ebl.<br>La dictature \"sanitaire\" s'installe et la vie de chacun est broy\u00e9e.<\/p>\n\n\n\n<p>Un t\u00e9moignage \u00e0 voir absolument !<\/p>\n\n\n\n<!--more-->\n\n\n\n<div class=\"wp-block-group\"><div class=\"wp-block-group__inner-container is-layout-flow wp-block-group-is-layout-flow\">\n<p><a href=\"https:\/\/cv19.fr\/2021\/03\/17\/la-nouvelle-hierarchie-sociale-israelienne\/\" data-type=\"URL\" data-id=\"https:\/\/cv19.fr\/2021\/03\/17\/la-nouvelle-hierarchie-sociale-israelienne\/\" target=\"_blank\" rel=\"noreferrer noopener\">Recherches Covid19 - La nouvelle hi\u00e9rarchie sociale Isra\u00e9lienne<\/a><br><em>25 minutes.<\/em><\/p>\n\n\n\n<hr class=\"wp-block-separator is-style-dots\" \/>\n\n\n\n<blockquote class=\"wp-block-quote is-layout-flow wp-block-quote-is-layout-flow\"><p><em>C'est une tr\u00e8s mauvaise situation ici. Ils obligent les gens \u00e0 porter un bracelet \u00e0 la cheville.<\/em><\/p><cite>Ilana Rachel<\/cite><\/blockquote>\n\n\n\n<blockquote class=\"wp-block-quote is-layout-flow wp-block-quote-is-layout-flow\"><p><em><em>[...] nous avons besoin de l'aide de <\/em>tout le monde, car quoi qu'il arrive ici, cela arrivera partout.<\/em><\/p><cite>Ilana Rachel<\/cite><\/blockquote>\n\n\n\n<blockquote class=\"wp-block-quote is-layout-flow wp-block-quote-is-layout-flow\"><p><em><em><em>Ils disent que ce n'est pas une obligation et que \u00e7a n'est pas forc\u00e9, mais la r\u00e9alit\u00e9 sur le terrain est que les gens perdent leur emploi, [\u2026]. Il existe de nombreux endroits diff\u00e9rents o\u00f9 les gens doivent \u00eatre vaccin\u00e9 ou sont exclus.<\/em><\/em><\/em><\/p><cite>Ilana Rachel<\/cite><\/blockquote>\n\n\n\n<blockquote class=\"wp-block-quote is-layout-flow wp-block-quote-is-layout-flow\"><p><em>Ce qu'ils ont fait, c'est qu'ils ont essentiellement cr\u00e9\u00e9, du jour au lendemain une citoyennet\u00e9 de seconde zone. Un v\u00e9ritable apartheid m\u00e9dical qui emp\u00eache les citoyens sains et respectueux des lois de p\u00e9n\u00e9trer dans leur lieux de culture s'ils ne participent pas \u00e0 cette exp\u00e9rimentation. [...] Des gens ont \u00e9t\u00e9 expuls\u00e9s de leurs choeurs, de leurs piscines, de leur salles de sports. Comme je l'ai dit, il y a une pression sociale incroyable [...]<\/em><\/p><cite>Ilana Rachel<\/cite><\/blockquote>\n\n\n\n<blockquote class=\"wp-block-quote is-layout-flow wp-block-quote-is-layout-flow\"><p><em>Ceux qui ont re\u00e7u le vaccin ou qui se sont remis du vaccin vont \u00e0 gauche. Ceux qui ne l'ont pas fait, vont de l'autre c\u00f4t\u00e9 et sont contraints \u00e0 ces h\u00f4tels miteux de P\u00e9tri (<\/em>ndlr: traduction hasardeuse...<em>) o\u00f9 ils doivent rester assis et passer un test PCR. Mais il y a aussi apparemment, pour certains, l'option de porter un v\u00e9ritable bracelet de s\u00e9curit\u00e9 \u00e0 la cheville, comme s'ils \u00e9taient prisonnier dans leur propre maison.<\/em><\/p><cite>Ilana Rachel<\/cite><\/blockquote>\n<\/div><\/div>\n\n\n\n<blockquote class=\"wp-block-quote is-layout-flow wp-block-quote-is-layout-flow\"><p><em>Ce n'est pas un secret. Il y a un contrat. Il existe un r\u00e9el contrat, physique, entre Pzizer et notre gouvernement. Nous n'avons vu qu'une version expurg\u00e9e. Ce que nous savons c'est qu'il existe une clause p\u00e9nale. Ils doivent, et en ce moment m\u00eame le gouvernement d'Isra\u00ebl agit de mani\u00e8re incroyablement d\u00e9sesp\u00e9r\u00e9e. Parce qu'ils ont une sorte de quota de personnes qu'ils doivent vacciner.<br>Je ne sais pas ce que cette clause p\u00e9nale entra\u00eene. De toute \u00e9vidence, cela doit \u00eatre quelque chose de plus terrible que de risquer la sant\u00e9 des g\u00e9n\u00e9rations \u00e0 venir de toute votre peuple, mais nous savons que \u00e7a existe, et nous savons qu'ils sont dans une situation o\u00f9 ils ressentent beaucoup de pression.<\/em><\/p><cite>Ilana Rachel<\/cite><\/blockquote>\n\n\n\n<blockquote class=\"wp-block-quote is-layout-flow wp-block-quote-is-layout-flow\"><p><em>Mais il y a tellement de gens qui ont encore confiance en notre gouvernement et qui font semblant de croire que tout cela pourrait encore concerner un virus.<br>Vous savez, nous sommes bouillis vivant dans ce pot et pr\u00e9tendant que ce n'est pas si chaud.<\/em><\/p><cite>Ilana Rachel<\/cite><\/blockquote>\n\n\n\n<p>Il serait ais\u00e9 de lui coller une \u00e9tiquette \"complotiste\" et de ne pas prendre en consid\u00e9ration ce t\u00e9moignage, cette alerte sur la r\u00e9alit\u00e9 qui se profile aussi en Europe.<\/p>\n\n\n\n<p>Mais les faits sont l\u00e0, et ne les faits ne sont pas discutables !<\/p>\n\n\n\n<p><a rel=\"noreferrer noopener\" href=\"https:\/\/www.lefigaro.fr\/conjoncture\/covid-19-israel-rouvre-son-economie-apres-trois-confinements-20210316\" data-type=\"URL\" data-id=\"https:\/\/www.lefigaro.fr\/conjoncture\/covid-19-israel-rouvre-son-economie-apres-trois-confinements-20210316\" target=\"_blank\">Le Figaro - Covid-19: Isra\u00ebl rouvre son \u00e9conomie apr\u00e8s trois confinements<\/a><br><em>Temps de lecture: 2-3 minutes.<\/em><\/p>\n\n\n\n<blockquote class=\"wp-block-quote is-layout-flow wp-block-quote-is-layout-flow\"><p><em><em><em>Les b\u00e9n\u00e9ficiaires de sa campagne de vaccination se voient accorder un \u00abpasseport vert\u00bb. Le document permet de mener une vie quotidienne proche de celle du monde d\u2019avant. Il donne acc\u00e8s aux salles des restaurants, aux mus\u00e9es, aux spectacles, aux gymnases.<\/em><\/em><\/em><\/p><cite>Le Figaro<\/cite><\/blockquote>\n\n\n\n<figure class=\"wp-block-table\"><table class=\"has-subtle-pale-pink-background-color has-background\"><tbody><tr><td><em>Pour les articles qui ne sont pas en fran\u00e7ais, vous pouvez utiliser <a rel=\"noreferrer noopener\" href=\"https:\/\/www.deepl.com\/translator\" target=\"_blank\">DeepL<\/a> pour traduire le texte en fran\u00e7ais.<\/em><\/td><\/tr><\/tbody><\/table><\/figure>\n\n\n\n<p><a rel=\"noreferrer noopener\" href=\"https:\/\/www.jpost.com\/breaking-news\/edelstein-over-4-million-eligible-for-green-passport-662259\" data-type=\"URL\" data-id=\"https:\/\/www.jpost.com\/breaking-news\/edelstein-over-4-million-eligible-for-green-passport-662259\" target=\"_blank\">The Jerusalem Post - Coronavirus: Knesset okays electronic bracelet for returnees from abroad<\/a><br><em>Temps de lecture: 5-6 minutes.<\/em><\/p>\n\n\n\n<blockquote class=\"wp-block-quote is-layout-flow wp-block-quote-is-layout-flow\"><p><em><em><em>All Israelis returning from abroad can be required to wear an electronic bracelet to ensure that they isolate at home, or be quarantined in a hotel<\/em><\/em><\/em><br>---<br><em>Tous les Isra\u00e9liens qui reviennent de l'\u00e9tranger peuvent \u00eatre oblig\u00e9s de porter un bracelet \u00e9lectronique pour s'assurer qu'ils s'isolent chez eux, ou \u00eatre mis en quarantaine dans un h\u00f4tel.<\/em><\/p><cite>The Jerusalem Post<\/cite><\/blockquote>\n\n\n\n<blockquote class=\"wp-block-quote is-layout-flow wp-block-quote-is-layout-flow\"><p><em><em><em>All those currently entering the country are required to isolate, unless they present a&nbsp;vaccination&nbsp;or a recovery certificate issued by the Israeli Health Ministry.<\/em><\/em><\/em><br>---<br><em>Toutes les personnes qui entrent actuellement dans le pays sont tenues de s'isoler, \u00e0 moins de pr\u00e9senter une vaccination ou un certificat de gu\u00e9rison d\u00e9livr\u00e9 par le minist\u00e8re isra\u00e9lien de la Sant\u00e9.<\/em><\/p><cite>The Jerusalem Post<\/cite><\/blockquote>\n\n\n\n<p><a rel=\"noreferrer noopener\" href=\"https:\/\/www.marianne.net\/monde\/proche-orient\/israel-des-salaries-pas-vaccines-menaces-de-licenciement\" data-type=\"URL\" data-id=\"https:\/\/www.marianne.net\/monde\/proche-orient\/israel-des-salaries-pas-vaccines-menaces-de-licenciement\" target=\"_blank\">Marianne - Isra\u00ebl\u2009: des salari\u00e9s pas vaccin\u00e9s menac\u00e9s de licenciement<\/a><br><em>Temps de lecture: 3-4 minutes.<\/em><\/p>\n\n\n\n<blockquote class=\"wp-block-quote is-layout-flow wp-block-quote-is-layout-flow\"><p><em><em><em>Le ministre de la Sant\u00e9 Youli Edelstein est favorable \u00e0 cette politique d\u2019exclusion. Il a annonc\u00e9 qu\u2019il mettait la derni\u00e8re main \u00e0 un projet de loi qui devrait permettre de filtrer les anti-vaccins en leur imposant des s\u00e9rieuses contraintes sanitaires sur leurs lieux de travail, dans un pays o\u00f9 plus la moiti\u00e9 de la population a accept\u00e9 de jouer le jeu en recevant la piq\u00fbre.<\/em><\/em><\/em><\/p><cite>Marianne<\/cite><\/blockquote>\n\n\n\n<p><a rel=\"noreferrer noopener\" href=\"https:\/\/www.sudouest.fr\/sante\/covid-19-personnes-gueries-test-negatif-qui-pourra-pretendre-au-passeport-vert-envisage-par-l-ue-1681187.php\" data-type=\"URL\" data-id=\"https:\/\/www.sudouest.fr\/sante\/covid-19-personnes-gueries-test-negatif-qui-pourra-pretendre-au-passeport-vert-envisage-par-l-ue-1681187.php\" target=\"_blank\">SudOuest - Covid-19&nbsp;: personnes gu\u00e9ries, test n\u00e9gatif\u2026 Qui pourra pr\u00e9tendre au \u00ab&nbsp;passeport vert&nbsp;\u00bb envisag\u00e9 par l\u2019UE\u202f?<\/a><br><em>Temps de lecture: 4-5 minutes.<\/em><\/p>\n\n\n\n<blockquote class=\"wp-block-quote is-layout-flow wp-block-quote-is-layout-flow\"><p><em><em><em>Le sujet est sensible mais il s\u2019impose comme une \u00e9vidence. Pour retrouver un semblant de vie normale, il faudra vraisemblablement, dans les prochains mois, montrer patte blanche&nbsp;: en clair, prouver qu\u2019on n\u2019est pas contamin\u00e9 par le Covid-19. En Europe, cela prendra la forme d\u2019un \u00ab&nbsp;passeport vert&nbsp;\u00bb.<\/em><\/em><\/em><\/p><cite>Sud Ouest<\/cite><\/blockquote>\n\n\n\n<p><a rel=\"noreferrer noopener\" href=\"https:\/\/www.youtube.com\/watch?v=fCclJghk7Vs\" data-type=\"URL\" data-id=\"https:\/\/www.youtube.com\/watch?v=fCclJghk7Vs\" target=\"_blank\">France24 - Les laiss\u00e9s-pour-compte ? Alors qu'Isra\u00ebl rouvre ses portes, qu'en est-il de ceux qui refusent les vaccins ?<\/a><br><em>3 minutes.<\/em><\/p>\n","protected":false},"excerpt":{"rendered":"<p>Un aper\u00e7u gla\u00e7ant de ce qui se pr\u00e9pare en Europe avec le passeport vaccinal et le pass sanitaire, d\u00e9j\u00e0 en place en Isra\u00ebl.La dictature \"sanitaire\" s'installe et la vie de chacun est broy\u00e9e. Un t\u00e9moignage \u00e0 voir absolument !<\/p>\n","protected":false},"author":2,"featured_media":0,"comment_status":"open","ping_status":"open","sticky":false,"template":"","format":"standard","meta":{"footnotes":""},"categories":[3,77,6,9,19],"tags":[31],"class_list":["post-1209","post","type-post","status-publish","format-standard","hentry","category-alerte","category-covid19","category-democratie","category-interview","category-vaccin","tag-vaccin"],"_links":{"self":[{"href":"https:\/\/crudelis.fr\/site\/covid1984\/wp-json\/wp\/v2\/posts\/1209","targetHints":{"allow":["GET"]}}],"collection":[{"href":"https:\/\/crudelis.fr\/site\/covid1984\/wp-json\/wp\/v2\/posts"}],"about":[{"href":"https:\/\/crudelis.fr\/site\/covid1984\/wp-json\/wp\/v2\/types\/post"}],"author":[{"embeddable":true,"href":"https:\/\/crudelis.fr\/site\/covid1984\/wp-json\/wp\/v2\/users\/2"}],"replies":[{"embeddable":true,"href":"https:\/\/crudelis.fr\/site\/covid1984\/wp-json\/wp\/v2\/comments?post=1209"}],"version-history":[{"count":1,"href":"https:\/\/crudelis.fr\/site\/covid1984\/wp-json\/wp\/v2\/posts\/1209\/revisions"}],"predecessor-version":[{"id":2221,"href":"https:\/\/crudelis.fr\/site\/covid1984\/wp-json\/wp\/v2\/posts\/1209\/revisions\/2221"}],"wp:attachment":[{"href":"https:\/\/crudelis.fr\/site\/covid1984\/wp-json\/wp\/v2\/media?parent=1209"}],"wp:term":[{"taxonomy":"category","embeddable":true,"href":"https:\/\/crudelis.fr\/site\/covid1984\/wp-json\/wp\/v2\/categories?post=1209"},{"taxonomy":"post_tag","embeddable":true,"href":"https:\/\/crudelis.fr\/site\/covid1984\/wp-json\/wp\/v2\/tags?post=1209"}],"curies":[{"name":"wp","href":"https:\/\/api.w.org\/{rel}","templated":true}]}}