{"id":1220,"date":"2021-03-19T11:50:14","date_gmt":"2021-03-19T11:50:14","guid":{"rendered":"https:\/\/covid1984.nohost.me\/blog\/?p=1220"},"modified":"2022-08-20T11:07:06","modified_gmt":"2022-08-20T11:07:06","slug":"resistance-contre-la-corruption-le-mensonge-et-la-trahison","status":"publish","type":"post","link":"https:\/\/crudelis.fr\/site\/covid1984\/2021\/03\/19\/resistance-contre-la-corruption-le-mensonge-et-la-trahison\/","title":{"rendered":"R\u00e9sistance ! Contre la corruption, le mensonge et la trahison"},"content":{"rendered":"\n<p>Un constat accablant de la situation actuelle et un appel \u00e0 la r\u00e9sistance de tous pour mettre un terme au \"scandale international du Covid-19\".<\/p>\n\n\n\n<p>Ni la \"vaccination\", ni les saisons ne mettront un terme \u00e0 cette crise, seule la r\u00e9volte du peuple pourra y mettre un terme. Ce n'est pas une crise sanitaire, c'est une crise sociale et politique, une guerre de l'oligarchie contre le peuple.<\/p>\n\n\n\n<!--more-->\n\n\n\n<p><a rel=\"noreferrer noopener\" href=\"https:\/\/www.francesoir.fr\/opinions-tribunes\/resistance-contre-la-corruption-le-mensonge-et-la-trahison\" data-type=\"URL\" data-id=\"https:\/\/www.francesoir.fr\/opinions-tribunes\/resistance-contre-la-corruption-le-mensonge-et-la-trahison\" target=\"_blank\">FranceSoir - R\u00e9sistance ! Contre la corruption, le mensonge et la trahison<\/a><br><em>Temps de lecture: 26-33 minutes.<\/em><\/p>\n\n\n\n<p><a rel=\"noreferrer noopener\" href=\"https:\/\/rumble.com\/vei3h5-appel-a-la-resistance-civile-et-au-reveil-des-consciences.html\" data-type=\"URL\" data-id=\"https:\/\/rumble.com\/vei3h5-appel-a-la-resistance-civile-et-au-reveil-des-consciences.html\" target=\"_blank\">Rumble - APPEL A LA RESISTANCE CIVILE ET AU REVEIL DES CONSCIENCES<\/a><br><em>14 minutes.<\/em><\/p>\n\n\n\n<hr class=\"wp-block-separator is-style-dots\" \/>\n\n\n\n<blockquote class=\"wp-block-quote is-layout-flow wp-block-quote-is-layout-flow\"><p><em>Une classe dirigeante d\u00e9voy\u00e9e et pervertie, ivre de morgue, m\u00e9prisant le peuple et retourn\u00e9e non seulement contre lui, mais aussi contre la Nation et contre le Pays lui-m\u00eame : tel est le lamentable spectacle auquel assistent depuis des lustres les Fran\u00e7ais, divis\u00e9s et impuissants, indign\u00e9s mais r\u00e9sign\u00e9s, manipul\u00e9s surtout.<\/em><\/p><cite>Alexandre Gerbi, pour FranceSoir<\/cite><\/blockquote>\n\n\n\n<blockquote class=\"wp-block-quote is-layout-flow wp-block-quote-is-layout-flow\"><p><em><em>Au del\u00e0 des ind\u00e9crottables dupes qui excluent, contre toute \u00e9vidence, qu\u2019un chef puisse vouloir le malheur de son pays et de son peuple, un nombre croissant de Fran\u00e7ais ont aujourd\u2019hui compris que la corruption, devenue cyclop\u00e9enne, gangr\u00e8ne nos gouvernements. Et les conduit aux pires trahisons.<\/em><\/em><\/p><cite>Alexandre Gerbi, pour FranceSoir<\/cite><\/blockquote>\n\n\n\n<blockquote class=\"wp-block-quote is-layout-flow wp-block-quote-is-layout-flow\"><p><em><em><em>\u00e0 partir d\u2019un pr\u00e9texte sanitaire fabriqu\u00e9 de toutes pi\u00e8ces, le Covid-19 et son taux de l\u00e9talit\u00e9 plafonnant \u00e0 0,1 % (et quasi nul chez les moins 50 ans), l\u2019absurde confinement, en ses d\u00e9vastations, auront facilit\u00e9 le grand basculement : l\u2019\u00c9tat ruin\u00e9, la S\u00e9curit\u00e9 sociale en faillite, l\u2019\u00e9conomie \u00e0 genoux seront l\u2019argument r\u00eav\u00e9 et imparable, en 2021 ou 2022, pour convaincre les Fran\u00e7ais de la n\u00e9cessit\u00e9 de la sombre et gigantesque mutation ultralib\u00e9rale.<\/em><\/em><\/em><\/p><cite>Alexandre Gerbi, pour FranceSoir<\/cite><\/blockquote>\n\n\n\n<blockquote class=\"wp-block-quote is-layout-flow wp-block-quote-is-layout-flow\"><p><em><em><em>la classe dirigeante et la corporation journalistique, ces deux piliers de l\u2019escroquerie du Covid-19 et du confinement g\u00e9n\u00e9ral en ses m\u00e9tamorphoses. La probit\u00e9 de la premi\u00e8re et l\u2019ind\u00e9pendance de la seconde doivent \u00eatre restaur\u00e9es et m\u00eame refond\u00e9es. Sans quoi la trahison et la manipulation recommenceront d\u00e8s demain. Et sans aucun doute s\u2019amplifieront encore. Pour nos plus grands malheurs.<\/em><\/em><\/em><\/p><cite>Alexandre Gerbi, pour FranceSoir<\/cite><\/blockquote>\n\n\n\n<blockquote class=\"wp-block-quote is-layout-flow wp-block-quote-is-layout-flow\"><p><em><em><em>Aujourd\u2019hui encore, cette apathie des Fran\u00e7ais (comme celle de bien d\u2019autres peuples, notamment en Europe) est l\u2019une des grandes cause de la situation dramatique que nous connaissons. Observons d\u2019ailleurs que chaque fois que le peuple a grond\u00e9, Macron a fini par reculer.<\/em><\/em><\/em><\/p><cite>Alexandre Gerbi, pour FranceSoir<\/cite><\/blockquote>\n\n\n\n<blockquote class=\"wp-block-quote is-layout-flow wp-block-quote-is-layout-flow\"><p><em>Alors que Macron fabrique les pr\u00e9textes et, sous couvert de lutter contre l\u2019\u00e9pid\u00e9mie, met en r\u00e9alit\u00e9 tout en \u0153uvre, en paroles ou en actes, pour en assurer la poursuite, il se trouve encore une masse de citoyens, non n\u00e9cessairement stupides par ailleurs, pour esp\u00e9rer que si le Covid-19 disparaissait, tout rentrerait dans l'ordre. Il semble leur \u00e9chapper que la psychose ne reposant sur rien qui puisse s\u00e9rieusement la justifier, cette pseudo \u00ab\u00a0peste\u00a0\u00bb ne cessera pas.<\/em><\/p><cite>Alexandre Gerbi, pour FranceSoir<\/cite><\/blockquote>\n","protected":false},"excerpt":{"rendered":"<p>Un constat accablant de la situation actuelle et un appel \u00e0 la r\u00e9sistance de tous pour mettre un terme au \"scandale international du Covid-19\". Ni la \"vaccination\", ni les saisons ne mettront un terme \u00e0 cette crise, seule la r\u00e9volte du peuple pourra y mettre un terme. Ce n'est pas une crise sanitaire, c'est une crise sociale et politique, une guerre de l'oligarchie contre le peuple.<\/p>\n","protected":false},"author":2,"featured_media":0,"comment_status":"open","ping_status":"open","sticky":false,"template":"","format":"standard","meta":{"footnotes":""},"categories":[3,77,6,13,14,17],"tags":[26,28,32],"class_list":["post-1220","post","type-post","status-publish","format-standard","hentry","category-alerte","category-covid19","category-democratie","category-opinion","category-pourquoi","category-ressources","tag-opinion","tag-relativiser","tag-video"],"_links":{"self":[{"href":"https:\/\/crudelis.fr\/site\/covid1984\/wp-json\/wp\/v2\/posts\/1220","targetHints":{"allow":["GET"]}}],"collection":[{"href":"https:\/\/crudelis.fr\/site\/covid1984\/wp-json\/wp\/v2\/posts"}],"about":[{"href":"https:\/\/crudelis.fr\/site\/covid1984\/wp-json\/wp\/v2\/types\/post"}],"author":[{"embeddable":true,"href":"https:\/\/crudelis.fr\/site\/covid1984\/wp-json\/wp\/v2\/users\/2"}],"replies":[{"embeddable":true,"href":"https:\/\/crudelis.fr\/site\/covid1984\/wp-json\/wp\/v2\/comments?post=1220"}],"version-history":[{"count":1,"href":"https:\/\/crudelis.fr\/site\/covid1984\/wp-json\/wp\/v2\/posts\/1220\/revisions"}],"predecessor-version":[{"id":2220,"href":"https:\/\/crudelis.fr\/site\/covid1984\/wp-json\/wp\/v2\/posts\/1220\/revisions\/2220"}],"wp:attachment":[{"href":"https:\/\/crudelis.fr\/site\/covid1984\/wp-json\/wp\/v2\/media?parent=1220"}],"wp:term":[{"taxonomy":"category","embeddable":true,"href":"https:\/\/crudelis.fr\/site\/covid1984\/wp-json\/wp\/v2\/categories?post=1220"},{"taxonomy":"post_tag","embeddable":true,"href":"https:\/\/crudelis.fr\/site\/covid1984\/wp-json\/wp\/v2\/tags?post=1220"}],"curies":[{"name":"wp","href":"https:\/\/api.w.org\/{rel}","templated":true}]}}