{"id":1247,"date":"2021-03-29T11:36:36","date_gmt":"2021-03-29T11:36:36","guid":{"rendered":"https:\/\/covid1984.nohost.me\/blog\/?p=1247"},"modified":"2022-09-09T08:52:18","modified_gmt":"2022-09-09T08:52:18","slug":"le-controle-mental-par-le-psychiatre-frederic-badel","status":"publish","type":"post","link":"https:\/\/crudelis.fr\/site\/covid1984\/2021\/03\/29\/le-controle-mental-par-le-psychiatre-frederic-badel\/","title":{"rendered":"\u00ab Le contr\u00f4le mental \u00bb, par le psychiatre Fr\u00e9d\u00e9ric Badel"},"content":{"rendered":"\n<p>Une explication, abordable, de la fabrique du consentement employ\u00e9e par le gouvernement pour faire adh\u00e9rer la population au narratif officiel d'une crise sanitaire grave.<\/p>\n\n\n\n<!--more-->\n\n\n\n<figure class=\"wp-block-table\"><table class=\"has-subtle-light-gray-background-color has-background\"><tbody><tr><td class=\"has-text-align-center\" data-align=\"center\"><strong><strong>OPINION<\/strong><br><br>Cet article exprime l'opinion personnelle de son auteur.<\/strong><\/td><\/tr><\/tbody><\/table><\/figure>\n\n\n\n<p><a rel=\"noreferrer noopener\" href=\"https:\/\/web.archive.org\/web\/20210615013608\/https:\/\/www.nexus.fr\/actualite\/analyse\/controle-mental\/\" data-type=\"URL\" data-id=\"https:\/\/web.archive.org\/web\/20210615013608\/https:\/\/www.nexus.fr\/actualite\/analyse\/controle-mental\/\" target=\"_blank\">Nexus - \u00ab Le contr\u00f4le mental \u00bb, par le psychiatre Fr\u00e9d\u00e9ric Badel<\/a><br><em>Temps de lecture: 14-18 minutes<em>.<\/em><\/em> (<a href=\"https:\/\/crudelis.fr\/site\/covid1984\/wp-content\/uploads\/sites\/8\/2022\/09\/Le-controle-mental-par-le-psychiatre-Frederic-Badel-\u2013-Nexus.pdf\" data-type=\"URL\" data-id=\"https:\/\/crudelis.fr\/site\/covid1984\/wp-content\/uploads\/sites\/8\/2022\/09\/Le-controle-mental-par-le-psychiatre-Frederic-Badel-\u2013-Nexus.pdf\">T\u00e9l\u00e9charger l'article original en pdf<\/a>)<\/p>\n\n\n\n<hr class=\"wp-block-separator has-css-opacity is-style-dots\"\/>\n\n\n\n<blockquote class=\"wp-block-quote is-layout-flow wp-block-quote-is-layout-flow\"><p><em><em>La r\u00e9p\u00e9tition d\u2019informations identiques<\/em> aupr\u00e8s de populations en \u00e9tat semi hypnotique permet de mieux ancrer ces informations dans le cerveau. La population recevant les m\u00eames informations acquiert un mode de pens\u00e9e unique qui cr\u00e9e une pression sociale, peer pressure, un m\u00e9canisme d\u2019auto-r\u00e9gulation du peuple par lui-m\u00eame.<\/em><\/p><cite>Fr\u00e9d\u00e9ric BADEL<\/cite><\/blockquote>\n\n\n\n<blockquote class=\"wp-block-quote is-layout-flow wp-block-quote-is-layout-flow\"><p><em><em>Le matraquage m\u00e9diatique t\u00e9l\u00e9visuel utilise certaines strat\u00e9gies visant \u00e0 favoriser la modification des croyances.<\/em><\/em><\/p><cite>Fr\u00e9d\u00e9ric BADEL<\/cite><\/blockquote>\n\n\n\n<blockquote class=\"wp-block-quote is-layout-flow wp-block-quote-is-layout-flow\"><p><em><em><em>Les chocs successifs ont \u00e9t\u00e9 accompagn\u00e9s d\u2019une strat\u00e9gie visant \u00e0 faire croire que les sacrifices \u00e9taient douloureux mais n\u00e9cessaires et que tout irait mieux demain. Cette strat\u00e9gie a permis d\u2019amplifier la coh\u00e9sion sociale autour du narratif officiel.<\/em><\/em><\/em><\/p><cite>Fr\u00e9d\u00e9ric BADEL<\/cite><\/blockquote>\n\n\n\n<blockquote class=\"wp-block-quote is-layout-flow wp-block-quote-is-layout-flow\"><p><em><em><em>Les techniques utilis\u00e9es, une fois la peur instill\u00e9e pour obtenir le chaos, consistent \u00e0 fausser volontairement la r\u00e9flexion en l\u2019orientant de fa\u00e7on d\u00e9lib\u00e9r\u00e9e vers de nouveaux concepts ou un nouveau langage.<\/em><\/em><\/em><br><em>Dans un temps ult\u00e9rieur, un sauveur pourra proposer un ordre nouveau pour r\u00e9soudre la crise.<\/em><\/p><cite>Fr\u00e9d\u00e9ric BADEL<\/cite><\/blockquote>\n\n\n\n<blockquote class=\"wp-block-quote is-layout-flow wp-block-quote-is-layout-flow\"><p><em><em><em>le public non averti a pens\u00e9 que nous n\u2019avions pas, jusqu\u2019\u00e0 pr\u00e9sent, \u00e0 vivre avec les virus de fa\u00e7on durable, que ceux-ci disparaissaient apr\u00e8s les \u00e9pid\u00e9mies, et qu\u2019il ne nous restait donc plus comme espoir que la vaccination pour nous en d\u00e9barrasser<\/em><\/em><\/em><\/p><cite>Fr\u00e9d\u00e9ric BADEL<\/cite><\/blockquote>\n\n\n\n<blockquote class=\"wp-block-quote is-layout-flow wp-block-quote-is-layout-flow\"><p><em><em><em>Coupl\u00e9e \u00e0 la menace de p\u00e9rennisation des restrictions de d\u00e9placement auxquelles la vaccination pourraient mettre un terme, beaucoup pensent \u00e0 se vacciner, permettant sans le savoir qu\u2019une telle mesure soit mise en place. En effet, sans vaccination massive, le passeport sanitaire ou un \u00e9quivalent serait impossible. On se situe clairement ici dans la fabrique du consentement.<\/em><\/em><\/em><\/p><cite>Fr\u00e9d\u00e9ric BADEL<\/cite><\/blockquote>\n\n\n\n<blockquote class=\"wp-block-quote is-layout-flow wp-block-quote-is-layout-flow\"><p><em><em><em>Les chocs successifs permettent d\u2019an\u00e9antir la capacit\u00e9 de r\u00e9flexion des masses et de les sid\u00e9rer, d\u2019effacer tous les rep\u00e8res ant\u00e9rieurs. Sur ce fond de turbulence, de d\u00e9sorganisation, il est possible de greffer n\u2019importe quel programme visant \u00e0 r\u00e9soudre le chaos et \u00e0 proposer\/ organiser\/ imposer le retour au calme.<\/em><\/em><\/em><\/p><cite>Fr\u00e9d\u00e9ric BADEL<\/cite><\/blockquote>\n","protected":false},"excerpt":{"rendered":"<p>Une explication, abordable, de la fabrique du consentement employ\u00e9e par le gouvernement pour faire adh\u00e9rer la population au narratif officiel d'une crise sanitaire grave.<\/p>\n","protected":false},"author":2,"featured_media":0,"comment_status":"open","ping_status":"open","sticky":false,"template":"","format":"standard","meta":{"footnotes":""},"categories":[77,13,14],"tags":[28],"class_list":["post-1247","post","type-post","status-publish","format-standard","hentry","category-covid19","category-opinion","category-pourquoi","tag-relativiser"],"_links":{"self":[{"href":"https:\/\/crudelis.fr\/site\/covid1984\/wp-json\/wp\/v2\/posts\/1247","targetHints":{"allow":["GET"]}}],"collection":[{"href":"https:\/\/crudelis.fr\/site\/covid1984\/wp-json\/wp\/v2\/posts"}],"about":[{"href":"https:\/\/crudelis.fr\/site\/covid1984\/wp-json\/wp\/v2\/types\/post"}],"author":[{"embeddable":true,"href":"https:\/\/crudelis.fr\/site\/covid1984\/wp-json\/wp\/v2\/users\/2"}],"replies":[{"embeddable":true,"href":"https:\/\/crudelis.fr\/site\/covid1984\/wp-json\/wp\/v2\/comments?post=1247"}],"version-history":[{"count":2,"href":"https:\/\/crudelis.fr\/site\/covid1984\/wp-json\/wp\/v2\/posts\/1247\/revisions"}],"predecessor-version":[{"id":2507,"href":"https:\/\/crudelis.fr\/site\/covid1984\/wp-json\/wp\/v2\/posts\/1247\/revisions\/2507"}],"wp:attachment":[{"href":"https:\/\/crudelis.fr\/site\/covid1984\/wp-json\/wp\/v2\/media?parent=1247"}],"wp:term":[{"taxonomy":"category","embeddable":true,"href":"https:\/\/crudelis.fr\/site\/covid1984\/wp-json\/wp\/v2\/categories?post=1247"},{"taxonomy":"post_tag","embeddable":true,"href":"https:\/\/crudelis.fr\/site\/covid1984\/wp-json\/wp\/v2\/tags?post=1247"}],"curies":[{"name":"wp","href":"https:\/\/api.w.org\/{rel}","templated":true}]}}