{"id":1253,"date":"2021-04-02T11:19:49","date_gmt":"2021-04-02T11:19:49","guid":{"rendered":"https:\/\/covid1984.nohost.me\/blog\/?p=1253"},"modified":"2022-08-20T11:07:05","modified_gmt":"2022-08-20T11:07:05","slug":"michael-yeadon-ancien-v-p-de-pfizer-dit-je-suis-bien-conscient-des-crimes-contre-lhumanite-perpetres-a-lechelle-globale-contre-une-vaste-proportion-de-la-population-mondia","status":"publish","type":"post","link":"https:\/\/crudelis.fr\/site\/covid1984\/2021\/04\/02\/michael-yeadon-ancien-v-p-de-pfizer-dit-je-suis-bien-conscient-des-crimes-contre-lhumanite-perpetres-a-lechelle-globale-contre-une-vaste-proportion-de-la-population-mondia\/","title":{"rendered":"Michael Yeadon, ancien v-p de Pfizer, dit : \u00ab Je suis bien conscient des crimes contre l\u2019humanit\u00e9 perp\u00e9tr\u00e9s \u00e0 l\u2019\u00e9chelle globale contre une vaste proportion de la population mondiale \u00bb"},"content":{"rendered":"\n<p>Dr Michael Yeadon exprime ses inqui\u00e9tudes sur les vaccins covid, la corruption qui les accompagnent et la possible volont\u00e9 de r\u00e9duire la population mondiale par leur biais.<\/p>\n\n\n\n<!--more-->\n\n\n\n<p><a rel=\"noreferrer noopener\" href=\"https:\/\/guyboulianne.com\/2021\/03\/31\/michael-yeadon-ancien-v-p-de-pfizer-dit-je-suis-bien-conscient-des-crimes-contre-lhumanite-perpetres-a-lechelle-globale-contre-une-vaste-proportion-de-la-population-mondia\/\" data-type=\"URL\" data-id=\"https:\/\/guyboulianne.com\/2021\/03\/31\/michael-yeadon-ancien-v-p-de-pfizer-dit-je-suis-bien-conscient-des-crimes-contre-lhumanite-perpetres-a-lechelle-globale-contre-une-vaste-proportion-de-la-population-mondia\/\" target=\"_blank\">Guy Boulianne - Michael Yeadon, ancien v-p de Pfizer, dit : \u00ab Je suis bien conscient des crimes contre l\u2019humanit\u00e9 perp\u00e9tr\u00e9s \u00e0 l\u2019\u00e9chelle globale contre une vaste proportion de la population mondiale\u00a0\u00bb<\/a><br><em>Temps de lecture: 15-19 minutes.<\/em><\/p>\n\n\n\n<hr class=\"wp-block-separator is-style-dots\" \/>\n\n\n\n<blockquote class=\"wp-block-quote is-layout-flow wp-block-quote-is-layout-flow\"><p><em><em>En r\u00e8gle g\u00e9n\u00e9rale, les variantes se forment tr\u00e8s souvent, r\u00e9guli\u00e8rement, et ont tendance \u00e0 devenir moins dangereuses et plus infectieuses avec le temps, \u00e0 mesure qu\u2019elles trouvent un \u00e9quilibre avec leur h\u00f4te humain. Les variantes ne deviennent g\u00e9n\u00e9ralement pas plus dangereuses. \u00bb<\/em><\/em><\/p><cite>Dr Michael Yeadon<\/cite><\/blockquote>\n\n\n\n<blockquote class=\"wp-block-quote is-layout-flow wp-block-quote-is-layout-flow\"><p><em><em><em>\u00ab C\u2019est une fiction, et une fiction diabolique, que les variants soient susceptibles d\u2019\u201c\u00e9chapper \u00e0 l\u2019immunit\u00e9\u201d.\u00a0Non seulement c\u2019est intrins\u00e8quement improbable \u2013 car ce degr\u00e9 de similitude entre les variants signifie qu\u2019il n\u2019y a aucune chance qu\u2019une personne immunis\u00e9e (que ce soit par une infection naturelle ou par la vaccination) soit rendue malade par un variant \u2013 mais cela est empiriquement \u00e9tay\u00e9 par des recherches de grande qualit\u00e9. \u00bb<\/em><\/em><\/em><\/p><cite>Dr Michael Yeadon<\/cite><\/blockquote>\n\n\n\n<blockquote class=\"wp-block-quote is-layout-flow wp-block-quote-is-layout-flow\"><p>\u00ab Je ne saurais trop insister : Les histoires autour des variants et du besoin de revaccinations sont FAUSSES. Je crains qu\u2019il y ait une raison tr\u00e8s maligne derri\u00e8re tout cela. \u00bb<\/p><cite>Dr Michael Yeadon<\/cite><\/blockquote>\n\n\n\n<blockquote class=\"wp-block-quote is-layout-flow wp-block-quote-is-layout-flow\"><p><em><em><em><em>\u00ab R\u00e9cemment, j\u2019ai remarqu\u00e9 que la Fondation Bill &amp; Melinda Gates (BMGF) avait accord\u00e9 une subvention \u00e0 l\u2019Agence de r\u00e9glementation des m\u00e9dicaments et des produits de sant\u00e9 (MHRA) ! Comment cela peut-il \u00eatre acceptable ? Ils sont financ\u00e9s par des fonds publics. Ils ne devraient jamais accepter de l\u2019argent d\u2019un organisme priv\u00e9.\u00a0Voici donc un exemple o\u00f9 le r\u00e9gulateur britannique est en conflit d\u2019int\u00e9r\u00eats. L\u2019Agence europ\u00e9enne des m\u00e9dicaments n\u2019a pas exig\u00e9 certaines choses, comme l\u2019a r\u00e9v\u00e9l\u00e9 le \u201cpiratage\u201d de ses dossiers lors de l\u2019examen du vaccin Pfizer.\u00a0Vous pouvez trouver des exemples dans le \u201cComit\u00e9 Corona\u201d de Reiner Fuellmich, en ligne. \u00bb<\/em><\/em><\/em><\/em><\/p><cite>Dr Michael Yeadon<\/cite><\/blockquote>\n\n\n\n<blockquote class=\"wp-block-quote is-layout-flow wp-block-quote-is-layout-flow\"><p><em><em>\u00ab Je ne crois donc plus que les r\u00e9gulateurs soient capables de nous prot\u00e9ger. L\u2019\u201capprobation\u201d n\u2019a donc aucun sens. Le Dr Wolfgang Wodarg et moi-m\u00eame avons adress\u00e9 une p\u00e9tition \u00e0 l\u2019EMA le 1er d\u00e9cembre 2020 sur les vaccins g\u00e9n\u00e9tiques. Ils nous ont ignor\u00e9s.\u00a0R\u00e9cemment, nous leur avons \u00e9crit \u00e0 titre priv\u00e9, les mettant en garde contre les caillots sanguins, ils nous ont ignor\u00e9s. Lorsque nous avons rendu publique notre lettre, nous avons \u00e9t\u00e9 compl\u00e8tement censur\u00e9s. Quelques jours plus tard, plus de dix pays ont interrompu l\u2019utilisation d\u2019un vaccin en invoquant des caillots sanguins. \u00bb<\/em><\/em><\/p><cite>Dr Michael Yeadon<\/cite><\/blockquote>\n\n\n\n<blockquote class=\"wp-block-quote is-layout-flow wp-block-quote-is-layout-flow\"><p><em><em><em>\u00ab Je pense que les grosses sommes d\u2019argent de l\u2019industrie pharmaceutique et de la BMGF cr\u00e9ent un environnement o\u00f9 dire non n\u2019est pas une option pour l\u2019organisme de r\u00e9gulation. \u00bb<\/em><\/em><\/em><\/p><cite>Dr Michael Yeadon<\/cite><\/blockquote>\n","protected":false},"excerpt":{"rendered":"<p>Dr Michael Yeadon exprime ses inqui\u00e9tudes sur les vaccins covid, la corruption qui les accompagnent et la possible volont\u00e9 de r\u00e9duire la population mondiale par leur biais.<\/p>\n","protected":false},"author":2,"featured_media":0,"comment_status":"open","ping_status":"open","sticky":false,"template":"","format":"standard","meta":{"footnotes":""},"categories":[77,20,9,13,14,19],"tags":[],"class_list":["post-1253","post","type-post","status-publish","format-standard","hentry","category-covid19","category-danger-vaccin","category-interview","category-opinion","category-pourquoi","category-vaccin"],"_links":{"self":[{"href":"https:\/\/crudelis.fr\/site\/covid1984\/wp-json\/wp\/v2\/posts\/1253","targetHints":{"allow":["GET"]}}],"collection":[{"href":"https:\/\/crudelis.fr\/site\/covid1984\/wp-json\/wp\/v2\/posts"}],"about":[{"href":"https:\/\/crudelis.fr\/site\/covid1984\/wp-json\/wp\/v2\/types\/post"}],"author":[{"embeddable":true,"href":"https:\/\/crudelis.fr\/site\/covid1984\/wp-json\/wp\/v2\/users\/2"}],"replies":[{"embeddable":true,"href":"https:\/\/crudelis.fr\/site\/covid1984\/wp-json\/wp\/v2\/comments?post=1253"}],"version-history":[{"count":1,"href":"https:\/\/crudelis.fr\/site\/covid1984\/wp-json\/wp\/v2\/posts\/1253\/revisions"}],"predecessor-version":[{"id":2214,"href":"https:\/\/crudelis.fr\/site\/covid1984\/wp-json\/wp\/v2\/posts\/1253\/revisions\/2214"}],"wp:attachment":[{"href":"https:\/\/crudelis.fr\/site\/covid1984\/wp-json\/wp\/v2\/media?parent=1253"}],"wp:term":[{"taxonomy":"category","embeddable":true,"href":"https:\/\/crudelis.fr\/site\/covid1984\/wp-json\/wp\/v2\/categories?post=1253"},{"taxonomy":"post_tag","embeddable":true,"href":"https:\/\/crudelis.fr\/site\/covid1984\/wp-json\/wp\/v2\/tags?post=1253"}],"curies":[{"name":"wp","href":"https:\/\/api.w.org\/{rel}","templated":true}]}}