{"id":1257,"date":"2021-04-02T11:48:23","date_gmt":"2021-04-02T11:48:23","guid":{"rendered":"https:\/\/covid1984.nohost.me\/blog\/?p=1257"},"modified":"2022-08-20T11:07:05","modified_gmt":"2022-08-20T11:07:05","slug":"vaccination-le-mensonge-officiel-du-gouvernement","status":"publish","type":"post","link":"https:\/\/crudelis.fr\/site\/covid1984\/2021\/04\/02\/vaccination-le-mensonge-officiel-du-gouvernement\/","title":{"rendered":"Vaccination, le mensonge officiel du gouvernement"},"content":{"rendered":"\n<p>Telle est la promesse du gouvernement dans l'un de ses dernier message officiel: \"Parce qu'on r\u00eave tous de se retrouver, vaccinons-nous.\"<br>L'\u00e9preuve de la r\u00e9alit\u00e9 est tout autre, m\u00eame vaccin\u00e9, pas de retrouvailles. Le \"vaccin\" est officiellement reconnu partiellement efficace.<\/p>\n\n\n\n<!--more-->\n\n\n\n<p>La publicit\u00e9 du gouvernement pour inciter \u00e0 la vaccination<br><a rel=\"noreferrer noopener\" href=\"https:\/\/www.youtube.com\/watch?v=mFhD7q7qoHM\" data-type=\"URL\" data-id=\"https:\/\/www.youtube.com\/watch?v=mFhD7q7qoHM\" target=\"_blank\">Youtube - Vaccin Covid-19 - Gouvernement \"m\u00eame vaccin\u00e9s continuons d'appliquer les gestes barri\u00e8res\" Pub 50s<\/a><br><em>50 secondes.<\/em><\/p>\n\n\n\n<p>On retrouve tout de suite le double langage contradictoire entre la vid\u00e9o qui montre une grand m\u00e8re qui embrasse ses petits-enfants, personne n'\u00e9tant masqu\u00e9, la voix rassurante qui annonce qu'avec la vaccination nous pourrons nous retrouver et le message final qui annonce, silencieusement, que m\u00eame vaccin\u00e9 il faut porter le masque et respecter les gestes barri\u00e8res...<\/p>\n\n\n\n<p>Un octog\u00e9naire a entendu la promesse du gouvernement et apr\u00e8s avoir \u00e9t\u00e9 vaccin\u00e9 a demand\u00e9 \u00e0 ne plus \u00eatre confin\u00e9.<\/p>\n\n\n\n<p><a rel=\"noreferrer noopener\" href=\"https:\/\/www.europe1.fr\/sante\/un-octogenaire-demande-au-conseil-detat-a-etre-deconfine-apres-avoir-ete-vaccine-4034911\" target=\"_blank\" data-type=\"URL\" data-id=\"https:\/\/www.europe1.fr\/sante\/un-octogenaire-demande-au-conseil-detat-a-etre-deconfine-apres-avoir-ete-vaccine-4034911\">Europe1 - Un octog\u00e9naire demande au Conseil d\u2019\u00c9tat \u00e0 \u00eatre d\u00e9confin\u00e9 apr\u00e8s avoir \u00e9t\u00e9 vaccin\u00e9<\/a><br><em>Temps de lecture: 3 minutes.<\/em><\/p>\n\n\n\n<hr class=\"wp-block-separator is-style-dots\" \/>\n\n\n\n<blockquote class=\"wp-block-quote is-layout-flow wp-block-quote-is-layout-flow\"><p><em>Un retrait\u00e9 de 83 ans vaccin\u00e9, qui r\u00e9side en Ile-de-France, a d\u00e9pos\u00e9 un recours devant le Conseil d\u2019Etat pour demander la lev\u00e9e du confinement pour les personnes vaccin\u00e9es.<\/em><\/p><cite>Europe1<\/cite><\/blockquote>\n\n\n\n<blockquote class=\"wp-block-quote is-layout-flow wp-block-quote-is-layout-flow\"><p><em><em>Ce retrait\u00e9, qui a re\u00e7u deux doses du vaccin Pfizer, ne comprend pas pourquoi il est confin\u00e9 chez lui, sans pouvoir sortir \u00e0 plus de 10 kilom\u00e8tres de distance de son domicile. Alors m\u00eame, soulignent ses avocats, que le \"vaccin est d\u00e9sign\u00e9 comme l\u2019unique solution pour mettre un terme d\u00e9finitif \u00e0 la pand\u00e9mie de Covid-19\". Diane Protat et Henri de Lagarde estiment dans leur r\u00e9f\u00e9r\u00e9 que \"la mise en place de ce troisi\u00e8me confinement a deux finalit\u00e9s : pr\u00e9venir la transmission du virus et \u00e9viter un engorgement des services de r\u00e9animation\". Or d\u2019apr\u00e8s eux, \"le confinement des personnes vaccin\u00e9es ne favorise aucune de ces deux finalit\u00e9s\".<\/em><\/em><\/p><cite>Europe1<\/cite><\/blockquote>\n\n\n\n<blockquote class=\"wp-block-quote is-layout-flow wp-block-quote-is-layout-flow\"><p><em>le ministre de la Sant\u00e9 estime qu\u2019il est pr\u00e9matur\u00e9 en l\u2019\u00e9tat des connaissances scientifiques de diff\u00e9rencier les \"r\u00e8gles relatives aux limitations de circulation selon que les personnes ont re\u00e7u ou non des doses des vaccins\".<\/em><br><em><em><em>Olivier V\u00e9ran invoque quatre arguments. D'une part, \"<strong>l'efficacit\u00e9 partielle des vaccins<\/strong>\", et en deuxi\u00e8me lieu le fait que \"l'efficacit\u00e9 des vaccins est devenue particuli\u00e8rement contingente du fait de l\u2019apparition des nouveaux variants\".<\/em><\/em><\/em><\/p><p><em>En troisi\u00e8me lieu, \"les personnes vaccin\u00e9es sont aussi celles qui sont les plus expos\u00e9es aux formes graves et aux d\u00e9c\u00e8s en cas d\u2019inefficacit\u00e9 initiale du vaccin ou de r\u00e9infection post-vaccinale ou de la virulence d\u2019un variant.\" Enfin, \"<strong>le vaccin n'emp\u00eache pas de transmettre le virus aux tiers.<\/strong> L\u2019impact de la vaccination sur la propagation du virus n\u2019est pas encore connu\".<\/em><\/p><cite>Europe1<\/cite><\/blockquote>\n\n\n\n<hr class=\"wp-block-separator is-style-dots\" \/>\n\n\n\n<p>La r\u00e9ponse du conseil d'\u00e9tat ne s'est pas fait attendre et n'est pas surprenante.<\/p>\n\n\n\n<p><a rel=\"noreferrer noopener\" href=\"https:\/\/www.europe1.fr\/sante\/le-conseil-detat-deboute-un-octogenaire-vaccine-qui-demandait-a-etre-deconfine-4035600\" data-type=\"URL\" data-id=\"https:\/\/www.europe1.fr\/sante\/le-conseil-detat-deboute-un-octogenaire-vaccine-qui-demandait-a-etre-deconfine-4035600\" target=\"_blank\"><\/a><a href=\"https:\/\/www.europe1.fr\/sante\/le-conseil-detat-deboute-un-octogenaire-vaccine-qui-demandait-a-etre-deconfine-4035600\" data-type=\"URL\" data-id=\"https:\/\/www.europe1.fr\/sante\/le-conseil-detat-deboute-un-octogenaire-vaccine-qui-demandait-a-etre-deconfine-4035600\" target=\"_blank\" rel=\"noreferrer noopener\">Europe1 - Le Conseil d'Etat d\u00e9boute un octog\u00e9naire vaccin\u00e9 qui demandait \u00e0 \u00eatre d\u00e9confin\u00e9<\/a><br><em>Temps de lecture: 2-3 minutes.<\/em><\/p>\n\n\n\n<hr class=\"wp-block-separator is-style-dots\" \/>\n\n\n\n<blockquote class=\"wp-block-quote is-layout-flow wp-block-quote-is-layout-flow\"><p><em>Peut-on se d\u00e9confiner quand on a \u00e9t\u00e9 vaccin\u00e9 ? Pour le Conseil d'Etat, la r\u00e9ponse est non.<\/em><\/p><cite>Europe1<\/cite><\/blockquote>\n\n\n\n<blockquote class=\"wp-block-quote is-layout-flow wp-block-quote-is-layout-flow\"><p><em><em><strong>\"La vaccination n\u2019\u00e9limine pas compl\u00e8tement la possibilit\u00e9 que les personnes vaccin\u00e9es demeurent porteuses du virus et soient contagieuses\"<\/strong><\/em><\/em><\/p><cite>Europe1<\/cite><\/blockquote>\n\n\n\n<hr class=\"wp-block-separator is-style-dots\" \/>\n\n\n\n<p>N'est-il pas alors question de publicit\u00e9 mensong\u00e8re ?<\/p>\n\n\n\n<p>La r\u00e9alit\u00e9 est donc claire, il faut risquer sa vie avec une th\u00e9rapie g\u00e9nique exp\u00e9rimentale, faussement nomm\u00e9e vaccin, en sachant que l'efficacit\u00e9 est partielle et que cela n\u2019emp\u00eachera pas d'\u00eatre porteur du virus, ni non plus contagieux.<\/p>\n","protected":false},"excerpt":{"rendered":"<p>Telle est la promesse du gouvernement dans l'un de ses dernier message officiel: \"Parce qu'on r\u00eave tous de se retrouver, vaccinons-nous.\"L'\u00e9preuve de la r\u00e9alit\u00e9 est tout autre, m\u00eame vaccin\u00e9, pas de retrouvailles. Le \"vaccin\" est officiellement reconnu partiellement efficace.<\/p>\n","protected":false},"author":2,"featured_media":0,"comment_status":"open","ping_status":"open","sticky":false,"template":"","format":"standard","meta":{"footnotes":""},"categories":[2,77,19],"tags":[31],"class_list":["post-1257","post","type-post","status-publish","format-standard","hentry","category-actualite","category-covid19","category-vaccin","tag-vaccin"],"_links":{"self":[{"href":"https:\/\/crudelis.fr\/site\/covid1984\/wp-json\/wp\/v2\/posts\/1257","targetHints":{"allow":["GET"]}}],"collection":[{"href":"https:\/\/crudelis.fr\/site\/covid1984\/wp-json\/wp\/v2\/posts"}],"about":[{"href":"https:\/\/crudelis.fr\/site\/covid1984\/wp-json\/wp\/v2\/types\/post"}],"author":[{"embeddable":true,"href":"https:\/\/crudelis.fr\/site\/covid1984\/wp-json\/wp\/v2\/users\/2"}],"replies":[{"embeddable":true,"href":"https:\/\/crudelis.fr\/site\/covid1984\/wp-json\/wp\/v2\/comments?post=1257"}],"version-history":[{"count":1,"href":"https:\/\/crudelis.fr\/site\/covid1984\/wp-json\/wp\/v2\/posts\/1257\/revisions"}],"predecessor-version":[{"id":2212,"href":"https:\/\/crudelis.fr\/site\/covid1984\/wp-json\/wp\/v2\/posts\/1257\/revisions\/2212"}],"wp:attachment":[{"href":"https:\/\/crudelis.fr\/site\/covid1984\/wp-json\/wp\/v2\/media?parent=1257"}],"wp:term":[{"taxonomy":"category","embeddable":true,"href":"https:\/\/crudelis.fr\/site\/covid1984\/wp-json\/wp\/v2\/categories?post=1257"},{"taxonomy":"post_tag","embeddable":true,"href":"https:\/\/crudelis.fr\/site\/covid1984\/wp-json\/wp\/v2\/tags?post=1257"}],"curies":[{"name":"wp","href":"https:\/\/api.w.org\/{rel}","templated":true}]}}