{"id":1260,"date":"2021-04-02T23:19:01","date_gmt":"2021-04-02T23:19:01","guid":{"rendered":"https:\/\/covid1984.nohost.me\/blog\/?p=1260"},"modified":"2022-08-20T11:07:05","modified_gmt":"2022-08-20T11:07:05","slug":"etat-durgence-sanitaire-le-scandaleux-deni-du-conseil-detat","status":"publish","type":"post","link":"https:\/\/crudelis.fr\/site\/covid1984\/2021\/04\/02\/etat-durgence-sanitaire-le-scandaleux-deni-du-conseil-detat\/","title":{"rendered":"Etat d\u2019urgence sanitaire : le scandaleux d\u00e9ni du Conseil d\u2019Etat !"},"content":{"rendered":"\n<p>Faisant suite au recours d\u00e9pos\u00e9 devant le conseil d'\u00e9tat pour juger de la pertinence du maintien de l'\u00e9tat d'urgence sanitaire, le conseil d'\u00e9tat a refus\u00e9 de mener l'enqu\u00eate en se basant sur des arguments fallacieux.<br>La chaine YouTube <a rel=\"noreferrer noopener\" href=\"https:\/\/www.youtube.com\/channel\/UCX6iYvJWGOQfGsFo2KSSm-w\" target=\"_blank\">D\u00e9coder l'\u00e9co<\/a> revient en d\u00e9tail sur ce d\u00e9ni de d\u00e9mocratie.<\/p>\n\n\n\n<!--more-->\n\n\n\n<p>Version \u00e9crite<br><a rel=\"noreferrer noopener\" href=\"https:\/\/www.agoravox.fr\/actualites\/politique\/article\/etat-d-urgence-sanitaire-le-231954\" data-type=\"URL\" data-id=\"https:\/\/www.agoravox.fr\/actualites\/politique\/article\/etat-d-urgence-sanitaire-le-231954\" target=\"_blank\">Agoravox - Etat d\u2019urgence sanitaire\u00a0: le scandaleux d\u00e9ni du Conseil d\u2019Etat\u00a0!<\/a><br><em>Temps de lecture: 32-42 minutes.<\/em><\/p>\n\n\n\n<p>Version vid\u00e9o<br><a rel=\"noreferrer noopener\" href=\"https:\/\/www.youtube.com\/watch?v=Bib13o9cxPY\" target=\"_blank\" data-type=\"URL\" data-id=\"https:\/\/www.youtube.com\/watch?v=Bib13o9cxPY\">YouTube - Etat d\u2019urgence sanitaire\u00a0: le scandaleux d\u00e9ni du Conseil d\u2019Etat\u00a0!<\/a><br><em>33 minutes.<\/em><\/p>\n\n\n\n<hr class=\"wp-block-separator is-style-dots\" \/>\n\n\n\n<blockquote class=\"wp-block-quote is-layout-flow wp-block-quote-is-layout-flow\"><p><em>Il s\u2019agit donc d\u2019une question juridique, il s\u2019agit de savoir quels sont les \u00e9l\u00e9ments qui peuvent justifier aujourd\u2019hui l\u2019\u00e9tat d\u2019urgence sanitaire. C\u2019est sur ce point qu\u2019une \u00e9tude juridico-scientifique\u00a0d\u2019une soixantaine de page a \u00e9t\u00e9 d\u00e9pos\u00e9e au Conseil d\u2019Etat dont le r\u00f4le est de v\u00e9rifier la validit\u00e9 de la loi. Devant l\u2019abandon du gouvernement et du parlement, le seul rempart face \u00e0 une situation qui ne serait pas justifi\u00e9e est le Conseil d\u2019Etat. L\u2019objectif de ce recours est donc que le Conseil d\u2019Etat r\u00e9alise une enqu\u00eate en convoquant des t\u00e9moins pour juger de l\u00e9gitimit\u00e9 de la situation.<\/em><\/p><cite>D\u00e9coder l\u2019\u00e9co<\/cite><\/blockquote>\n\n\n\n<blockquote class=\"wp-block-quote is-layout-flow wp-block-quote-is-layout-flow\"><p><em><em>Le gouvernement a envoy\u00e9 un courrier de r\u00e9ponse le 16 mars dernier. L\u2019instruction a \u00e9t\u00e9 cl\u00f4tur\u00e9e le 22 mars et le Conseil d\u2019Etat a indiqu\u00e9 \u00e0 cette date qu\u2019aucune audience ne se tiendrait eu \u00e9gard aux nouvelles restrictions sanitaires, ce qui est malheureux pour une enqu\u00eate.<\/em><\/em><\/p><p><em>Le 24 mars 2021, le Conseil d\u2019Etat a rendu son ordonnance, refusant de mener une enqu\u00eate pour juger de la validit\u00e9 ou non de l\u2019\u00e9tat d\u2019urgence sanitaire.<\/em><\/p><cite>D\u00e9coder l\u2019\u00e9co<\/cite><\/blockquote>\n\n\n\n<blockquote class=\"wp-block-quote is-layout-flow wp-block-quote-is-layout-flow\"><p><em><em><em>En premier lieu, le document rappelle que l\u2019OMS estime que les infections des voies respiratoires aig\u00fces (IRA) repr\u00e9sentent 3 millions de morts par an, dont 2,3 millions ont \u00e9t\u00e9 attribu\u00e9es sans confirmation virologique \u00e0 la Covid-19 en 2020.<\/em><\/em><\/em><\/p><cite>D\u00e9coder l\u2019\u00e9co<\/cite><\/blockquote>\n\n\n\n<blockquote class=\"wp-block-quote is-layout-flow wp-block-quote-is-layout-flow\"><p><em><em><em>Donc, le nombre de morts annonc\u00e9 quotidiennement dans les m\u00e9dias n\u2019est autre que la somme de toutes les infections respiratoires aig\u00fces m\u00eal\u00e9es sans discernement, et dont la part de vraies Covid-19 est aujourd\u2019hui de moins de 10\u00a0%. Mais le Comit\u00e9 de Scientifiques et le gouvernement ont ignor\u00e9 sciemment ce fait\u00a0: aucun avis ne mentionne le r\u00e9seau Sentinelles depuis 1 an. Ils se sont choisis d\u2019autres crit\u00e8res pour d\u00e9finir et surveiller ce qui devait passer pour une catastrophe sanitaire.<\/em><\/em><\/em><\/p><cite>D\u00e9coder l\u2019\u00e9co<\/cite><\/blockquote>\n\n\n\n<blockquote class=\"wp-block-quote is-layout-flow wp-block-quote-is-layout-flow\"><p><em><em><em>De plus, cette explosion du nombre de tests est compl\u00e8tement in\u00e9dite. On n\u2019a jamais test\u00e9 autant de gens et pas du tout sur des coronavirus par le pass\u00e9. On ne peut donc absolument pas savoir si ce type de virus n\u2019est pas pr\u00e9sent depuis toujours dans les m\u00eames proportions se confondant chaque ann\u00e9e avec les autres infections des voies respiratoires aig\u00fces.<\/em><\/em><\/em><\/p><cite>D\u00e9coder l\u2019\u00e9co<\/cite><\/blockquote>\n\n\n\n<blockquote class=\"wp-block-quote is-layout-flow wp-block-quote-is-layout-flow\"><p><em>Le quatri\u00e8me indicateur, l\u2019occupation des lits \u00e0 l\u2019h\u00f4pital, est inadapt\u00e9. La population fran\u00e7aise vieillit. Entre 1998 et 2018, la France est pass\u00e9 de 9\u00a0millions \u00e0 13\u00a0millions de personnes de plus de 65\u00a0ans avec le vieillissement des baby-boomers. Pendant ce m\u00eame temps, le nombre de lits \u00e0 l\u2019h\u00f4pital a baiss\u00e9 de 100\u00a0000. Pour m\u00e9moire, les m\u00e9decins urgentistes sont en gr\u00e8ve quasi-permanente depuis 10\u00a0ans. A chaque \u00e9pid\u00e9mie, les services hospitaliers sont compl\u00e8tement satur\u00e9s. Cette situation est la norme.<\/em><\/p><cite>D\u00e9coder l\u2019\u00e9co<\/cite><\/blockquote>\n\n\n\n<blockquote class=\"wp-block-quote is-layout-flow wp-block-quote-is-layout-flow\"><p><em><em>Ainsi, pour comparer la mortalit\u00e9 entre 2 ann\u00e9es, il faut corriger de l\u2019effet du vieillissement, autrement dit de la pyramide des \u00e2ges. [...] On a vu que l\u2019augmentation de la mortalit\u00e9 n\u2019est pas r\u00e9guli\u00e8re mais a des creux et des bosses. Les bosses sont appel\u00e9es des ann\u00e9es moissons et ont lieu habituellement tous les 2 \u00e0 3 ans. On a montr\u00e9 que l\u2019ann\u00e9e 2020 est une ann\u00e9e moisson qui rattrape le nombre de d\u00e9c\u00e8s en moins de l\u2019ann\u00e9e 2019. Enfin, on est compl\u00e8tement incapable de savoir si les p\u00e9riodes de d\u00e9c\u00e8s que l\u2019on observe en 2020 sont uniquement imputables \u00e0 la maladie ou plut\u00f4t \u00e0 un abandon de soin impos\u00e9 par les d\u00e9cisions du Conseil Scientifique<\/em><\/em><\/p><cite>D\u00e9coder l\u2019\u00e9co<\/cite><\/blockquote>\n\n\n\n<blockquote class=\"wp-block-quote is-layout-flow wp-block-quote-is-layout-flow\"><p><em><em><em>En conclusion \u00e0 ce stade, on a un s\u00e9rieux probl\u00e8me. On peut voir que toutes les justifications soi-disant scientifiques pour imposer l\u2019\u00e9tat d\u2019urgence sanitaire ne tiennent pas la route, et pire, que le r\u00e9seau Sentinelles qui est celui consid\u00e9r\u00e9 fiable d\u2019habitude est compl\u00e8tement laiss\u00e9 de c\u00f4t\u00e9. Demander au Conseil d\u2019Etat de faire une enqu\u00eate nous permettrait de comprendre comment et pourquoi ont \u00e9t\u00e9 choisis de mauvais indicateurs au d\u00e9triment du suivi habituel. Puisque l\u2019on constate que la mortalit\u00e9 2020 n\u2019est finalement pas catastrophique, est-il vraiment l\u00e9gitime de maintenir\u00a0l\u2019\u00e9tat d\u2019urgence\u00a0? Puisque l\u2019on n\u2019arrive pas scientifiquement \u00e0 montrer que les d\u00e9cisions ont sauv\u00e9 plus de vies plut\u00f4t qu\u2019elles en ont d\u00e9truites, quelle justification peut-on donner pour maintenir la situation\u00a0?<\/em><\/em><\/em><\/p><cite>D\u00e9coder l\u2019\u00e9co<\/cite><\/blockquote>\n\n\n\n<blockquote class=\"wp-block-quote is-layout-flow wp-block-quote-is-layout-flow\"><p><em><em><em>Pour finir le document rappelle les int\u00e9r\u00eats financiers manifestes qui nuisent \u00e0 la neutralit\u00e9 des d\u00e9cisions prises. Lorsqu\u2019un d\u00e9cideur gagne de l\u2019argent selon la d\u00e9cision qu\u2019il prend, on doit consid\u00e9rer que son avis n\u2019est pas neutre.<\/em><\/em><\/em><\/p><cite>D\u00e9coder l\u2019\u00e9co<\/cite><\/blockquote>\n\n\n\n<blockquote class=\"wp-block-quote is-layout-flow wp-block-quote-is-layout-flow\"><p><em><em><em>Dans son ordonnance du 24 mars 2021, le Conseil d\u2019Etat a refus\u00e9 la demande qui lui \u00e9tait faite de mener une enqu\u00eate pour juger sous quels arguments scientifiques l\u2019\u00e9tat d\u2019urgence sanitaire peut \u00eatre l\u00e9galement prolong\u00e9.<\/em><\/em><\/em><\/p><cite>D\u00e9coder l\u2019\u00e9co<\/cite><\/blockquote>\n\n\n\n<blockquote class=\"wp-block-quote is-layout-flow wp-block-quote-is-layout-flow\"><p><em><em>[..] le Conseil d\u2019Etat consid\u00e8re que les d\u00e9cisions du Conseil Scientifique n\u2019ont pas d\u2019impact sur la vie des gens. C\u2019est assez hallucinant. Lorsque l\u2019on constate que toutes les ordonnances d\u00e9marrent par un avis du conseil scientifique, ne peut-on pas en d\u00e9duire qu\u2019il y a un lien ? Est-ce qu\u2019en tant que citoyen vous n\u2019avez pas remarqu\u00e9 un lien entre les conclusions du Conseil Scientifique et une modification de votre vie depuis 1 an ?<\/em><\/em><\/p><cite>D\u00e9coder l\u2019\u00e9co<\/cite><\/blockquote>\n","protected":false},"excerpt":{"rendered":"<p>Faisant suite au recours d\u00e9pos\u00e9 devant le conseil d'\u00e9tat pour juger de la pertinence du maintien de l'\u00e9tat d'urgence sanitaire, le conseil d'\u00e9tat a refus\u00e9 de mener l'enqu\u00eate en se basant sur des arguments fallacieux.La chaine YouTube D\u00e9coder l'\u00e9co revient en d\u00e9tail sur ce d\u00e9ni de d\u00e9mocratie.<\/p>\n","protected":false},"author":2,"featured_media":0,"comment_status":"open","ping_status":"open","sticky":false,"template":"","format":"standard","meta":{"footnotes":""},"categories":[77,6,12,16,17],"tags":[28,32],"class_list":["post-1260","post","type-post","status-publish","format-standard","hentry","category-covid19","category-democratie","category-mortalite","category-reanimation","category-ressources","tag-relativiser","tag-video"],"_links":{"self":[{"href":"https:\/\/crudelis.fr\/site\/covid1984\/wp-json\/wp\/v2\/posts\/1260","targetHints":{"allow":["GET"]}}],"collection":[{"href":"https:\/\/crudelis.fr\/site\/covid1984\/wp-json\/wp\/v2\/posts"}],"about":[{"href":"https:\/\/crudelis.fr\/site\/covid1984\/wp-json\/wp\/v2\/types\/post"}],"author":[{"embeddable":true,"href":"https:\/\/crudelis.fr\/site\/covid1984\/wp-json\/wp\/v2\/users\/2"}],"replies":[{"embeddable":true,"href":"https:\/\/crudelis.fr\/site\/covid1984\/wp-json\/wp\/v2\/comments?post=1260"}],"version-history":[{"count":1,"href":"https:\/\/crudelis.fr\/site\/covid1984\/wp-json\/wp\/v2\/posts\/1260\/revisions"}],"predecessor-version":[{"id":2211,"href":"https:\/\/crudelis.fr\/site\/covid1984\/wp-json\/wp\/v2\/posts\/1260\/revisions\/2211"}],"wp:attachment":[{"href":"https:\/\/crudelis.fr\/site\/covid1984\/wp-json\/wp\/v2\/media?parent=1260"}],"wp:term":[{"taxonomy":"category","embeddable":true,"href":"https:\/\/crudelis.fr\/site\/covid1984\/wp-json\/wp\/v2\/categories?post=1260"},{"taxonomy":"post_tag","embeddable":true,"href":"https:\/\/crudelis.fr\/site\/covid1984\/wp-json\/wp\/v2\/tags?post=1260"}],"curies":[{"name":"wp","href":"https:\/\/api.w.org\/{rel}","templated":true}]}}