{"id":1280,"date":"2021-04-06T10:46:06","date_gmt":"2021-04-06T10:46:06","guid":{"rendered":"https:\/\/covid1984.nohost.me\/blog\/?p=1280"},"modified":"2022-08-20T11:07:04","modified_gmt":"2022-08-20T11:07:04","slug":"sommes-nous-devenus-les-otages-dune-mafia-sanitaire","status":"publish","type":"post","link":"https:\/\/crudelis.fr\/site\/covid1984\/2021\/04\/06\/sommes-nous-devenus-les-otages-dune-mafia-sanitaire\/","title":{"rendered":"Sommes-nous devenus les otages d\u2019une mafia sanitaire?"},"content":{"rendered":"\n<p>Retranscription d'un documentaire suisse al\u00e9manique de 2010 sur la crise de H1N1 qui r\u00e9v\u00e8le que l'OMS est depuis longtemps corrompue.<br>Encore une preuve de la fabrication de la \"pand\u00e9mie\" du covid, de la m\u00eame mani\u00e8re que cela avait \u00e9t\u00e9 fait avec la fausse \"pand\u00e9mie\" du H1N1.<\/p>\n\n\n\n<!--more-->\n\n\n\n<p><a rel=\"noreferrer noopener\" href=\"https:\/\/lilianeheldkhawam.com\/2021\/04\/06\/sommes-nous-devenus-les-otages-dune-mafia-sanitaire-dossier\/\" target=\"_blank\">Le blog de Liliane Held-Khawam - Sommes-nous devenus les otages d\u2019une mafia sanitaire?\u00a0Dossier<\/a><br><em>Temps de lecture: 19-24 minutes.<\/em><\/p>\n\n\n\n<hr class=\"wp-block-separator is-style-dots\" \/>\n\n\n\n<blockquote class=\"wp-block-quote is-layout-flow wp-block-quote-is-layout-flow\"><p><em>Ces derni\u00e8res ann\u00e9es, le monde s\u2019est trouv\u00e9 confront\u00e9 \u00e0 de nombreux sc\u00e9narios d\u2019horreur : l\u2019\u00e9pid\u00e9mie de SRAS, la maladie de la vache folle (BSE), la grippe aviaire et puis, bien s\u00fbr, la grippe porcine. Avec le recul, ces craintes nous semblent maintenant infond\u00e9es.<\/em><\/p><cite><em>SRF Rusndschau<\/em><\/cite><\/blockquote>\n\n\n\n<blockquote class=\"wp-block-quote is-layout-flow wp-block-quote-is-layout-flow\"><p><em><em>L\u2019OMS avait mis en garde : Ce n\u2019est qu\u2019une question de temps avant que le virus de la volaille ne s\u2019associe \u00e0 un virus humain pour cr\u00e9er un virus pand\u00e9mique. Nous supposons \u2013 ce sont des mod\u00e8les \u2013 que si cela devait arriver, que cela se produirait r\u00e9ellement, jusqu\u2019\u00e0 17 millions de personnes pourraient en mourir. 286 personnes sont mortes de la grippe aviaire. Ils \u00e9taient auparavant en contact \u00e9troit avec les animaux.<\/em><\/em><\/p><cite><em>SRF Rusndschau<\/em><\/cite><\/blockquote>\n\n\n\n<blockquote class=\"wp-block-quote is-layout-flow wp-block-quote-is-layout-flow\"><p><em><em><em>Avec l\u2019annonce de l\u2019OMS, la machine \u00e0 pand\u00e9mie se met en marche. D\u00e9sinfectants, masques de protection, peur. En fait, le premier passage de la grippe est plut\u00f4t rassurant. Mais les experts de l\u2019OMS pr\u00e9viennent qu\u2019elle pourrait \u00e9voluer comme la grippe espagnole de 1918, avec des millions de morts.<\/em><\/em><\/em><\/p><cite><em>SRF Rusndschau<\/em><\/cite><\/blockquote>\n\n\n\n<blockquote class=\"wp-block-quote is-layout-flow wp-block-quote-is-layout-flow\"><p><em><em><em>Mais au d\u00e9but de l\u2019ann\u00e9e derni\u00e8re <\/em><\/em><\/em>[ndlr: 2009]<em><em><em>, l\u2019OMS a soudainement modifi\u00e9 la d\u00e9finition de la pand\u00e9mie. D\u00e9sormais, seule la rapidit\u00e9 de la propagation est prise en compte. Mais quel est l\u2019int\u00e9r\u00eat de la comparaison avec la grippe espagnole si le nombre de morts n\u2019est plus pertinent?<\/em><\/em><\/em><\/p><cite><em>SRF Rusndschau<\/em><\/cite><\/blockquote>\n\n\n\n<blockquote class=\"wp-block-quote is-layout-flow wp-block-quote-is-layout-flow\"><p><em><em><em>Selon Wolfgang Wodarg, il y a une co\u00efncidence frappante dans les contrats avec l\u2019industrie pharmaceutique. Le changement de cette d\u00e9finition de pand\u00e9mie n\u2019est devenu possible que par elle. Une grippe ordinaire et tout \u00e0 fait normale est alors \u00e9lev\u00e9e au rang d\u2019une pandemie, ce qui a soudainement conduit \u00e0 des affaires florissantes. Une lourde accusation ! N\u2019emp\u00eache que le contrat sign\u00e9 pour l\u2019Allemagne en 2007 avec GlaxoSmithKline stipule que lorsque l\u2019OMS d\u00e9clare le stade 6, la pand\u00e9mie commence et les accords de fourniture des vaccins sp\u00e9ciaux contre la pand\u00e9mie entrent en vigueur.<\/em><\/em><\/em><\/p><cite><em>SRF Rusndschau<\/em><\/cite><\/blockquote>\n\n\n\n<blockquote class=\"wp-block-quote is-layout-flow wp-block-quote-is-layout-flow\"><p><em><em><em>Le N\u00e9erlandais Albert Osterhaus si\u00e8ge au comit\u00e9 d\u2019experts en mati\u00e8re de vaccins de l\u2019OMS et est pr\u00e9sident de l\u2019ESWI, le groupe de travail scientifique europ\u00e9en sur la grippe, tout en \u00e9tant impliqu\u00e9 \u00e9galement dans une entreprise qui produit ses propres vaccins. En outre, l\u2019ESWI est financ\u00e9 \u00e0 100% par l\u2019industrie pharmaceutique.<\/em><\/em><\/em><\/p><cite><em>SRF Rusndschau<\/em><\/cite><\/blockquote>\n\n\n\n<blockquote class=\"wp-block-quote is-layout-flow wp-block-quote-is-layout-flow\"><p><em><em><em>Le producteur de vaccins GlaxoSmithKline finance aussi les recherches du laboratoire finlandais du professeur Escola, expert en mati\u00e8re de vaccins \u00e0 l\u2019OMS, \u00e0 hauteur de six millions d\u2019euros par an. Peut-on encore parler d\u2019ind\u00e9pendance ?<\/em><\/em><\/em><\/p><cite><em>SRF Rusndschau<\/em><\/cite><\/blockquote>\n\n\n\n<blockquote class=\"wp-block-quote is-layout-flow wp-block-quote-is-layout-flow\"><p><em><em><em>Albert Osterhaus \u00e9tait l\u00e0. Conflits d\u2019int\u00e9r\u00eats d\u00e9clar\u00e9s ? Aucun. Seul l\u2019Am\u00e9ricain Peter Figueroa a d\u00e9clar\u00e9 une contribution de l\u2019industrie pharmaceutique. Escola \u00e9tait pr\u00e9sent \u00e0 la r\u00e9union d\u2019\u00e9tape d\u2019octobre 2009. Escola a d\u00e9clar\u00e9 une petite contribution de Novartis, mais aucune trace des millions que son laboratoire finlandais re\u00e7oit de GlaxoSmithKline.<\/em><\/em><\/em><\/p><cite><em>SRF Rusndschau<\/em><\/cite><\/blockquote>\n\n\n\n<blockquote class=\"wp-block-quote is-layout-flow wp-block-quote-is-layout-flow\"><p><em><em><em>Le Conseil de l\u2019Europe vient de commander un rapport au d\u00e9put\u00e9 europ\u00e9en anglais Paul Flynn. Ce que nous voulons savoir maintenant. Qui a calcul\u00e9 le risque ? Qui a mis la barre pour faire de telles d\u00e9clarations\u00a0? Ces d\u00e9clarations qui ont choqu\u00e9 le monde entier ? Le risque a-t-il \u00e9t\u00e9 calcul\u00e9 sur la base de preuves \u00e9pid\u00e9miologiques ind\u00e9pendantes sur le plan m\u00e9dical, ou a-t-il \u00e9t\u00e9 calcul\u00e9 par des personnes qui veulent gagner de l\u2019argent en vendant des vaccins ?<\/em><\/em><\/em><\/p><cite><em>SRF Rusndschau<\/em><\/cite><\/blockquote>\n\n\n\n<p><\/p>\n","protected":false},"excerpt":{"rendered":"<p>Retranscription d'un documentaire suisse al\u00e9manique de 2010 sur la crise de H1N1 qui r\u00e9v\u00e8le que l'OMS est depuis longtemps corrompue.Encore une preuve de la fabrication de la \"pand\u00e9mie\" du covid, de la m\u00eame mani\u00e8re que cela avait \u00e9t\u00e9 fait avec la fausse \"pand\u00e9mie\" du H1N1.<\/p>\n","protected":false},"author":2,"featured_media":0,"comment_status":"open","ping_status":"open","sticky":false,"template":"","format":"standard","meta":{"footnotes":""},"categories":[77,14,17],"tags":[28],"class_list":["post-1280","post","type-post","status-publish","format-standard","hentry","category-covid19","category-pourquoi","category-ressources","tag-relativiser"],"_links":{"self":[{"href":"https:\/\/crudelis.fr\/site\/covid1984\/wp-json\/wp\/v2\/posts\/1280","targetHints":{"allow":["GET"]}}],"collection":[{"href":"https:\/\/crudelis.fr\/site\/covid1984\/wp-json\/wp\/v2\/posts"}],"about":[{"href":"https:\/\/crudelis.fr\/site\/covid1984\/wp-json\/wp\/v2\/types\/post"}],"author":[{"embeddable":true,"href":"https:\/\/crudelis.fr\/site\/covid1984\/wp-json\/wp\/v2\/users\/2"}],"replies":[{"embeddable":true,"href":"https:\/\/crudelis.fr\/site\/covid1984\/wp-json\/wp\/v2\/comments?post=1280"}],"version-history":[{"count":1,"href":"https:\/\/crudelis.fr\/site\/covid1984\/wp-json\/wp\/v2\/posts\/1280\/revisions"}],"predecessor-version":[{"id":2207,"href":"https:\/\/crudelis.fr\/site\/covid1984\/wp-json\/wp\/v2\/posts\/1280\/revisions\/2207"}],"wp:attachment":[{"href":"https:\/\/crudelis.fr\/site\/covid1984\/wp-json\/wp\/v2\/media?parent=1280"}],"wp:term":[{"taxonomy":"category","embeddable":true,"href":"https:\/\/crudelis.fr\/site\/covid1984\/wp-json\/wp\/v2\/categories?post=1280"},{"taxonomy":"post_tag","embeddable":true,"href":"https:\/\/crudelis.fr\/site\/covid1984\/wp-json\/wp\/v2\/tags?post=1280"}],"curies":[{"name":"wp","href":"https:\/\/api.w.org\/{rel}","templated":true}]}}