{"id":1295,"date":"2021-04-09T11:00:15","date_gmt":"2021-04-09T11:00:15","guid":{"rendered":"https:\/\/covid1984.nohost.me\/blog\/?p=1295"},"modified":"2022-08-20T11:07:04","modified_gmt":"2022-08-20T11:07:04","slug":"la-principale-finalite-de-la-vaccination-nest-pas-sanitaire","status":"publish","type":"post","link":"https:\/\/crudelis.fr\/site\/covid1984\/2021\/04\/09\/la-principale-finalite-de-la-vaccination-nest-pas-sanitaire\/","title":{"rendered":"\u00ab La principale finalit\u00e9 de la vaccination n\u2019est pas sanitaire \u00bb"},"content":{"rendered":"\n<p>Un article \"ancien\", 24 novembre 2020, expliquant en termes simples les enjeux r\u00e9els de la vaccination covid.<br>Il est int\u00e9ressant de constater que, probablement complotistes en 2020, ces r\u00e9v\u00e9lations se v\u00e9rifient aujourd'hui.<\/p>\n\n\n\n<!--more-->\n\n\n\n<p><a href=\"https:\/\/www.nexus.fr\/actualite\/billet-dhumeur\/finalite-vaccination-guillemant\" data-type=\"URL\" data-id=\"https:\/\/www.nexus.fr\/actualite\/billet-dhumeur\/finalite-vaccination-guillemant\" target=\"_blank\" rel=\"noreferrer noopener\">Nexus - \u00ab La principale finalit\u00e9 de la vaccination n\u2019est pas sanitaire \u00bb, par Philippe Guillemant<\/a><br><em>7-9 minutes.<\/em><\/p>\n\n\n\n<hr class=\"wp-block-separator is-style-dots\" \/>\n\n\n\n<blockquote class=\"wp-block-quote is-layout-flow wp-block-quote-is-layout-flow\"><p><em>Le principal but de la vaccination est de parvenir \u00e0 une normalisation du port d\u2019identit\u00e9 num\u00e9rique par chaque citoyen. Il sera en effet permis que le contr\u00f4le de ses droits d\u2019acc\u00e8s \u00e0 diff\u00e9rents lieux (restaurants, boutiques, gares etc.) se fasse de mani\u00e8re automatique, ce qui ouvrira un immense march\u00e9, celui des objets connect\u00e9s, tellement savoureux qu\u2019il est capable de transformer des informaticiens en virologues.<\/em><\/p><cite>Philippe Guillemant<\/cite><\/blockquote>\n\n\n\n<blockquote class=\"wp-block-quote is-layout-flow wp-block-quote-is-layout-flow\"><p><em><em><em>Il convient de pr\u00e9ciser qu\u2019aucune loi ne pourrait emp\u00eacher l\u2019impl\u00e9mentation des algorithmes correspondants, mais seulement en interdire l\u2019usage.<\/em><\/em><\/em><\/p><cite>Philippe Guillemant<\/cite><\/blockquote>\n\n\n\n<blockquote class=\"wp-block-quote is-layout-flow wp-block-quote-is-layout-flow\"><p><em><em><em><em>La question de savoir si nous allons effectivement rentrer dans ce nouveau monde, ou pas, va donc d\u00e9pendre du niveau d\u2019acceptation du vaccin.<\/em><\/em><\/em><\/em><\/p><cite>Philippe Guillemant<\/cite><\/blockquote>\n\n\n\n<blockquote class=\"wp-block-quote is-layout-flow wp-block-quote-is-layout-flow\"><p><em><em><em>Il est en effet peu probable que l\u2019on oblige chaque citoyen \u00e0 porter une identit\u00e9 num\u00e9rique lors de ses d\u00e9placements si 50% de la population n\u2019est pas vaccin\u00e9e, car on ne va pas limiter \u00e0 ce point la libert\u00e9 de circulation. Par contre, si seulement 5% de la population n\u2019est pas vaccin\u00e9e, il est fort probable qu\u2019on entrera dans ce nouveau monde.<\/em><\/em><\/em><\/p><cite>AuPhilippe Guillemantteur<\/cite><\/blockquote>\n\n\n\n<blockquote class=\"wp-block-quote is-layout-flow wp-block-quote-is-layout-flow\"><p><em><em><em>Donc, je le r\u00e9p\u00e8te, nous ne sommes pas confront\u00e9s \u00e0 un probl\u00e8me sanitaire avec le virus. Ce probl\u00e8me-l\u00e0 est peanuts \u00e0 cot\u00e9 du choix de soci\u00e9t\u00e9 qui se trouve devant nous, qu\u2019une politique de gouvernance mondiale semble avoir d\u00e9j\u00e0 fait \u00e0 notre place.<\/em><\/em><\/em><\/p><cite>Philippe Guillemant<\/cite><\/blockquote>\n","protected":false},"excerpt":{"rendered":"<p>Un article \"ancien\", 24 novembre 2020, expliquant en termes simples les enjeux r\u00e9els de la vaccination covid.Il est int\u00e9ressant de constater que, probablement complotistes en 2020, ces r\u00e9v\u00e9lations se v\u00e9rifient aujourd'hui.<\/p>\n","protected":false},"author":2,"featured_media":0,"comment_status":"open","ping_status":"open","sticky":false,"template":"","format":"standard","meta":{"footnotes":""},"categories":[77,6,13,14,17,19],"tags":[22,28,31],"class_list":["post-1295","post","type-post","status-publish","format-standard","hentry","category-covid19","category-democratie","category-opinion","category-pourquoi","category-ressources","category-vaccin","tag-great-reset","tag-relativiser","tag-vaccin"],"_links":{"self":[{"href":"https:\/\/crudelis.fr\/site\/covid1984\/wp-json\/wp\/v2\/posts\/1295","targetHints":{"allow":["GET"]}}],"collection":[{"href":"https:\/\/crudelis.fr\/site\/covid1984\/wp-json\/wp\/v2\/posts"}],"about":[{"href":"https:\/\/crudelis.fr\/site\/covid1984\/wp-json\/wp\/v2\/types\/post"}],"author":[{"embeddable":true,"href":"https:\/\/crudelis.fr\/site\/covid1984\/wp-json\/wp\/v2\/users\/2"}],"replies":[{"embeddable":true,"href":"https:\/\/crudelis.fr\/site\/covid1984\/wp-json\/wp\/v2\/comments?post=1295"}],"version-history":[{"count":1,"href":"https:\/\/crudelis.fr\/site\/covid1984\/wp-json\/wp\/v2\/posts\/1295\/revisions"}],"predecessor-version":[{"id":2205,"href":"https:\/\/crudelis.fr\/site\/covid1984\/wp-json\/wp\/v2\/posts\/1295\/revisions\/2205"}],"wp:attachment":[{"href":"https:\/\/crudelis.fr\/site\/covid1984\/wp-json\/wp\/v2\/media?parent=1295"}],"wp:term":[{"taxonomy":"category","embeddable":true,"href":"https:\/\/crudelis.fr\/site\/covid1984\/wp-json\/wp\/v2\/categories?post=1295"},{"taxonomy":"post_tag","embeddable":true,"href":"https:\/\/crudelis.fr\/site\/covid1984\/wp-json\/wp\/v2\/tags?post=1295"}],"curies":[{"name":"wp","href":"https:\/\/api.w.org\/{rel}","templated":true}]}}