{"id":1299,"date":"2021-04-10T11:34:29","date_gmt":"2021-04-10T11:34:29","guid":{"rendered":"https:\/\/covid1984.nohost.me\/blog\/?p=1299"},"modified":"2022-08-20T11:07:03","modified_gmt":"2022-08-20T11:07:03","slug":"informations-detaillees-a-propos-des-vaccins-covid-astrazeneca-et-janssen","status":"publish","type":"post","link":"https:\/\/crudelis.fr\/site\/covid1984\/2021\/04\/10\/informations-detaillees-a-propos-des-vaccins-covid-astrazeneca-et-janssen\/","title":{"rendered":"Informations d\u00e9taill\u00e9es \u00e0 propos des vaccins covid AstraZeneca et Janssen"},"content":{"rendered":"\n<p>Explications d\u00e9taill\u00e9es et sourc\u00e9es sur les implications sur la sant\u00e9 des vaccins covid AstraZeneca et Janssen (Johnson &amp; Johnson).<br>Le document est complexe mais int\u00e9ressant \u00e0 lire pour mieux comprendre les effets secondaires remarqu\u00e9s et sous report\u00e9s.<\/p>\n\n\n\n<!--more-->\n\n\n\n<p><a rel=\"noreferrer noopener\" href=\"https:\/\/reinfocovid.fr\/science\/vaxzevria-astrazeneca-et-covid-19-janssen-johnsonjohnson-note-de-synthese-aimsib-reinfocovid\/\" data-type=\"URL\" data-id=\"https:\/\/reinfocovid.fr\/science\/vaxzevria-astrazeneca-et-covid-19-janssen-johnsonjohnson-note-de-synthese-aimsib-reinfocovid\/\" target=\"_blank\">Reinfocovid - VAXZEVRIA (ASTRAZENECA)\u2122 ET COVID-19 JANSSEN (JOHNSON&amp;JOHNSON)\u2122 NOTE DE SYNTH\u00c8SE AIMSIB \/ R\u00c9INFOCOVID<\/a><br><em>Temps de lecture: 20-25 minutes.<\/em><\/p>\n\n\n\n<hr class=\"wp-block-separator is-style-dots\" \/>\n\n\n\n<blockquote class=\"wp-block-quote is-layout-flow wp-block-quote-is-layout-flow\"><p><em>On doit d\u2019ailleurs se demander si l\u2019action de fabriquer de la prot\u00e9ine Spike in situ ne serait pas directement responsable de la production de ces ph\u00e9nom\u00e8nes thrombotiques, g\u00e9n\u00e9ralis\u00e9s ou \u00e0 distance, ce qui du coup pourrait int\u00e9resser l\u2019ensemble des autres technologies vaccinales en pr\u00e9sence.<\/em><\/p><cite>AIMSIB \/ Reinfocovid<\/cite><\/blockquote>\n\n\n\n<blockquote class=\"wp-block-quote is-layout-flow wp-block-quote-is-layout-flow\"><p><em>On peut donc supposer que les effets ind\u00e9sirables post-vaccinaux graves du vaccin Covid-19 Janssen\u2122 pourraient se compter en proportion bien sup\u00e9rieure \u00e0 celle pr\u00e9sent\u00e9e par l\u2019industriel dans le plan d\u2019analyse pr\u00e9-commercial pr\u00e9sent\u00e9 aux r\u00e9gulateurs. La FDA recommande d\u00e9j\u00e0 de surveiller les thromboses en phase de commercialisation ainsi que les convulsions et les d\u00e9sordres vestibulaires (pour ces trois effets ind\u00e9sirables (EI), la balance est d\u00e9s\u00e9quilibr\u00e9e en d\u00e9faveur de la s\u00e9curit\u00e9 du vaccin).<\/em><\/p><cite>AIMSIB \/ Reinfocovid<\/cite><\/blockquote>\n\n\n\n<blockquote class=\"wp-block-quote is-layout-flow wp-block-quote-is-layout-flow\"><p><em><em><em>La base de donn\u00e9es officielles europ\u00e9ennes ADRreports (Adverse Events Reports) rassemblant les effets ind\u00e9sirables des diff\u00e9rents vaccins mettant en exergue de fa\u00e7on claire les thromboses ainsi qu\u2019un nombre inexpliqu\u00e9 de morts soudaines tout \u00e0 fait troublantes, quasiment absentes notamment du vaccin contre la grippe classique. Les effets ind\u00e9sirables graves\u00a0 repr\u00e9sentant pr\u00e8s de 62% des EIG pour AstraZeneca\u2122.<\/em><\/em><\/em><\/p><cite>AIMSIB \/ Reinfocovid<\/cite><\/blockquote>\n\n\n\n<blockquote class=\"wp-block-quote is-layout-flow wp-block-quote-is-layout-flow\"><p><em>On notera enfin un seul cas de thrombose rapport\u00e9 dans toute l\u2019Union Europ\u00e9enne en 2020 pour le vaccin contre la grippe (Split Virion) contre d\u00e9j\u00e0 515 pour AstraZeneca\u2122 en 3 mois dont la grande majorit\u00e9 chez des patients entre 18 et 64 ans. Ce niveau d\u2019alerte l\u00e9gitimant les actions de retraits de certains pays du vaccin AstraZeneca\u2122.<\/em><\/p><cite>AIMSIB \/ Reinfocovid<\/cite><\/blockquote>\n\n\n\n<blockquote class=\"wp-block-quote is-layout-flow wp-block-quote-is-layout-flow\"><p><em><em><em>On rappelle que l\u2019EMA est dirig\u00e9e depuis Novembre 2020 par Madame Emer Cooke, Irlandaise, auparavant cadre dans l\u2019Association Europ\u00e9enne des groupes\u00a0 pharmaceutiques aupr\u00e8s de l\u2019Union Europ\u00e9enne \u00e0 Bruxelles, poste\u00a0 extraordinairement d\u00e9pendant des industriels du m\u00e9dicament.<\/em><\/em><\/em><\/p><cite>AIMSIB \/ Reinfocovid<\/cite><\/blockquote>\n\n\n\n<blockquote class=\"wp-block-quote is-layout-flow wp-block-quote-is-layout-flow\"><p><em><em><em>La r\u00e9flexion autour de la gravit\u00e9 des EIG signal\u00e9s et pris en compte par les autorit\u00e9s Europ\u00e9ennes ne peut \u00eatre \u00e9lud\u00e9e, il s\u2019agit bien d\u2019une volont\u00e9 concert\u00e9e de tous les \u00c9tats ensemble de ne pas vouloir prendre en compte la r\u00e9alit\u00e9 objective des d\u00e9g\u00e2ts r\u00e9els subis par la population du fait de ces produits vaccinaux parce que les industriels en cause ont pris la main sur l\u2019ensemble des administrations sanitaires, leur communication, leurs m\u00e9dias et tous les r\u00e9seaux sociaux disponibles en Europe de l\u2019Ouest.<\/em><\/em><\/em><\/p><cite>AIMSIB \/ Reinfocovid<\/cite><\/blockquote>\n","protected":false},"excerpt":{"rendered":"<p>Explications d\u00e9taill\u00e9es et sourc\u00e9es sur les implications sur la sant\u00e9 des vaccins covid AstraZeneca et Janssen (Johnson &amp; Johnson).Le document est complexe mais int\u00e9ressant \u00e0 lire pour mieux comprendre les effets secondaires remarqu\u00e9s et sous report\u00e9s.<\/p>\n","protected":false},"author":2,"featured_media":0,"comment_status":"open","ping_status":"open","sticky":false,"template":"","format":"standard","meta":{"footnotes":""},"categories":[77,20,17,19],"tags":[31],"class_list":["post-1299","post","type-post","status-publish","format-standard","hentry","category-covid19","category-danger-vaccin","category-ressources","category-vaccin","tag-vaccin"],"_links":{"self":[{"href":"https:\/\/crudelis.fr\/site\/covid1984\/wp-json\/wp\/v2\/posts\/1299","targetHints":{"allow":["GET"]}}],"collection":[{"href":"https:\/\/crudelis.fr\/site\/covid1984\/wp-json\/wp\/v2\/posts"}],"about":[{"href":"https:\/\/crudelis.fr\/site\/covid1984\/wp-json\/wp\/v2\/types\/post"}],"author":[{"embeddable":true,"href":"https:\/\/crudelis.fr\/site\/covid1984\/wp-json\/wp\/v2\/users\/2"}],"replies":[{"embeddable":true,"href":"https:\/\/crudelis.fr\/site\/covid1984\/wp-json\/wp\/v2\/comments?post=1299"}],"version-history":[{"count":1,"href":"https:\/\/crudelis.fr\/site\/covid1984\/wp-json\/wp\/v2\/posts\/1299\/revisions"}],"predecessor-version":[{"id":2203,"href":"https:\/\/crudelis.fr\/site\/covid1984\/wp-json\/wp\/v2\/posts\/1299\/revisions\/2203"}],"wp:attachment":[{"href":"https:\/\/crudelis.fr\/site\/covid1984\/wp-json\/wp\/v2\/media?parent=1299"}],"wp:term":[{"taxonomy":"category","embeddable":true,"href":"https:\/\/crudelis.fr\/site\/covid1984\/wp-json\/wp\/v2\/categories?post=1299"},{"taxonomy":"post_tag","embeddable":true,"href":"https:\/\/crudelis.fr\/site\/covid1984\/wp-json\/wp\/v2\/tags?post=1299"}],"curies":[{"name":"wp","href":"https:\/\/api.w.org\/{rel}","templated":true}]}}