{"id":1335,"date":"2021-04-14T16:32:08","date_gmt":"2021-04-14T16:32:08","guid":{"rendered":"https:\/\/covid1984.nohost.me\/blog\/?p=1335"},"modified":"2022-08-20T11:06:12","modified_gmt":"2022-08-20T11:06:12","slug":"covid-19-ses-vaccins-ses-traitements-ses-mensonges","status":"publish","type":"post","link":"https:\/\/crudelis.fr\/site\/covid1984\/2021\/04\/14\/covid-19-ses-vaccins-ses-traitements-ses-mensonges\/","title":{"rendered":"Covid-19 - ses vaccins, ses traitements, ses mensonges"},"content":{"rendered":"\n<p>D\u00e8s la fin de l\u2019ann\u00e9e 2019, elle est apparue. La Covid-19. Cette maladie dite des coronavirus qui sont habituellement b\u00e9nins, comme le rhume. Plus graves, ils peuvent d\u00e9velopper des complications respiratoires de type pneumonie en cas d'infection comme le confirme le site <a rel=\"noreferrer noopener\" href=\"https:\/\/www.doctissimo.fr\/sante\/epidemie\/coronavirus-chinois\/coronavirus-definition\" target=\"_blank\"><u>Doctissimo<\/u><\/a>.<\/p>\n\n\n\n<p>Tr\u00e8s vite, des laboratoires se sont pr\u00e9cipit\u00e9s pour nous pr\u00e9parer leur salvateur s\u00e9rum. Pfizer, AstraZeneca, Johnson &amp; Johnson, Moderna, Novovax, Novartis et bien d\u2019autres encore. En parall\u00e8le, des m\u00e9decins de ville, des scientifiques ont eux aussi cherch\u00e9 des rem\u00e8des pour y mettre fin. Tr\u00e8s vite trouv\u00e9s, tr\u00e8s vite refus\u00e9s voire m\u00eame interdits, comme le titre <a rel=\"noreferrer noopener\" href=\"https:\/\/www.latribune.fr\/opinions\/tribunes\/covid-19-la-course-au-vaccin-ne-doit-pas-faire-oublier-les-traitements-864121.html\" target=\"_blank\"><u>La Tribune<\/u><\/a>&nbsp;: <em>Covid-19&nbsp;: la course au vaccin ne doit pas faire oublier les traitements&nbsp;!<\/em><\/p>\n\n\n\n<p>Pourtant depuis le d\u00e9but de la pand\u00e9mie, des m\u00e9decins ne cessent de nous l\u2019annoncer, il y a des traitements m\u00e9dicamenteux voire m\u00eame naturels. Dans cette vid\u00e9o d\u20191h27 intitul\u00e9e <a rel=\"noreferrer noopener\" href=\"https:\/\/odysee.com\/@JeanJosephRubeck:a\/Mal-trait%C3%A9:6\" data-type=\"URL\" data-id=\"https:\/\/odysee.com\/@JeanJosephRubeck:a\/Mal-trait%C3%A9:6\" target=\"_blank\">Mal trait\u00e9s<\/a>, men\u00e9e par du vrai journalisme, des recherches ont r\u00e9v\u00e9l\u00e9 comment notre gouvernement a laiss\u00e9 mourir des gens alors que des m\u00e9decins et scientifiques avaient trouv\u00e9 maintes solutions pour en venir \u00e0 bout. Tous nous expliquent leurs traitements qui ont \u00e9t\u00e9 efficaces pour soigner ces hommes et ces femmes infect\u00e9s par le virus du Covid-19 mais tr\u00e8s vite interdits de prescrire ou m\u00eame de d\u00e9voiler leur savoir au risque de se faire radier de l\u2019ordre des m\u00e9decins. Leur serment d\u2019Hippocrate n\u2019aura donc pas \u00e9t\u00e9 respect\u00e9.<\/p>\n\n\n\n<p>Pourquoi refuser d\u2019\u00e9couter les m\u00e9decins des villes qui sont au plus pr\u00e8s de leurs patients&nbsp;? Il y aurait-il une histoire de gros sous&nbsp;? Tout d\u00e9but f\u00e9vrier 2021, <a rel=\"noreferrer noopener\" href=\"https:\/\/www.europe1.fr\/emissions\/L-edito-eco2\/covid-19-pfizer-annonce-15-milliards-de-revenus-grace-a-son-vaccin-4022707\" target=\"_blank\"><u>Pfizer<\/u><\/a> annon\u00e7ait fi\u00e8rement que gr\u00e2ce \u00e0 son vaccin qui a \u00e9t\u00e9 valid\u00e9 rapidement, il comptait r\u00e9aliser 15 milliards de dollars de ventes et des profits confortables. De quoi donner le tournis pour des vaccins dont on ne conna\u00eet pas grand-chose et qui sont, il ne faut pas l\u2019oublier, encore en phase d\u2019essai. Sans conna\u00eetre les r\u00e9els effets secondaires \u00e0 moyen et long terme, beaucoup se ravit de voir, qu\u2019\u00e0 t\u00e2tons, on injecte ce fameux s\u00e9rum dans l\u2019espoir que peut-\u00eatre, tout cela mettra un terme \u00e0 cette pand\u00e9mie. Notre sant\u00e9 passerait donc apr\u00e8s leurs finances.<\/p>\n\n\n\n<p>Fin d\u00e9cembre 2020, un nouveau vaccin est arriv\u00e9, celui d\u2019AstraZeneca. Tr\u00e8s vite annonc\u00e9 et tr\u00e8s vite inqui\u00e9t\u00e9, <a rel=\"noreferrer noopener\" href=\"https:\/\/www.cnews.fr\/monde\/2021-01-28\/lallemagne-deconseille-le-vaccin-dastrazeneca-aux-plus-de-65-ans-le-laboratoire-se\" target=\"_blank\">l\u2019Allemagne<\/a> le d\u00e9conseille aussit\u00f4t aux plus de 65 ans alors que la <a rel=\"noreferrer noopener\" href=\"https:\/\/www.rtbf.be\/info\/dossier\/epidemie-de-coronavirus\/detail_vaccin-anti-coronavirus-le-conseil-superieur-de-la-sante-deconseille-le-vaccin-d-astrazeneca-pour-les-plus-de-55-ans?id=10688199\" target=\"_blank\">Belgique<\/a> au moins de 55 ans. Les deux pays consid\u00e9rant que les donn\u00e9es disponibles sont insuffisantes pour \u00e9valuer l\u2019efficacit\u00e9 du vaccin sur les personnes \u00e2g\u00e9es. De son c\u00f4t\u00e9, <a rel=\"noreferrer noopener\" href=\"https:\/\/www.zinfos-moris.com\/L-Afrique-du-Sud-suspend-sa-campagne-de-vaccination-avec-les-doses-du-vaccin-AstraZeneca-a-Maurice-elle-est-maintenue_a20594.html\" target=\"_blank\">l\u2019Afrique du Sud<\/a> juge son efficacit\u00e9 \u00e0 22% contre les formes mod\u00e9r\u00e9es du variant sud-africain et pr\u00e9f\u00e8re suspendre son utilisation. Elle ne reviendra pas sur sa d\u00e9cision.<\/p>\n\n\n\n<p>Un vaccin qui inqui\u00e8te mais pas suffisamment pour la France o\u00f9 ce sont les soignants qui ont eu le privil\u00e8ge de se faire vacciner en premier avec ce fameux s\u00e9rum. D\u00e8s le 4 janvier 2021, l\u2019h\u00f4pital de <a rel=\"noreferrer noopener\" href=\"https:\/\/actu.fr\/normandie\/dieppe_76217\/la-campagne-de-vaccination-a-debute-ce-5-janvier-2021-a-dieppe_38524867.html\" target=\"_blank\">Dieppe<\/a>, comme beaucoup en France, ont lanc\u00e9 la campagne de vaccination, journalistes et photographes pour marquer le coup. Mais tr\u00e8s vite, les probl\u00e8mes sont apparus. En effet, deux semaines plus tard, <a rel=\"noreferrer noopener\" href=\"https:\/\/www.ladepeche.fr\/2021\/01\/22\/covid-19-un-cluster-incontrolable-a-dieppe-plus-de-260-personnes-contaminees-9327416.php\" target=\"_blank\">La D\u00e9p\u00eache<\/a> nous annon\u00e7ait un cluster incontr\u00f4lable de plus de 260 personnes contamin\u00e9es dans ce m\u00eame h\u00f4pital, soit 140 professionnels de la sant\u00e9 et 123 patients. Cherchez l\u2019erreur.<\/p>\n\n\n\n<p>L\u2019inqui\u00e9tude grandit un peu partout dans les h\u00f4pitaux o\u00f9 20% \u00e0 25% du personnel soignant vaccin\u00e9 auraient ressenti des syndromes grippaux avec maux de t\u00eate et fortes fi\u00e8vres, malaises, hypertension, des effets secondaires qu\u2019on pr\u00e9f\u00e8re <a rel=\"noreferrer noopener\" href=\"https:\/\/www.sudouest.fr\/sante\/coronavirus\/vaccin\/vaccins-pfizer-biontech-et-astrazeneca-des-signaux-a-surveiller-agence-du-medicament-1289491.php\" target=\"_blank\">surveiller<\/a>.<\/p>\n\n\n\n<p>D\u00e9tourner le regard et faire oublier ces d\u00e9sagr\u00e9ments, nos gouvernants savent bien faire. Mi f\u00e9vrier 2021, tout est fait pour nous convaincre du contraire. Apr\u00e8s que ce vaccin ait \u00e9t\u00e9 rejet\u00e9 par l\u2019Afrique et par les soignants fran\u00e7ais, d\u00e9conseill\u00e9 aux plus de 65 ans en Allemagne et 55 ans en Belgique, les premi\u00e8res contrev\u00e9rit\u00e9s affluent. \u00ab&nbsp;<em>Le vaccin AstraZeneca n\u2019est pas un vaccin de seconde zone. C\u2019est un vaccin pour lequel le taux d\u2019efficacit\u00e9 est tr\u00e8s bon,...avec un \u00ab&nbsp;taux de protection est d\u2019un peu plus de 80&nbsp;% ... donc pas tr\u00e8s loin du taux annonc\u00e9 par les vaccins ARN, comme ceux de Pfizer\/BioNTech ou Moderna \u00e9galement utilis\u00e9s en France&nbsp;\u00bb <\/em>nous annon\u00e7ait fi\u00e8rement Alain Fisher, notre <a rel=\"noreferrer noopener\" href=\"https:\/\/www.lindependant.fr\/2021\/02\/18\/covid-19-pour-alain-fisher-monsieur-vaccin-en-france-le-vaccin-astrazeneca-protege-bien-et-est-sur-9380464.php\" target=\"_blank\">monsieur vaccin<\/a>.<\/p>\n\n\n\n<p>Deux semaines plus tard, c\u2019est au tour d\u2019Olivier V\u00e9ran d\u2019\u00e9crire aux soignants pour les inciter <a rel=\"noreferrer noopener\" href=\"https:\/\/www.francetvinfo.fr\/sante\/maladie\/coronavirus\/vaccin\/il-en-va-de-notre-securite-collective-dans-une-lettre-olivier-veran-incite-les-soignants-a-se-faire-vacciner_4321483.html\" target=\"_blank\">\u00e0 se faire vacciner<\/a>. <em>\"Je vous le demande, pour vous-m\u00eame, votre entourage, les Fran\u00e7ais. Si vous n'\u00eates pas encore vaccin\u00e9s, faites le rapidement. Il en va de notre s\u00e9curit\u00e9 collective.\" <\/em>Seul un tiers des soignants ont re\u00e7u une injection. Mais apr\u00e8s avoir support\u00e9 les effets secondaires du vaccin suite \u00e0 une campagne de vaccination, un syndicat d\u2019infirmiers se justifie&nbsp;: \u00ab <a rel=\"noreferrer noopener\" href=\"https:\/\/www.francetvinfo.fr\/sante\/maladie\/coronavirus\/vaccin\/covid-19-le-vaccin-astrazeneca-n-est-pas-assez-efficace-pour-une-population-aussi-exposee-que-les-soignants-justifie-un-syndicat-d-infirmiers_4320907.amp\" target=\"_blank\">Le vaccin AstraZeneca<\/a> n\u2019est pas assez efficace pour une population aussi expos\u00e9e que les soignants&nbsp;\u00bb<\/p>\n\n\n\n<p>Mais obliger les soignants \u00e0 se faire vacciner causerait un gros probl\u00e8me puisque le 27 janvier 2021, <a rel=\"noreferrer noopener\" href=\"https:\/\/www.francesoir.fr\/societe-sante\/le-conseil-de-leurope-affirme-que-la-vaccination-ne-doit-etre-ni-obligatoire-ni\" target=\"_blank\">le conseil de l'Europe<\/a> a sign\u00e9 la r\u00e9solution 2361, qui recommande que les vaccinations dans les \u00c9tats membres ne soient pas obligatoires.&nbsp;En outre, les personnes qui n'ont pas \u00e9t\u00e9 vaccin\u00e9es ne doivent en aucune mani\u00e8re faire l'objet de discrimination. Une entrave aux projets de \u00abpasseports vaccinaux\u00bb ? Le Conseil de l'Europe est une \u00ab&nbsp;vigie&nbsp;\u00bb des droits de l'homme mais ses recommandations ne sont pas contraignantes.<\/p>\n\n\n\n<p>Donc, l\u2019annonce d\u2019Olivier V\u00e9ran n\u2019est pas l\u00e9gitime. Ce qui ne semble pas vraiment d\u00e9ranger ce monsieur, puisqu\u2019il y a peu, il s\u2019est m\u00eame permis d\u2019annoncer que <a rel=\"noreferrer noopener\" href=\"https:\/\/www.francesoir.fr\/actualites-france\/ehpad-les-residents-pourront-sortir-sils-sont-vaccines-annonce-veran\" target=\"_blank\">les r\u00e9sidents<\/a> des EHPAD pourront sortir s'ils sont vaccin\u00e9s&nbsp;\u00bb. Prisonniers depuis plus d\u2019un an, ils n\u2019ont plus de choix, choix totalement ill\u00e9gal. Accuser les soignants d\u2019\u00eatre responsables d\u2019infecter les patients et les personnes \u00e2g\u00e9es des EHPAD est une nouvelle solution de nos gouvernants pour imposer, sans obliger, une vaccination tant redout\u00e9e. Souvenons-nous qu\u2019au d\u00e9but du mois de janvier, plusieurs soignants ont \u00e9t\u00e9 vaccin\u00e9s et ont aussit\u00f4t ressenti des effets secondaires importants comme l\u2019expliquait le journal TV <a rel=\"noreferrer noopener\" href=\"https:\/\/www.francetvinfo.fr\/sante\/maladie\/coronavirus\/vaccin\/covid-19-effets-secondaires-importants-du-vaccin-astrazeneca-sur-des-soignants-a-rouen_4294523.html\" target=\"_blank\">France Info<\/a>.<\/p>\n\n\n\n<p>Aurions-nous trop vite oublier l\u2019histoire du Rivotril&nbsp;? Ce m\u00e9dicament qui a \u00e9t\u00e9 largement prescrit \u00e0 des r\u00e9sidents des EHPAD, atteints ou peut-\u00eatre pas du virus comme le pr\u00e9cise <a rel=\"noreferrer noopener\" href=\"https:\/\/covidinfos.net\/covid19\/oliver-veran-reconnait-que-les-deces-covid-en-ephad-ne-sont-bases-que-sur-des-suspicions-de-covid\/2461\/\" target=\"_blank\">Olivier V\u00e9ran<\/a> qui a reconnu, le 4 novembre 2020 devant l\u2019Assembl\u00e9e Nationale que les prescriptions de ce m\u00e9dicament ne sont bas\u00e9es que sur des suspicions de covid-19. D\u2019apr\u00e8s le <a rel=\"noreferrer noopener\" href=\"https:\/\/www.vidal.fr\/medicaments\/gammes\/rivotril-8874.html\" target=\"_blank\"><u>Vidal<\/u><\/a>, bible du m\u00e9dicament que tous les m\u00e9decins se servent tous les jours, ce m\u00e9dicament est contre indiqu\u00e9 en cas d\u2019insuffisance respiratoire grave.<\/p>\n\n\n\n<p><em>\u00ab&nbsp;Combien de morts sur ordonnances dans les EHPADS ou \u00e0 domicile avec le Rivotril\u00ae, \u00e0 cause du covid et des refus d\u2019hospitaliser ?&nbsp;\u00bb <\/em>se demande le magazine <a rel=\"noreferrer noopener\" href=\"https:\/\/www.francesoir.fr\/opinions-tribunes\/chronique-covid-ndeg33-combien-de-morts-sur-ordonnances-dans-les-ehpads-ou\" target=\"_blank\">FranceSoir<\/a>.<\/p>\n\n\n\n<p>Malgr\u00e9 tous les efforts de nos gouvernants pour nous faire accepter ces fameux s\u00e9rums, dont il faut le rappeler, nous ne savons rien des effets secondaires \u00e0 moyen et long terme, beaucoup s\u2019inqui\u00e8tent de ce vaccin qui provoque une <a rel=\"noreferrer noopener\" href=\"https:\/\/www.francesoir.fr\/societe-sante\/vaccin-astrazeneca-une-defiance-legitime\" target=\"_blank\">d\u00e9fiance l\u00e9gitime<\/a>, des patients jusqu\u2019aux scientifiques. Surtout que le 11 mars 2021, de nouvelles accusations concernant le vaccin AstraZeneca font de nouveau trembler nos gouvernants pr\u00eats \u00e0 tout pour nous faire vacciner co\u00fbte que co\u00fbte. Apr\u00e8s que l\u2019Autriche annon\u00e7ait le d\u00e9c\u00e8s d\u2019une <a rel=\"noreferrer noopener\" href=\"https:\/\/www.midilibre.fr\/2021\/03\/09\/coronavirus-une-infirmiere-meurt-apres-linjection-du-vaccin-astrazeneca-en-autriche-le-lot-retire-9416549.php\" target=\"_blank\">infirmi\u00e8re<\/a> de 49 ans suite \u00e0 de graves troubles de coagulation, quelques jours apr\u00e8s avoir re\u00e7u le vaccin, <a rel=\"noreferrer noopener\" href=\"https:\/\/www.lci.fr\/sante\/covid-19-coronavirus-pandemie-islande-italie-orvege-danemark-afrique-du-sud-plusieurs-pays-limitent-l-usage-d-astrazeneca-2180459.html\" target=\"_blank\">plusieurs pays<\/a> ont pr\u00e9f\u00e9r\u00e9 retarder ou suspendre la vaccination AstraZeneca. Le jeudi 11 mars 2021, le Danemark, la Norv\u00e8ge et l'Islande ont d\u00e9cid\u00e9 d'en suspendre son utilisation, jusqu'\u00e0 nouvel ordre. Dans la nuit, ils ont \u00e9t\u00e9 rejoints par la Tha\u00eflande et par la Bulgarie puis le lendemain, l\u2019Italie, l'Autriche, l'Estonie, la Lituanie, la Lettonie et le Luxembourg ont opt\u00e9 pour la suspension d'un seul lot de vaccin. Dans notre beau pays, le soir m\u00eame des accusations, nos gouvernants fran\u00e7ais se sont ru\u00e9s devant les micros pour encore une fois nous rassurer malgr\u00e9 les inqui\u00e9tudes en invoquant \u00ab&nbsp;pas d'exc\u00e8s de thromboses avec le vaccin <a rel=\"noreferrer noopener\" href=\"https:\/\/www.lesechos.fr\/industrie-services\/pharmacie-sante\/covid-plusieurs-pays-suspendent-par-precaution-le-recours-au-vaccin-dastrazeneca-1297503\" target=\"_blank\">d'AstraZeneca<\/a>&nbsp;\u00bb<\/p>\n\n\n\n<p>Quelques jours plus tard en Norv\u00e8ge, soit le 18 mars 2021, <a rel=\"noreferrer noopener\" href=\"https:\/\/www.francesoir.fr\/societe-sante\/vaccination-le-professeur-holme-declare-avoir-trouve-la-cause-sur-les-effets\" target=\"_blank\"><u>le professeur Holme d\u00e9clare avoir trouv\u00e9 la cause des effets secondaires<\/u><\/a> attribu\u00e9s au vaccin AstraZeneca.<em> \u00ab&nbsp;C\u2019est la premi\u00e8re explication m\u00e9dicale autre que la r\u00e9ponse obtenue \u00e0 maintes reprises des autorit\u00e9s, qui affirmaient qu\u2019il n\u2019y avait pas de lien de causalit\u00e9 d\u00e9montr\u00e9 entre la vaccination et les effets secondaires. Cette explication apporte un \u00e9clairage important sur les effets de la vaccination, cependant nous ne savons toujours pas si l\u2019Agence europ\u00e9enne des m\u00e9dicaments prendra cette d\u00e9couverte en consid\u00e9ration dans son \u00e9valuation de ce traitement<\/em>.&nbsp;\u00bb<\/p>\n\n\n\n<p>Comme \u00e0 leur habitude, l\u2019Union Europ\u00e9enne ainsi que notre gouvernement ont pr\u00e9f\u00e9r\u00e9 ne pas prendre en consid\u00e9ration cette d\u00e9claration et poursuit avec regain, notre futur bien incertain. \u00c0 commencer par ce prochain <a rel=\"noreferrer noopener\" href=\"https:\/\/www.latribune.fr\/economie\/union-europeenne\/le-parlement-europeen-pret-a-generaliser-le-passeport-sanitaire-debut-juin-881188.html\" target=\"_blank\">passeport sanitaire<\/a> qui devrait se mettre en place d\u00e8s le 15 juin, <a rel=\"noreferrer noopener\" href=\"https:\/\/www.francesoir.fr\/politique-france\/passeport-vaccinal-un-certificat-de-sante-europeen-malgre-un-avis-tres-defavorable\" target=\"_blank\">malgr\u00e9 un avis tr\u00e8s d\u00e9favorable<\/a> de la population fran\u00e7aise et s\u00fbrement europ\u00e9enne.<\/p>\n\n\n\n<p>\u00c0 \u00e9couter nos gouvernants, la seule issue \u00e0 leurs restrictions est la vaccination. Mais comment peut-on avoir confiance aux vaccins. Derni\u00e8re info tombant le 5 mars 2021, les vaccins <a rel=\"noreferrer noopener\" href=\"https:\/\/www.midilibre.fr\/2021\/03\/04\/coronavirus-les-vaccins-pfizer-et-moderna-causent-des-gonflements-visibles-sur-les-mammographies-9408018.php\" target=\"_blank\">Pfizer et Moderna<\/a> causent des gonflements visibles sur les mammographies. Les radiologues nous assurent \u00ab&nbsp;<em>que dans le cas des patientes ayant re\u00e7u le vaccin,<\/em><strong><em> cette r\u00e9action est aussi normale que&nbsp;b\u00e9nigne. <\/em><\/strong><em>Il provient d'une r\u00e9action des ganglions lymphatiques au s\u00e9rum. Elle doit cependant faire l'objet d'une <\/em><strong><em>surveillance m\u00e9dicale <\/em><\/strong><em>si la zone ne d\u00e9senfle pas ou si la patiente a des ant\u00e9c\u00e9dents m\u00e9dicaux&nbsp;particuliers.<\/em><br><em>Les femmes sont invit\u00e9es \u00e0 <strong>pr\u00e9voir un d\u00e9pistage du cancer du sein<\/strong> avant de recevoir leur premi\u00e8re dose de vaccin contre le Covid-19. Pour celles qui l'ont d\u00e9j\u00e0 re\u00e7ue, il est conseill\u00e9 d'attendre quatre \u00e0 six semaines apr\u00e8s la seconde&nbsp;dose pour prendre rendez-vous pour une mammographie.&nbsp;L'h\u00f4pital du Massachusetts a par ailleurs incit\u00e9 les patients \u00e0 ne pas retarder leur vaccination et \u00e0 se rendre \u00e0 leurs examens m\u00e9dicaux&nbsp;\u00bb<\/em><\/p>\n\n\n\n<p>Beaucoup d\u2019encre crach\u00e9e sur AstraZeneca, mais la question se pose&nbsp;: Y a t-il vraiment une diff\u00e9rence entre les Pfizer-BioNTech, Moderna, AstraZeneca, Sputnick V, Johnson &amp; Johnson et le vaccin chinois Sinovac&nbsp;? Sur <a href=\"https:\/\/twitter.com\/PeterbobBaze\/status\/1370681613852540931\" data-type=\"URL\" data-id=\"https:\/\/twitter.com\/PeterbobBaze\/status\/1370681613852540931\" target=\"_blank\" rel=\"noreferrer noopener\">Twitter<\/a>, le Dr El Baze d\u00e9nonce la r\u00e9alit\u00e9 sur les diff\u00e9rents vaccins que l\u2019on peut retrouver ci-dessous.<\/p>\n\n\n\n<figure class=\"wp-block-image size-large\"><a href=\"https:\/\/crudelis.fr\/site\/covid1984\/wp-content\/uploads\/sites\/8\/2020\/11\/EwWjPYzXAAQB5_h.jpeg\" target=\"_blank\" rel=\"noopener\"><img decoding=\"async\" src=\"https:\/\/crudelis.fr\/site\/covid1984\/wp-content\/uploads\/sites\/8\/2020\/11\/EwWjPYzXAAQB5_h.jpeg\" alt=\"\"\/><\/a><\/figure>\n\n\n\n<p>Tous, sauf le vaccin chinois Sinovac, sont des th\u00e9rapies g\u00e9niques comme le d\u00e9non\u00e7ait le Professeur <a rel=\"noreferrer noopener\" href=\"https:\/\/www.francesoir.fr\/opinions-societe-sante\/vaccin-arnm-lappel-solennel-du-pr-perronne\" target=\"_blank\">Christian Perronne<\/a> \u00ab<em><strong>Le pire est que les premiers \u00ab vaccins \u00bb qu'on nous propose ne sont pas des vaccins, mais des produits de th\u00e9rapie g\u00e9nique.<\/strong>&nbsp;On va injecter des acides nucl\u00e9iques qui provoqueront la fabrication d'\u00e9l\u00e9ments du virus par nos propres cellules.&nbsp;On ne conna\u00eet absolument pas les cons\u00e9quences de cette injection, car c'est une premi\u00e8re chez l'homme. Et si les cellules de certains \u00ab vaccin\u00e9s \u00bb fabriquaient trop d'\u00e9l\u00e9ments viraux, entra\u00eenant des r\u00e9actions incontr\u00f4lables dans notre corps ?&nbsp;<\/em>\u00bb<\/p>\n\n\n\n<p>Donc le Professeur Christian Perronne avait raison. \u00c0 ce demander qui sont les complotistes.<\/p>\n\n\n\n<p><u><a href=\"https:\/\/www.hemdifferently.com\/fr-fr\/quels-sont-les-risques-de-la-therapie-genique\/\" target=\"_blank\" rel=\"noreferrer noopener\">Quels sont les risques de la th\u00e9rapie g\u00e9nique<\/a><\/u> ? En essai depuis plusieurs ann\u00e9es, les risques restent toujours importants. La Soci\u00e9t\u00e9 Fran\u00e7aise de Th\u00e9rapie Cellulaire et G\u00e9nique consid\u00e9rait encore en 2019 qu\u2019il y a <a rel=\"noreferrer noopener\" href=\"https:\/\/www.sftcg.fr\/Patients-et-grand-public\/Encore-des-freins-%C3%A0-lever---risques---%C3%A9thique.aspx\" target=\"_blank\"><u>encore des freins<\/u><\/a> \u00e0 lever et des risques. \u00c0 cette m\u00eame \u00e9poque, l\u2019EMA (Agence Europ\u00e9enne du M\u00e9dicament) qui la consid\u00e9rait encore comme \u00ab&nbsp;une approche m\u00e9dicale r\u00e9cente&nbsp;\u00bb, demandait des \u00e9tudes plus approfondies.<\/p>\n\n\n\n<p>Encore une fois, les effets secondaires \u00e0 moyens et longs termes ne sont pas connus \u00e0 ce jour, puisque toujours en phase exp\u00e9rimentale comme le pr\u00e9cise <a rel=\"noreferrer noopener\" href=\"https:\/\/www.tvlibertes.com\/le-samedi-politique-covid-vaccin-la-geneticienne-alexandra-henrion-caude-nous-dit-tout\" target=\"_blank\">Madame Alexandra Henrion-Caude, g\u00e9n\u00e9ticienne<\/a> mondialement reconnue et ancienne directrice de l\u2019Inserm, dans une vid\u00e9o d\u2019une heure o\u00f9 elle nous parle du covid-19 et de ses vaccins. Alors que certains nous affirment que l\u2019ARN ne modifie pas l\u2019ADN, cette g\u00e9n\u00e9ticienne nous assure le contraire. Qui croire&nbsp;? L\u2019avenir nous le dira.<\/p>\n\n\n\n<p>Des vaccins, seul rem\u00e8de \u00e0 ce virus ? D\u00e8s le d\u00e9but de la pand\u00e9mie, beaucoup de m\u00e9decins ont trouv\u00e9 des solutions pour gu\u00e9rir leurs patients. Mais tr\u00e8s vite, le gouvernement interdit l'<a rel=\"noreferrer noopener\" href=\"https:\/\/france3-regions.francetvinfo.fr\/provence-alpes-cote-d-azur\/bouches-du-rhone\/marseille\/coronavirus-haut-conseil-sante-publique-siffle-fin-partie-hydroxychloroquine-interdite-france-1833556.html\" target=\"_blank\"><u>hydroxychloroquine<\/u><\/a> suite \u00e0 une \u00e9tude pointant l'inefficacit\u00e9 et les risques de ce m\u00e9dicament pour les malades du Covid-19. Dans un m\u00eame temps, ce m\u00eame gouvernement, en a command\u00e9 <a rel=\"noreferrer noopener\" href=\"http:\/\/www.profession-gendarme.com\/le-gouvernement-interdit-hydroxychloroquine-mais-en-commande-des-tonnes-pour-larmee\/\" target=\"_blank\"><u>des tonnes pour l'arm\u00e9e<\/u><\/a>. Bon pour les uns, mais dangereux pour les autres.<\/p>\n\n\n\n<p>En janvier 2021, un nouveau m\u00e9dicament contre le covid 19 fait parler de lui. L\u2019ivermectine qui sera aussit\u00f4t d\u00e9cri\u00e9, comme pour tous les autres traitements propos\u00e9s et qui sont pass\u00e9s \u00e0 la trappe, malgr\u00e9 la preuve de leur efficacit\u00e9. Alors qu\u2019il a d\u00e9montr\u00e9 son efficacit\u00e9 contre le virus dans plusieurs pays, ce traitement est snob\u00e9 par les autorit\u00e9s sanitaires occidentales et notamment fran\u00e7aises. En mars 2020, une \u00e9pid\u00e9mie de gale est survenue dans un EHPAD de Seine-et-Marne. Pour soigner cette maladie parasitaire, le docteur Charlotte Bernigaud, dermatologue, a trait\u00e9 l\u2019ensemble des r\u00e9sidents et employ\u00e9s de l\u2019\u00e9tablissement. Seulement 1,4% des occupants (personnel compris) ont eu le virus avec des sympt\u00f4mes mod\u00e9r\u00e9s, pas d\u2019oxyg\u00e8ne ni hospitalisation et aucun mort n\u2019a \u00e9t\u00e9 \u00e0 d\u00e9plorer. <a rel=\"noreferrer noopener\" href=\"https:\/\/www.capital.fr\/economie-politique\/ivermectine-la-france-passe-t-elle-a-cote-dun-medicament-efficace-contre-la-covid-19-1397573\" target=\"_blank\">La France passe-t-elle \u00e0 c\u00f4t\u00e9 d'un m\u00e9dicament efficace pour contre la covid-19<\/a> ?<\/p>\n\n\n\n<p>Rien ne peut venir \u00e0 bout de ce virus, \u00e0 part les vaccins. Pourtant, les <a rel=\"noreferrer noopener\" href=\"https:\/\/www.ouest-france.fr\/sante\/virus\/coronavirus-les-chinois-se-ruent-sur-un-remede-traditionnel-6717807\" target=\"_blank\"><u>chinois<\/u><\/a> ont l\u2019air de s\u2019en \u00eatre bien sortis. D\u00e8s le d\u00e9but de la pand\u00e9mie, tous se sont ru\u00e9s dans les pharmacies pour s\u2019octroyer le fameux traitement&nbsp;\u00ab&nbsp;Shuanghuanglian&nbsp;\u00bb un <a rel=\"noreferrer noopener\" href=\"https:\/\/www.franceinter.fr\/societe\/contre-le-covid-19-ces-pays-misent-sur-des-remedes-naturels-ou-traditionnels-aux-effets-tres-incertains\" target=\"_blank\"><u>remede naturel traditionnel<\/u><\/a>. En mars 2021, la campagne de vaccination en Chine tourne au ralenti. Moins de 4% des Chinois ont re\u00e7u une premi\u00e8re dose de vaccin contre le Covid-19. Au Journal t\u00e9l\u00e9vis\u00e9 de <a rel=\"noreferrer noopener\" href=\"https:\/\/www.francetvinfo.fr\/replay-jt\/france-2\/20-heures\/jt-de-20h-du-jeudi-11-mars-2021_4302951.html\" target=\"_blank\"><u>20 heures du jeudi 11 mars 2021<\/u><\/a>, une vid\u00e9o nous explique que pour le pays, il n\u2019y a pas d\u2019urgence. Malgr\u00e9 toutes les critiques concernant leur m\u00e9decine traditionnelle, ceux-ci s\u2019en sont beaucoup mieux sortis que nous.<\/p>\n\n\n\n<p>Pourtant ce traitement semble avoir fait ses preuves comme l\u2019explique le Docteur G\u00e9rard Maudrux dans son blog et qui consid\u00e8re <a rel=\"noreferrer noopener\" href=\"https:\/\/blog.gerardmaudrux.lequotidiendumedecin.fr\/2020\/12\/10\/le-traitement-du-covi-19-existe-2-ivermectine-efficace-a-100\" target=\"_blank\">l'ivermectine efficace \u00e0 100%<\/a>.De son c\u00f4t\u00e9, Satoshi Omura, <a rel=\"noreferrer noopener\" href=\"https:\/\/pgibertie.com\/2021\/03\/27\/le-prix-nobel-de-medecine-2015-explique-comment-en-finir-avec-la-covid\/\" target=\"_blank\">prix Nobel de m\u00e9decine 2015 explique comment en finir avec la&nbsp;Covid<\/a>. \u00ab&nbsp;<em>NOUS AVONS LA SOLUTION POUR NOUS EN SORTIR&nbsp;! mais ils n\u2019en veulent pas\u2026 pourtant l\u2019ivermectine est aussi importante aujourd\u2019hui que la p\u00e9nicilline hier<\/em>&nbsp;\u00bb<\/p>\n\n\n\n<p>Alors pourquoi vouloir nous faire tous vacciner alors que des traitements existent&nbsp;? Depuis l\u2019ann\u00e9e 2020, <a rel=\"noreferrer noopener\" href=\"https:\/\/www.creapharma.ch\/medicaments-sommaire\/ivermectine\" target=\"_blank\">l'ivermectine<\/a> a \u00e9t\u00e9 \u00e9tudi\u00e9e pour le traitement de la Covid-19. Il est notamment utilis\u00e9 contre la Covid-19 en Am\u00e9rique centrale et en particulier dans certains \u00e9tats du Mexique. \u00c0 une \u00e9poque, <a href=\"https:\/\/web.archive.org\/web\/20210512120922\/https:\/\/www.who.int\/apoc\/cdti\/ivermectin\/fr\/\" data-type=\"URL\" data-id=\"https:\/\/web.archive.org\/web\/20210512120922\/https:\/\/www.who.int\/apoc\/cdti\/ivermectin\/fr\/\" target=\"_blank\" rel=\"noreferrer noopener\">l'OMS<\/a> \u00e9crivait cela sur son site Internet : \u00ab&nbsp;<em>l\u2019ivermectine est sans danger et peut \u00eatre utilis\u00e9 \u00e0 grande \u00e9chelle&nbsp;\u00bb \u00abelle rel\u00e8ve que c\u2019est un m\u00e9dicament tr\u00e8s efficace qui \u00e0 lui tout seul, a transform\u00e9 la vie de millions de personnes souffrant de l\u2019onchocercose (c\u00e9cit\u00e9 des rivi\u00e8res) depuis son introduction en 1987. L\u2019ivermectine fait partie de la liste des m\u00e9dicaments essentiels de l\u2019OMS<\/em>&nbsp;\u00bb Puis au 30 mars 2021, l\u2019OMS consid\u00e8re qu\u2019il n\u2019y a <a rel=\"noreferrer noopener\" href=\"https:\/\/www.francesoir.fr\/societe-sante\/oms-pas-de-donnees-suffisamment-solides-pour-recommander-livermectine\" target=\"_blank\">pas de donn\u00e9es suffisamment solides pour recommander l'ivermectine<\/a>.<\/p>\n\n\n\n<p>Se faire vacciner \u00e0 tout prix, quoi qu\u2019il en co\u00fbte. On nous annonce tous les jours, le nombre de contaminations. Pourtant en d\u00e9cembre 2020, l\u2019OMS admettait que les tests PCR cr\u00e9ent des faux positifs, comme le pr\u00e9cisait le magazine <a rel=\"noreferrer noopener\" href=\"https:\/\/off-guardian.org\/2021\/01\/25\/who-finally-admits-pcr-is-not-a-diagnostic-test\/\" target=\"_blank\">off-guardian<\/a> que l\u2019on peut traduire sur le site <a rel=\"noreferrer noopener\" href=\"https:\/\/www.deepl.com\/translator\" data-type=\"URL\" data-id=\"https:\/\/www.deepl.com\/translator\" target=\"_blank\">deepl.com<\/a>. Encore aujourd\u2019hui, beaucoup nous assure que cette information est un fake news. Pourtant sur le site de l\u2019OMS, \u00e0 la question: <a rel=\"noreferrer noopener\" href=\"https:\/\/www.who.int\/fr\/emergencies\/diseases\/novel-coronavirus-2019\/question-and-answers-hub\/q-a-detail\/travel-q-a-for-general-public#\" target=\"_blank\"><em>Dois-je faire un test avant le d\u00e9part ou \u00e0 l\u2019arriv\u00e9e ?<\/em><\/a><br>Voici leur r\u00e9ponse&nbsp;:<\/p>\n\n\n\n<p><em>Un test PCR en laboratoire (test mol\u00e9culaire de mise en \u00e9vidence du SRAS-CoV-2) imm\u00e9diatement avant le d\u00e9part ou \u00e0 l\u2019arriv\u00e9e peut renseigner sur le statut des voyageurs. <u>Cependant, les r\u00e9sultats de laboratoire doivent \u00eatre interpr\u00e9t\u00e9s avec prudence, car une faible proportion de r\u00e9sultats faux n\u00e9gatifs et de faux positifs peut se produire.<\/u> S\u2019il est effectu\u00e9, le d\u00e9pistage doit \u00eatre assorti d\u2019un suivi complet, consistant par exemple \u00e0 conseiller aux voyageurs en partance de signaler tout sympt\u00f4me aux autorit\u00e9s de sant\u00e9 publique locales. Si le d\u00e9pistage est effectu\u00e9 \u00e0 l\u2019arriv\u00e9e, un num\u00e9ro de t\u00e9l\u00e9phone d\u2019urgence doit \u00eatre communiqu\u00e9 \u00e0 tous les voyageurs au cas o\u00f9 ils auraient des sympt\u00f4mes ult\u00e9rieurement. Un protocole adapt\u00e9 de prise en charge des cas doit \u00eatre suivi si le test est positif.<\/em><\/p>\n\n\n\n<p>Il aura fallu 6 mois \u00e0 l\u2019OMS pour reconna\u00eetre que <a rel=\"noreferrer noopener\" href=\"https:\/\/crudelis.fr\/site\/covid1984\/2020\/10\/26\/harvard-avertit-du-manque-de-fiabilite-du-test-pcr\/\" target=\"_blank\">Harvard<\/a> avait raison de dire que les <a rel=\"noreferrer noopener\" href=\"https:\/\/www.science.lu\/fr\/tests-pcr-verification-des-faits\/dans-quelle-mesure-les-tests-pcr-sars-cov-2-sont-ils-fiables-probants\" target=\"_blank\"><u>tests PCR<\/u><\/a> ne sont pas fiables. Pour beaucoup de scientifiques, <em>\u00ab&nbsp;cela signifie qu\u2019un test positif est un indicateur, mais pas une preuve absolument certaine, que l\u2019on est contagieux ou que l\u2019on va soi-m\u00eame tomber malade&nbsp;\u00bb.<\/em><\/p>\n\n\n\n<p><em>Apr\u00e8s avoir \u00e9t\u00e9 mis sous cloche pendant plusieurs mois pour cause d\u2019abondance de tests PCR qui ne semblent pas \u00eatre fiables, nous sommes en droit de nous poser la question, au nom de quoi avons-nous perdu notre libert\u00e9&nbsp;?<\/em><\/p>\n\n\n\n<p>Le 23 mars 2021, de retour sur les plateaux, <a rel=\"noreferrer noopener\" href=\"https:\/\/odysee.com\/@YanKalash:6\/henrion-caude-1:8\" target=\"_blank\">Madame Henrion-Caude<\/a> nous proclamait que les vaccin\u00e9s seraient plus contagieux que les non vaccin\u00e9s&nbsp;: \u00ab<em>&nbsp;Quand vous respirez et que vous avez \u00e9t\u00e9 vaccin\u00e9 contre la grippe, vous rejetez 6 fois plus de particules virales dans votre respiration. Ceux qui disent que je me vaccine pour prot\u00e9ger la population, je les alerte,&nbsp;\u00e7a risque de provoquer l\u2019\u00e9mergence de nouveaux variants&nbsp;\u00bb<\/em><br>G\u00e9n\u00e9ticienne renomm\u00e9e dans le monde entier, elle d\u00e9nonce un d\u00e9ni du soin <em>\u00ab&nbsp;il y a des traitements possibles pour la covid 19, il y en a plusieurs&nbsp;\u00bb<\/em> Un qui revient tr\u00e8s souvent sur les r\u00e9seaux sociaux est \u00ab&nbsp; l\u2019Ivermectine&nbsp;\u00bb un anti parasitaire qui tue le virus en une seule dose. Si comme dans plusieurs pays de notre plan\u00e8te, le minist\u00e8re de la R\u00e9publique Tch\u00e8que de la Sant\u00e9 a donn\u00e9 <a rel=\"noreferrer noopener\" href=\"https:\/\/francais.radio.cz\/feu-vert-aux-generalistes-qui-peuvent-prescrire-livermectine-8711930\" target=\"_blank\"><u>feu vert aux g\u00e9n\u00e9ralistes qui peuvent prescrire l'ivermectine<\/u><\/a> comme traitement contre le Covid-19, au d\u00e9but du mois de mars, l\u2019Agence Europ\u00e9enne du m\u00e9dicament annonce <a rel=\"noreferrer noopener\" href=\"https:\/\/www.francesoir.fr\/societe-sante\/ivermectine-lema-deconseille-son-utilisation-pour-la-prevention-ou-le-traitement-du\" target=\"_blank\"><u>d\u00e9conseiller son utilisation<\/u><\/a> dans son communiqu\u00e9 du 22 mars 2021&nbsp;: \u00ab&nbsp;<em>L'EMA aurait examin\u00e9 les derni\u00e8res preuves sur l'utilisation de l'ivermectine pour la pr\u00e9vention et le traitement du Covid-19 et a conclu que les donn\u00e9es disponibles ne soutiennent pas son utilisation pour la Covid-19 en dehors&nbsp;d'essais cliniques&nbsp;bien con\u00e7us.&nbsp;\u00bb<\/em><\/p>\n\n\n\n<p>Retrouver une vie normale apr\u00e8s la vaccination. C\u2019est ce que nous vendent nos gouvernants en arborant un large sourire. Un retrait\u00e9 de 83 ans y a vraiment cru. Ayant re\u00e7u ses deux doses Pfizer il a demand\u00e9 au <a href=\"https:\/\/www.europe1.fr\/sante\/un-octogenaire-demande-au-conseil-detat-a-etre-deconfine-apres-avoir-ete-vaccine-4034911\" target=\"_blank\" rel=\"noreferrer noopener\">Conseil d'\u00c9tat \u00eatre d\u00e9confin\u00e9 apr\u00e8s avoir \u00e9t\u00e9 vaccin\u00e9<\/a>. Quelques jours plus tard, sa demande \u00e9t\u00e9 <a href=\"https:\/\/www.europe1.fr\/sante\/le-conseil-detat-deboute-un-octogenaire-vaccine-qui-demandait-a-etre-deconfine-4035600\" target=\"_blank\" rel=\"noreferrer noopener\">d\u00e9bout\u00e9e<\/a> par la haute cour administrative qui estime \u00ab&nbsp;<em>que la vaccination n\u2019\u00e9limine pas compl\u00e8tement la possibilit\u00e9 que les personnes vaccin\u00e9es demeurent porteuses du virus&nbsp;\u00bb.<\/em><\/p>\n\n\n\n<p>Quelques jours auparavant, Olivier V\u00e9ran estimait \u00ab&nbsp;<em>qu\u2019il est pr\u00e9matur\u00e9 en <a rel=\"noreferrer noopener\" href=\"https:\/\/www.europe1.fr\/sante\/un-octogenaire-demande-au-conseil-detat-a-etre-deconfine-apres-avoir-ete-vaccine-4034911\" target=\"_blank\">l'\u00e9tat<\/a> des connaissances scientifiques de diff\u00e9rencier les \u00ab&nbsp;r\u00e8gles relatives aux limitations de circulation selon que les personnes ont re\u00e7u ou non des doses des vaccins&nbsp;\u00bb. <\/em>Puis invoque quatre arguments&nbsp;:<br><em>\u00ab&nbsp;L\u2019efficacit\u00e9 partielles des vaccins&nbsp;\u00bb<\/em><br><em>\u00ab&nbsp;L\u2019efficacit\u00e9 des vaccins est devenue particuli\u00e8rement contingente du fait de l\u2019apparition des nouveaux variants&nbsp;\u00bb<\/em><br><em>\u00ab Les personnes vaccin\u00e9es sont aussi celles qui sont les plus expos\u00e9es aux formes graves et aux d\u00e9c\u00e8s en cas d\u2019inefficacit\u00e9 initiale du vaccin ou de r\u00e9infection post-vaccinale ou de la virulence d\u2019un variant&nbsp;\u00bb<\/em><br><em>\u00ab&nbsp;Le vaccin n'emp\u00eache pas de transmettre le virus aux tiers. L\u2019impact de la vaccination sur la propagation du virus n\u2019est pas encore connu&nbsp;\u00bb<\/em><\/p>\n\n\n\n<p>Donc, si nous avons bien compris, une fois vaccin\u00e9, vous ne retrouverez pas votre libert\u00e9 comme promis puisque vous pouvez toujours \u00eatre porteur du virus et donc contagieux et la vaccination sur la propagation du virus n\u2019est pas encore connu. Donc la question que je me pose&nbsp;: \u00c0 QUOI SERT LA VACCINATION&nbsp;?<\/p>\n\n\n\n<p>Au 28 mars 2021, 8955 personnes sont mortes <a rel=\"noreferrer noopener\" href=\"https:\/\/cv19.fr\/2021\/03\/28\/au-moins-8955-morts-suite-a-la-vaccination-covid-19\" target=\"_blank\">suite \u00e0 la vaccination covid 19<\/a>.<br>C\u2019est le nombre rapport\u00e9 par la presse et les bases de donn\u00e9es officielles. Ces donn\u00e9es sont elles \u00e0 la hauteur de la v\u00e9rit\u00e9&nbsp;? Je me permettrais pas de vous donner une r\u00e9ponse mais au vu des mensonges \u00e9grain\u00e9s par nos gouvernants depuis le d\u00e9but de la crise, je me crois en droit de me poser la question.<\/p>\n\n\n\n<p>Depuis plusieurs mois, tous les regards sont tourn\u00e9s vers Isra\u00ebl, un des premiers pays \u00e0 avoir vacciner en masse. Tout semble bien se passer et leur premier ministre Benyamin Netanyahou se f\u00e9licite m\u00eame \u00e0 chaque fois qu\u2019il en a l\u2019occasion, campagne pr\u00e9sidentielle oblige. Mais c\u2019est trop vite oublier les d\u00e9buts de leur aventure vaccinale dans ce pays o\u00f9 d\u00e8s le d\u00e9but, ils ont d\u00fb essuyer quelques d\u00e9boires avec le vaccin Pfizer. Des <a rel=\"noreferrer noopener\" href=\"https:\/\/infos-israel.news\/israel-effet-indesirable-inhabituel-et-meconnu-du-vaccin-pfizer\/\" target=\"_blank\"><u>effets ind\u00e9sirables inhabituels et m\u00e9connus<\/u><\/a> ont inqui\u00e9t\u00e9 un comit\u00e9 des vaccins. Ils ont tr\u00e8s vite contact\u00e9 la soci\u00e9t\u00e9 Pfizer pour avoir plus de renseignements sur certains effets secondaires non r\u00e9pertori\u00e9s dans leur rapport, des paresth\u00e9sies et des picotements.<\/p>\n\n\n\n<p>Malgr\u00e9 tout, la vaccination s\u2019est poursuivie avec son lot d\u2019effets secondaires qu\u2019on pr\u00e9f\u00e8rent chuchoter pour \u00e9viter que les futurs vaccin\u00e9s ne soient au courant de ses \u00ab&nbsp;g\u00eanes&nbsp;\u00bb. Tr\u00e8s bavard au d\u00e9but de la vaccination, ils ont depuis peu, pr\u00e9f\u00e9rer taire toutes mauvaises communications comme par exemple, <a rel=\"noreferrer noopener\" href=\"https:\/\/news-24.fr\/des-milliers-disraeliens-testent-positive-pour-covid-19-malgre-le-jab-pfizer-biontech\/\" target=\"_blank\"><u>des milliers d'isra\u00e9liens test\u00e9s positifs covid 19 malgr\u00e9<\/u><\/a> le vaccin Pfizer-Biontech.<\/p>\n\n\n\n<p>D\u00e8s le d\u00e9but de la vaccination, certains ont souffert de sympt\u00f4mes neurologiques. <a rel=\"noreferrer noopener\" href=\"https:\/\/www.i24news.tv\/fr\/actu\/coronavirus\/1610539857-israel-vaccin-plus-de-la-majorite-des-personnes-souffrant-d-effets-secondaires-sont-des-femmes\" target=\"_blank\"><u>La majorit\u00e9 des personnes souffrant d'effets secondaires sont des femmes<\/u><\/a> \u00e0 73%. Sur 1,9 million de personnes vaccin\u00e9es, 533 personnes ont signal\u00e9 souffrir d'effets secondaires, selon les chiffres du minist\u00e8re de la Sant\u00e9.<\/p>\n\n\n\n<p>Si la communication officielle loue les effets positifs de la vaccination, la r\u00e9alit\u00e9 est tout autre. Le <a rel=\"noreferrer noopener\" href=\"https:\/\/www.coronavirus-statistiques.com\/stats-pays\/coronavirus-nombre-de-cas-en-israel\/\" target=\"_blank\">nombre<\/a> quotidien de contaminations du au Covid-19 ne cesse de se poursuivre, contrairement aux dires du gouvernement. Y aurait-il une communication officielle et une r\u00e9elle bien cach\u00e9e&nbsp;?<\/p>\n\n\n\n<p>Tous veulent nous rassurer en nous affirmant que les vaccins ne sont pas dangereux voire m\u00eame tr\u00e8s importants pour notre sant\u00e9. Dans une de mes tribunes que j\u2019ai intitul\u00e9 \u00ab&nbsp;<u><a rel=\"noreferrer noopener\" href=\"https:\/\/crudelis.fr\/site\/covid1984\/2020\/12\/30\/dans-le-silence-des-vaccins\/\" data-type=\"URL\" data-id=\"https:\/\/crudelis.fr\/site\/covid1984\/2020\/12\/30\/dans-le-silence-des-vaccins\/\" target=\"_blank\">Dans le silence des vaccins<\/a><\/u>&nbsp;\u00bb que l\u2019on peut trouver sur le blog de Regard Critique \u00ab&nbsp;<u><a href=\"https:\/\/crudelis.fr\/site\/covid1984\" data-type=\"URL\" data-id=\"https:\/\/crudelis.fr\/site\/covid1984\" target=\"_blank\" rel=\"noreferrer noopener\">crudelis.fr\/site\/covid1984<\/a><\/u> \u00bb, des victimes, des m\u00e9decins et des scientifiques nous offrent une v\u00e9rit\u00e9 toute autre. Alors qui croire&nbsp;? Nos gouvernants qui nous assurent que rien ne peut nous gu\u00e9rir du Covid-19&nbsp;ou des m\u00e9decins, des scientifiques et des pharmaciens qui nous proposent des rem\u00e8des qui sont syst\u00e9matiquement refus\u00e9s avant m\u00eame d\u2019\u00eatre test\u00e9s&nbsp;? \u00c0 chacun son opinion.<\/p>\n","protected":false},"excerpt":{"rendered":"<p>D\u00e8s la fin de l\u2019ann\u00e9e 2019, elle est apparue. La Covid-19. Cette maladie dite des coronavirus qui sont habituellement b\u00e9nins, comme le rhume. Plus graves, ils peuvent d\u00e9velopper des complications respiratoires de type pneumonie en cas d'infection comme le confirme le site Doctissimo. Tr\u00e8s vite, des laboratoires se sont pr\u00e9cipit\u00e9s pour nous pr\u00e9parer leur salvateur s\u00e9rum. Pfizer, AstraZeneca, Johnson &amp; Johnson, Moderna, Novovax, Novartis et bien d\u2019autres encore. En parall\u00e8le, des m\u00e9decins de ville, des scientifiques ont eux aussi cherch\u00e9 des rem\u00e8des pour y mettre fin. Tr\u00e8s vite trouv\u00e9s, tr\u00e8s vite refus\u00e9s voire m\u00eame interdits, comme le titre La Tribune&nbsp;: Covid-19&nbsp;: la course au vaccin ne doit pas faire oublier les traitements&nbsp;! Pourtant depuis le d\u00e9but de la pand\u00e9mie, des&#46;&#46;&#46;<\/p>\n","protected":false},"author":3,"featured_media":0,"comment_status":"open","ping_status":"open","sticky":false,"template":"","format":"standard","meta":{"footnotes":""},"categories":[77,20,15,17,19],"tags":[31],"class_list":["post-1335","post","type-post","status-publish","format-standard","hentry","category-covid19","category-danger-vaccin","category-prevention","category-ressources","category-vaccin","tag-vaccin"],"_links":{"self":[{"href":"https:\/\/crudelis.fr\/site\/covid1984\/wp-json\/wp\/v2\/posts\/1335","targetHints":{"allow":["GET"]}}],"collection":[{"href":"https:\/\/crudelis.fr\/site\/covid1984\/wp-json\/wp\/v2\/posts"}],"about":[{"href":"https:\/\/crudelis.fr\/site\/covid1984\/wp-json\/wp\/v2\/types\/post"}],"author":[{"embeddable":true,"href":"https:\/\/crudelis.fr\/site\/covid1984\/wp-json\/wp\/v2\/users\/3"}],"replies":[{"embeddable":true,"href":"https:\/\/crudelis.fr\/site\/covid1984\/wp-json\/wp\/v2\/comments?post=1335"}],"version-history":[{"count":4,"href":"https:\/\/crudelis.fr\/site\/covid1984\/wp-json\/wp\/v2\/posts\/1335\/revisions"}],"predecessor-version":[{"id":2113,"href":"https:\/\/crudelis.fr\/site\/covid1984\/wp-json\/wp\/v2\/posts\/1335\/revisions\/2113"}],"wp:attachment":[{"href":"https:\/\/crudelis.fr\/site\/covid1984\/wp-json\/wp\/v2\/media?parent=1335"}],"wp:term":[{"taxonomy":"category","embeddable":true,"href":"https:\/\/crudelis.fr\/site\/covid1984\/wp-json\/wp\/v2\/categories?post=1335"},{"taxonomy":"post_tag","embeddable":true,"href":"https:\/\/crudelis.fr\/site\/covid1984\/wp-json\/wp\/v2\/tags?post=1335"}],"curies":[{"name":"wp","href":"https:\/\/api.w.org\/{rel}","templated":true}]}}