{"id":1348,"date":"2021-04-16T12:12:46","date_gmt":"2021-04-16T12:12:46","guid":{"rendered":"https:\/\/covid1984.nohost.me\/blog\/?p=1348"},"modified":"2022-08-20T11:06:12","modified_gmt":"2022-08-20T11:06:12","slug":"le-dr-fauci-est-il-le-pere-de-la-pandemie","status":"publish","type":"post","link":"https:\/\/crudelis.fr\/site\/covid1984\/2021\/04\/16\/le-dr-fauci-est-il-le-pere-de-la-pandemie\/","title":{"rendered":"Le Dr Fauci est-il le \"p\u00e8re de la pand\u00e9mie\" ?"},"content":{"rendered":"\n<p>Des informations suppl\u00e9mentaires sur l'origine du virus, qui prouvent que ce n'\u00e9tait certainement pas un virus d'origine naturel.<br>Quand \u00e0 la possibilit\u00e9 que la fuite ne soit pas accidentelle, c'est encore trop t\u00f4t pour le dire.<\/p>\n\n\n\n<!--more-->\n\n\n\n<figure class=\"wp-block-table\"><table class=\"has-subtle-pale-pink-background-color has-background\"><tbody><tr><td><em>Pour les articles qui ne sont pas en fran\u00e7ais, vous pouvez utiliser <a rel=\"noreferrer noopener\" href=\"https:\/\/www.deepl.com\/translator\" target=\"_blank\">DeepL<\/a> pour traduire le texte en fran\u00e7ais.<\/em><\/td><\/tr><\/tbody><\/table><\/figure>\n\n\n\n<p><a rel=\"noreferrer noopener\" href=\"https:\/\/www.washingtontimes.com\/news\/2021\/apr\/13\/is-dr-fauci-the-father-of-the-pandemic\/\" data-type=\"URL\" data-id=\"https:\/\/www.washingtontimes.com\/news\/2021\/apr\/13\/is-dr-fauci-the-father-of-the-pandemic\/\" target=\"_blank\">The Washington Times - Is Dr. Fauci the 'Father of the Pandemic?'<\/a><br><em>Temps de lecture: 8-9 minutes.<\/em><\/p>\n\n\n\n<hr class=\"wp-block-separator is-style-dots\" \/>\n\n\n\n<blockquote class=\"wp-block-quote is-layout-flow wp-block-quote-is-layout-flow\"><p><em>The former director of the Centers for Disease Control and Prevention, Dr. Robert Redfield, believes the SARS-CoV-2 virus originated in the Wuhan Institute of Virology.\u00a0<\/em><br>---<br><em>L'ancien directeur du Centers for Disease Control and Prevention <\/em>[ndlr: CDC]<em>, le Dr Robert Redfield, pense que le virus SARS-CoV-2 provient de l'Institut de virologie de Wuhan.<\/em><\/p><cite>Peter Navarro pour The Washington Times <\/cite><\/blockquote>\n\n\n\n<blockquote class=\"wp-block-quote is-layout-flow wp-block-quote-is-layout-flow\"><p><em><em>An accidental release of SARS-CoV-2 from the Wuhan Lab is therefore well within reason. This is particularly plausible given a U.S. State Department 2018 warning of sloppy safety precautions at the Wuhan Lab and the possibility of a \u201cnew SARS-like pandemic.\u201d (You can\u2019t say we weren\u2019t warned.)<\/em><\/em><br>---<br><em>Une diffusion accidentelle du SRAS-CoV-2 \u00e0 partir du laboratoire de Wuhan est donc tout \u00e0 fait raisonnable. Cette hypoth\u00e8se est d'autant plus plausible que le D\u00e9partement d'\u00c9tat am\u00e9ricain a mis en garde en 2018 contre des mesures de s\u00e9curit\u00e9 insuffisantes au laboratoire de Wuhan et contre la possibilit\u00e9 d'une \"nouvelle pand\u00e9mie de type SRAS\". (On ne pourra pas dire que nous n'avons pas \u00e9t\u00e9 pr\u00e9venus).<\/em><\/p><cite>Peter Navarro pour The Washington Times<\/cite><\/blockquote>\n\n\n\n<blockquote class=\"wp-block-quote is-layout-flow wp-block-quote-is-layout-flow\"><p><em><em><em>As to whether SARS-CoV-2 was genetically engineered, it is here where Dr. Fauci enters this dangerous picture: In 2017, without sufficient warning to the Trump White House, Dr, Fauci and his NIH colleague Dr. Francis Collins re-authorized the use of so-called gain-of-function research inside China\u2019s Wuhan Lab.<\/em><\/em><\/em><br>---<br><em>Quant \u00e0 savoir si le <em><em>SARS<\/em><\/em>-CoV-2 a \u00e9t\u00e9 g\u00e9n\u00e9tiquement modifi\u00e9, c'est ici que le Dr Fauci entre dans ce dangereux tableau : En 2017, sans pr\u00e9venir suffisamment la Maison Blanche de Trump, le Dr Fauci et son coll\u00e8gue du NIH, le Dr Francis Collins, ont r\u00e9-autoris\u00e9 l'utilisation de la recherche dite de gain de fonction \u00e0 l'int\u00e9rieur du laboratoire chinois de Wuhan.<\/em><\/p><cite>Peter Navarro pour The Washington Times<\/cite><\/blockquote>\n\n\n\n<blockquote class=\"wp-block-quote is-layout-flow wp-block-quote-is-layout-flow\"><p><em><em><em>The high degree of asymmetric spread \u2014 along with the rapid and deadly mutations of the virus we are now observing \u2014 suggest the possibility of a weaponized virus. Here, the U.S. State Department has revealed that the Wuhan Lab has engaged in research on behalf of the People\u2019s Liberation Army since 2017 \u2014 the same year Dr. Fauci and Dr. Collins approved gain-of-function research in Wuhan.<\/em><\/em><\/em><br>---<br><em>Le haut degr\u00e9 de propagation asym\u00e9trique - ainsi que les mutations rapides et mortelles du virus que nous observons actuellement - sugg\u00e8rent la possibilit\u00e9 d'un virus militaris\u00e9. Ici, le d\u00e9partement d'\u00c9tat am\u00e9ricain a r\u00e9v\u00e9l\u00e9 que le laboratoire de Wuhan s'est engag\u00e9 dans des recherches pour le compte de l'Arm\u00e9e populaire de lib\u00e9ration depuis 2017 - l'ann\u00e9e m\u00eame o\u00f9 les docteurs Fauci et Collins ont approuv\u00e9 la recherche par gain de fonction \u00e0 Wuhan.<\/em><\/p><cite>Peter Navarro pour The Washington Times<\/cite><\/blockquote>\n","protected":false},"excerpt":{"rendered":"<p>Des informations suppl\u00e9mentaires sur l'origine du virus, qui prouvent que ce n'\u00e9tait certainement pas un virus d'origine naturel.Quand \u00e0 la possibilit\u00e9 que la fuite ne soit pas accidentelle, c'est encore trop t\u00f4t pour le dire.<\/p>\n","protected":false},"author":2,"featured_media":0,"comment_status":"open","ping_status":"open","sticky":false,"template":"","format":"standard","meta":{"footnotes":""},"categories":[77,14,17],"tags":[],"class_list":["post-1348","post","type-post","status-publish","format-standard","hentry","category-covid19","category-pourquoi","category-ressources"],"_links":{"self":[{"href":"https:\/\/crudelis.fr\/site\/covid1984\/wp-json\/wp\/v2\/posts\/1348","targetHints":{"allow":["GET"]}}],"collection":[{"href":"https:\/\/crudelis.fr\/site\/covid1984\/wp-json\/wp\/v2\/posts"}],"about":[{"href":"https:\/\/crudelis.fr\/site\/covid1984\/wp-json\/wp\/v2\/types\/post"}],"author":[{"embeddable":true,"href":"https:\/\/crudelis.fr\/site\/covid1984\/wp-json\/wp\/v2\/users\/2"}],"replies":[{"embeddable":true,"href":"https:\/\/crudelis.fr\/site\/covid1984\/wp-json\/wp\/v2\/comments?post=1348"}],"version-history":[{"count":1,"href":"https:\/\/crudelis.fr\/site\/covid1984\/wp-json\/wp\/v2\/posts\/1348\/revisions"}],"predecessor-version":[{"id":2195,"href":"https:\/\/crudelis.fr\/site\/covid1984\/wp-json\/wp\/v2\/posts\/1348\/revisions\/2195"}],"wp:attachment":[{"href":"https:\/\/crudelis.fr\/site\/covid1984\/wp-json\/wp\/v2\/media?parent=1348"}],"wp:term":[{"taxonomy":"category","embeddable":true,"href":"https:\/\/crudelis.fr\/site\/covid1984\/wp-json\/wp\/v2\/categories?post=1348"},{"taxonomy":"post_tag","embeddable":true,"href":"https:\/\/crudelis.fr\/site\/covid1984\/wp-json\/wp\/v2\/tags?post=1348"}],"curies":[{"name":"wp","href":"https:\/\/api.w.org\/{rel}","templated":true}]}}