{"id":1350,"date":"2021-04-16T12:19:15","date_gmt":"2021-04-16T12:19:15","guid":{"rendered":"https:\/\/covid1984.nohost.me\/blog\/?p=1350"},"modified":"2022-08-20T11:06:11","modified_gmt":"2022-08-20T11:06:11","slug":"covid-19-une-troisieme-dose-du-vaccin-pfizer-sera-probablement-necessaire","status":"publish","type":"post","link":"https:\/\/crudelis.fr\/site\/covid1984\/2021\/04\/16\/covid-19-une-troisieme-dose-du-vaccin-pfizer-sera-probablement-necessaire\/","title":{"rendered":"Covid-19 : une troisi\u00e8me dose du vaccin Pfizer sera \u00abprobablement\u00bb n\u00e9cessaire"},"content":{"rendered":"\n<p>Quand le complotisme devient r\u00e9alit\u00e9, peut-\u00eatre serait-il temps de s'interroger sur les autres th\u00e9ories \"complotistes\" ?<br>La vaccination tous les ans \u00e9tait du pur complotisme, d\u00e9sormais l'id\u00e9e tente de s'imposer.<\/p>\n\n\n\n<!--more-->\n\n\n\n<p><a rel=\"noreferrer noopener\" href=\"https:\/\/www.lefigaro.fr\/sciences\/une-troisieme-dose-du-vaccin-pfizer-probablement-necessaire-20210415\" data-type=\"URL\" data-id=\"https:\/\/www.lefigaro.fr\/sciences\/une-troisieme-dose-du-vaccin-pfizer-probablement-necessaire-20210415\" target=\"_blank\">Le Figaro - Covid-19&nbsp;: une troisi\u00e8me dose du vaccin Pfizer sera \u00abprobablement\u00bb n\u00e9cessaire<\/a><br><em>Temps de lecture: 3-4 minutes.<\/em><\/p>\n\n\n\n<hr class=\"wp-block-separator has-css-opacity is-style-dots\" \/>\n\n\n\n<blockquote class=\"wp-block-quote is-layout-flow wp-block-quote-is-layout-flow\"><p><em>Le PDG de Pfizer a conc\u00e9d\u00e9 jeudi qu'une troisi\u00e8me injection serait probablement n\u00e9cessaire d'ici six mois \u00e0 un an, <strong>puis chaque ann\u00e9e<\/strong>.<\/em><\/p><cite>Le Figaro<\/cite><\/blockquote>\n","protected":false},"excerpt":{"rendered":"<p>Quand le complotisme devient r\u00e9alit\u00e9, peut-\u00eatre serait-il temps de s'interroger sur les autres th\u00e9ories \"complotistes\" ?La vaccination tous les ans \u00e9tait du pur complotisme, d\u00e9sormais l'id\u00e9e tente de s'imposer.<\/p>\n","protected":false},"author":2,"featured_media":0,"comment_status":"open","ping_status":"open","sticky":false,"template":"","format":"standard","meta":{"footnotes":""},"categories":[2,77,14,19],"tags":[31],"class_list":["post-1350","post","type-post","status-publish","format-standard","hentry","category-actualite","category-covid19","category-pourquoi","category-vaccin","tag-vaccin"],"_links":{"self":[{"href":"https:\/\/crudelis.fr\/site\/covid1984\/wp-json\/wp\/v2\/posts\/1350","targetHints":{"allow":["GET"]}}],"collection":[{"href":"https:\/\/crudelis.fr\/site\/covid1984\/wp-json\/wp\/v2\/posts"}],"about":[{"href":"https:\/\/crudelis.fr\/site\/covid1984\/wp-json\/wp\/v2\/types\/post"}],"author":[{"embeddable":true,"href":"https:\/\/crudelis.fr\/site\/covid1984\/wp-json\/wp\/v2\/users\/2"}],"replies":[{"embeddable":true,"href":"https:\/\/crudelis.fr\/site\/covid1984\/wp-json\/wp\/v2\/comments?post=1350"}],"version-history":[{"count":1,"href":"https:\/\/crudelis.fr\/site\/covid1984\/wp-json\/wp\/v2\/posts\/1350\/revisions"}],"predecessor-version":[{"id":2194,"href":"https:\/\/crudelis.fr\/site\/covid1984\/wp-json\/wp\/v2\/posts\/1350\/revisions\/2194"}],"wp:attachment":[{"href":"https:\/\/crudelis.fr\/site\/covid1984\/wp-json\/wp\/v2\/media?parent=1350"}],"wp:term":[{"taxonomy":"category","embeddable":true,"href":"https:\/\/crudelis.fr\/site\/covid1984\/wp-json\/wp\/v2\/categories?post=1350"},{"taxonomy":"post_tag","embeddable":true,"href":"https:\/\/crudelis.fr\/site\/covid1984\/wp-json\/wp\/v2\/tags?post=1350"}],"curies":[{"name":"wp","href":"https:\/\/api.w.org\/{rel}","templated":true}]}}