{"id":1354,"date":"2021-04-16T12:34:13","date_gmt":"2021-04-16T12:34:13","guid":{"rendered":"https:\/\/covid1984.nohost.me\/blog\/?p=1354"},"modified":"2022-08-20T11:06:11","modified_gmt":"2022-08-20T11:06:11","slug":"les-intermittents-du-spectacle-ne-baissent-pas-le-rideau-a-roanne","status":"publish","type":"post","link":"https:\/\/crudelis.fr\/site\/covid1984\/2021\/04\/16\/les-intermittents-du-spectacle-ne-baissent-pas-le-rideau-a-roanne\/","title":{"rendered":"Les intermittents du spectacle ne baissent pas le rideau \u00e0 Roanne"},"content":{"rendered":"\n<p>La culture, d\u00e9g\u00e2t collat\u00e9ral, non essentielle, n'en finit pas d'agoniser dans l\u2019indiff\u00e9rence du gouvernement.<br>Il est important pourtant de se souvenir que la culture est depuis longtemps une expression d'avis divergents, qui risque de devenir la seule expression de la propagande du R\u00e9gime.<\/p>\n\n\n\n<!--more-->\n\n\n\n<p><a href=\"https:\/\/www.le-pays.fr\/roanne-42300\/loisirs\/les-intermittents-du-spectacle-ne-baissent-pas-le-rideau-a-roanne_13938928\/\" data-type=\"URL\" data-id=\"https:\/\/www.le-pays.fr\/roanne-42300\/loisirs\/les-intermittents-du-spectacle-ne-baissent-pas-le-rideau-a-roanne_13938928\/\" target=\"_blank\" rel=\"noreferrer noopener\">le Pays - Les intermittents du spectacle ne baissent pas le rideau \u00e0 Roanne<\/a><br><em>Temps de lecture: 4-5 minutes.<\/em><\/p>\n\n\n\n<hr class=\"wp-block-separator is-style-dots\" \/>\n\n\n\n<blockquote class=\"wp-block-quote is-layout-flow wp-block-quote-is-layout-flow\"><p><em>C'est parti pour malheureusement devenir une habitude. Face \u00e0 l'absence de perspectives d'avenir, face \u00e0 des salles d\u00e9sesp\u00e9r\u00e9ment ferm\u00e9es, face au silence des pouvoirs publics, les intermittents du spectacle, artistes et techniciens, mais aussi sympathisants \u00e0 la cause, donnent d\u00e9sormais de la voix chaque vendredi ; afin d'alerter sur leur situation, \u00e0 la fois pr\u00e9caire, financi\u00e8rement, mais aussi mortif\u00e8re, psychologiquement.<\/em><\/p><cite>Etienne Chaize pour Le Pays<\/cite><\/blockquote>\n","protected":false},"excerpt":{"rendered":"<p>La culture, d\u00e9g\u00e2t collat\u00e9ral, non essentielle, n'en finit pas d'agoniser dans l\u2019indiff\u00e9rence du gouvernement.Il est important pourtant de se souvenir que la culture est depuis longtemps une expression d'avis divergents, qui risque de devenir la seule expression de la propagande du R\u00e9gime.<\/p>\n","protected":false},"author":2,"featured_media":0,"comment_status":"open","ping_status":"open","sticky":false,"template":"","format":"standard","meta":{"footnotes":""},"categories":[2,77,10],"tags":[],"class_list":["post-1354","post","type-post","status-publish","format-standard","hentry","category-actualite","category-covid19","category-manifestation"],"_links":{"self":[{"href":"https:\/\/crudelis.fr\/site\/covid1984\/wp-json\/wp\/v2\/posts\/1354","targetHints":{"allow":["GET"]}}],"collection":[{"href":"https:\/\/crudelis.fr\/site\/covid1984\/wp-json\/wp\/v2\/posts"}],"about":[{"href":"https:\/\/crudelis.fr\/site\/covid1984\/wp-json\/wp\/v2\/types\/post"}],"author":[{"embeddable":true,"href":"https:\/\/crudelis.fr\/site\/covid1984\/wp-json\/wp\/v2\/users\/2"}],"replies":[{"embeddable":true,"href":"https:\/\/crudelis.fr\/site\/covid1984\/wp-json\/wp\/v2\/comments?post=1354"}],"version-history":[{"count":1,"href":"https:\/\/crudelis.fr\/site\/covid1984\/wp-json\/wp\/v2\/posts\/1354\/revisions"}],"predecessor-version":[{"id":2192,"href":"https:\/\/crudelis.fr\/site\/covid1984\/wp-json\/wp\/v2\/posts\/1354\/revisions\/2192"}],"wp:attachment":[{"href":"https:\/\/crudelis.fr\/site\/covid1984\/wp-json\/wp\/v2\/media?parent=1354"}],"wp:term":[{"taxonomy":"category","embeddable":true,"href":"https:\/\/crudelis.fr\/site\/covid1984\/wp-json\/wp\/v2\/categories?post=1354"},{"taxonomy":"post_tag","embeddable":true,"href":"https:\/\/crudelis.fr\/site\/covid1984\/wp-json\/wp\/v2\/tags?post=1354"}],"curies":[{"name":"wp","href":"https:\/\/api.w.org\/{rel}","templated":true}]}}