{"id":1359,"date":"2021-04-17T12:06:03","date_gmt":"2021-04-17T12:06:03","guid":{"rendered":"https:\/\/covid1984.nohost.me\/blog\/?p=1359"},"modified":"2022-08-20T11:06:10","modified_gmt":"2022-08-20T11:06:10","slug":"pieces-a-conviction-grippe-a-la-pandemie-de-la-peur","status":"publish","type":"post","link":"https:\/\/crudelis.fr\/site\/covid1984\/2021\/04\/17\/pieces-a-conviction-grippe-a-la-pandemie-de-la-peur\/","title":{"rendered":"Pi\u00e8ces \u00e0 conviction - Grippe A : La pand\u00e9mie de la peur"},"content":{"rendered":"\n<p>Apr\u00e8s le documentaire d'Arte, \"<a rel=\"noreferrer noopener\" href=\"https:\/\/crudelis.fr\/site\/covid1984\/2020\/12\/06\/grippe-a-covid-19-un-virus-fait-debat\/\" data-type=\"URL\" data-id=\"https:\/\/crudelis.fr\/site\/covid1984\/2020\/12\/06\/grippe-a-covid-19-un-virus-fait-debat\/\" target=\"_blank\">Grippe A, un virus fait d\u00e9bat<\/a>\", un autre documentaire, de France 2, sur la fausse pand\u00e9mie de H1N1 de 2009.<br>Les m\u00eames m\u00e9thodes sont r\u00e9utilis\u00e9es aujourd'hui !<\/p>\n\n\n\n<!--more-->\n\n\n\n<p><a rel=\"noreferrer noopener\" href=\"https:\/\/odysee.com\/$\/search?q=Pieces%20%C3%A0%20conviction%20-%20La%20pand%C3%A9mie%20de%20la%20peur\" data-type=\"URL\" data-id=\"https:\/\/odysee.com\/$\/search?q=Pieces%20%C3%A0%20conviction%20-%20La%20pand%C3%A9mie%20de%20la%20peur\" target=\"_blank\">Odysee \u2013 Pieces \u00e0 conviction - La pand\u00e9mie de la peur<\/a><br><em>35 minutes.<\/em><\/p>\n\n\n\n<hr class=\"wp-block-separator has-css-opacity is-style-dots\"\/>\n\n\n\n<blockquote class=\"wp-block-quote is-layout-flow wp-block-quote-is-layout-flow\"><p><em>Cette pand\u00e9mie de grippe doit \u00eatre prise tr\u00e8s au s\u00e9rieux, pr\u00e9cis\u00e9ment \u00e0 cause de sa capacit\u00e9 \u00e0 se propager rapidement \u00e0 tous les pays du monde.<\/em><\/p><cite>Margaret Chan (OMS)<\/cite><\/blockquote>\n\n\n\n<blockquote class=\"wp-block-quote is-layout-flow wp-block-quote-is-layout-flow\"><p><em><em>Pour ne pas \u00eatre infect\u00e9, il fallait absolument \u00e9ternuer dans sa manche, se laver les mains plusieurs fois par jour et surtout se faire inoculer le nouveau vaccin achet\u00e9 au prix fort aux laboratoires pharmaceutiques.<\/em><\/em><\/p><cite>Voix off<\/cite><\/blockquote>\n\n\n\n<blockquote class=\"wp-block-quote is-layout-flow wp-block-quote-is-layout-flow\"><p><em><em><em>Les informations \u00e9taient inqui\u00e9tantes et les experts se bousculaient alors sur les plateaux de t\u00e9l\u00e9vision pour nous raconter le drame \u00e0 venir<\/em><\/em><\/em><\/p><cite>Voix off<\/cite><\/blockquote>\n\n\n\n<blockquote class=\"wp-block-quote is-layout-flow wp-block-quote-is-layout-flow\"><p><em><em><em>[\u2026] Un tiers des six milliards d'habitants de la plan\u00e8te vont \u00eatre touch\u00e9s [\u2026]. On peut estimer, sans faire de catastrophisme, que 2 millions de personnes vont mourir dans le monde.<\/em><\/em><\/em><\/p><cite>Pr Bruno Lina<\/cite><\/blockquote>\n\n\n\n<blockquote class=\"wp-block-quote is-layout-flow wp-block-quote-is-layout-flow\"><p><em><em><em>En clair, sans aucune analyse virologique, \u00e0 partir du moment o\u00f9 le mot grippe A appara\u00eet sur le certificat de d\u00e9c\u00e8s, il entrera dans les statistiques de la grippe A.<\/em><\/em><\/em><\/p><cite>Voix off<\/cite><\/blockquote>\n\n\n\n<blockquote class=\"wp-block-quote is-layout-flow wp-block-quote-is-layout-flow\"><p><em><em><em>15 jours apr\u00e8s l'\u00e9pid\u00e9mie mexicaine, d\u00e9j\u00e0 le simple bon sens permettait de savoir que cette \u00e9pid\u00e9mie ne pourrait pas \u00eatre grave<\/em><\/em><\/em><\/p><cite>Docteur Dominique Dupagne<\/cite><\/blockquote>\n\n\n\n<blockquote class=\"wp-block-quote is-layout-flow wp-block-quote-is-layout-flow\"><p><em>\u00c7a veut dire que vous \u00eatre en train de nous dire que m\u00eame sur la vaccination de la grippe saisonni\u00e8re on exag\u00e8re les chiffres pour encourager les gens \u00e0 se faire vacciner ?<\/em><\/p><cite>\u00c9lise Lucet<\/cite><\/blockquote>\n","protected":false},"excerpt":{"rendered":"<p>Apr\u00e8s le documentaire d'Arte, \"Grippe A, un virus fait d\u00e9bat\", un autre documentaire, de France 2, sur la fausse pand\u00e9mie de H1N1 de 2009.Les m\u00eames m\u00e9thodes sont r\u00e9utilis\u00e9es aujourd'hui !<\/p>\n","protected":false},"author":2,"featured_media":0,"comment_status":"open","ping_status":"open","sticky":false,"template":"","format":"standard","meta":{"footnotes":""},"categories":[77,7,11,14,17,19],"tags":[23,27,28,32],"class_list":["post-1359","post","type-post","status-publish","format-standard","hentry","category-covid19","category-documentaire","category-masque","category-pourquoi","category-ressources","category-vaccin","tag-histoire","tag-peur","tag-relativiser","tag-video"],"_links":{"self":[{"href":"https:\/\/crudelis.fr\/site\/covid1984\/wp-json\/wp\/v2\/posts\/1359","targetHints":{"allow":["GET"]}}],"collection":[{"href":"https:\/\/crudelis.fr\/site\/covid1984\/wp-json\/wp\/v2\/posts"}],"about":[{"href":"https:\/\/crudelis.fr\/site\/covid1984\/wp-json\/wp\/v2\/types\/post"}],"author":[{"embeddable":true,"href":"https:\/\/crudelis.fr\/site\/covid1984\/wp-json\/wp\/v2\/users\/2"}],"replies":[{"embeddable":true,"href":"https:\/\/crudelis.fr\/site\/covid1984\/wp-json\/wp\/v2\/comments?post=1359"}],"version-history":[{"count":1,"href":"https:\/\/crudelis.fr\/site\/covid1984\/wp-json\/wp\/v2\/posts\/1359\/revisions"}],"predecessor-version":[{"id":2027,"href":"https:\/\/crudelis.fr\/site\/covid1984\/wp-json\/wp\/v2\/posts\/1359\/revisions\/2027"}],"wp:attachment":[{"href":"https:\/\/crudelis.fr\/site\/covid1984\/wp-json\/wp\/v2\/media?parent=1359"}],"wp:term":[{"taxonomy":"category","embeddable":true,"href":"https:\/\/crudelis.fr\/site\/covid1984\/wp-json\/wp\/v2\/categories?post=1359"},{"taxonomy":"post_tag","embeddable":true,"href":"https:\/\/crudelis.fr\/site\/covid1984\/wp-json\/wp\/v2\/tags?post=1359"}],"curies":[{"name":"wp","href":"https:\/\/api.w.org\/{rel}","templated":true}]}}