{"id":1375,"date":"2021-04-19T11:38:30","date_gmt":"2021-04-19T11:38:30","guid":{"rendered":"https:\/\/covid1984.nohost.me\/blog\/?p=1375"},"modified":"2022-08-20T11:06:10","modified_gmt":"2022-08-20T11:06:10","slug":"covid-19-et-statistiques-une-relative-surmortalite","status":"publish","type":"post","link":"https:\/\/crudelis.fr\/site\/covid1984\/2021\/04\/19\/covid-19-et-statistiques-une-relative-surmortalite\/","title":{"rendered":"Covid-19 et statistiques : une relative surmortalit\u00e9 ?"},"content":{"rendered":"\n<p>Une surmortalit\u00e9 de seulement 3.66% pour les plus de 65 ans selon Laurent Toubiana par rapport aux 3 derni\u00e8res ann\u00e9es.<\/p>\n\n\n\n<!--more-->\n\n\n\n<p><a rel=\"noreferrer noopener\" href=\"https:\/\/www.nexus.fr\/actualite\/analyse\/relativite-surmortalite\/\" data-type=\"URL\" data-id=\"https:\/\/www.nexus.fr\/actualite\/analyse\/relativite-surmortalite\/\" target=\"_blank\">Nexus - Covid-19 et statistiques : une relative surmortalit\u00e9 ?<\/a><br><em>Temps de lecture: 14-18 minutes.<\/em><\/p>\n\n\n\n<hr class=\"wp-block-separator is-style-dots\" \/>\n\n\n\n<blockquote class=\"wp-block-quote is-layout-flow wp-block-quote-is-layout-flow\"><p><em>Leur conclusion : \u00ab <em>L\u2019ann\u00e9e 2020 n\u2019a connu aucune surmortalit\u00e9 (voire une sous\u2013mortalit\u00e9) chez les personnes \u00e2g\u00e9es de moins de 65 ans(qui repr\u00e9sentent environ 80% de la population totale). Seuls les \u00e2ges les plus avanc\u00e9s ont connu une surmortalit\u00e9. La surmortalit\u00e9 maximale est atteinte par la classe d\u2019\u00e2ge 70\u201374 ans avec 3 109 d\u00e9c\u00e8s en exc\u00e8s par rapport aux 58 327 attendus pour cette classe d\u2019\u00e2ge (soit 5,58%). Au passage de l\u2019\u00e9pid\u00e9mie de Covid\u201319, pour la population fran\u00e7aise dans son ensemble, les auteurs estiment \u00e0 3,66%, l\u2019exc\u00e8s par rapport \u00e0 la mortalit\u00e9 attendue en 2020<\/em>. \u00bb<\/em><\/p><cite>Nexus<\/cite><\/blockquote>\n\n\n\n<blockquote class=\"wp-block-quote is-layout-flow wp-block-quote-is-layout-flow\"><p><em><em>On peut aussi souligner que le taux de 9% de l\u2019Insee \u00e9voqu\u00e9 par <em>Le Monde <\/em>est celui de la surmortalit\u00e9 globale parmi toute la population et pas seulement chez les plus de 65 ans, et que ce pourcentage semble \u00eatre tir\u00e9 du nombre de morts (55500 morts de plus qu\u2019en 2019), pas du pourcentage de morts parmi la population, ce qui ne permet pas de comparer ce qui est comparable.<\/em><\/em><\/p><cite>Nexus<\/cite><\/blockquote>\n\n\n\n<blockquote class=\"wp-block-quote is-layout-flow wp-block-quote-is-layout-flow\"><p><em><em><em><em>\"Dans le cas des d\u00e9c\u00e8s class\u00e9s \u00abCovid\u201319\u00bb, dans 65 % des cas (soit plus de deux tiers des situations), les certificats r\u00e9v\u00e8lent la pr\u00e9sence de comorbidit\u00e9s importantes connues<\/em><\/em><\/em>\"<\/em><\/p><cite>Nexus<\/cite><\/blockquote>\n\n\n\n<blockquote class=\"wp-block-quote is-layout-flow wp-block-quote-is-layout-flow\"><p><em><em><em>Ne serait-ce pas plus int\u00e9ressant et utile pour la sant\u00e9 publique de tenter de trouver la r\u00e9ponse \u00e0 ces interrogations, d\u2019en d\u00e9battre scientifiquement et publiquement, avec patience et transparence, plut\u00f4t qu\u2019afficher comme l\u2019a fait <em>Conspiracy Watch<\/em>, que M Toubiana a particip\u00e9 au film Hold-Up, sans \u00e9voquer les arguments de fonds qu\u2019il y a d\u00e9clar\u00e9s ?<\/em><\/em><\/em><\/p><cite>Nexus<\/cite><\/blockquote>\n","protected":false},"excerpt":{"rendered":"<p>Une surmortalit\u00e9 de seulement 3.66% pour les plus de 65 ans selon Laurent Toubiana par rapport aux 3 derni\u00e8res ann\u00e9es.<\/p>\n","protected":false},"author":2,"featured_media":0,"comment_status":"open","ping_status":"open","sticky":false,"template":"","format":"standard","meta":{"footnotes":""},"categories":[77,12,17],"tags":[28],"class_list":["post-1375","post","type-post","status-publish","format-standard","hentry","category-covid19","category-mortalite","category-ressources","tag-relativiser"],"_links":{"self":[{"href":"https:\/\/crudelis.fr\/site\/covid1984\/wp-json\/wp\/v2\/posts\/1375","targetHints":{"allow":["GET"]}}],"collection":[{"href":"https:\/\/crudelis.fr\/site\/covid1984\/wp-json\/wp\/v2\/posts"}],"about":[{"href":"https:\/\/crudelis.fr\/site\/covid1984\/wp-json\/wp\/v2\/types\/post"}],"author":[{"embeddable":true,"href":"https:\/\/crudelis.fr\/site\/covid1984\/wp-json\/wp\/v2\/users\/2"}],"replies":[{"embeddable":true,"href":"https:\/\/crudelis.fr\/site\/covid1984\/wp-json\/wp\/v2\/comments?post=1375"}],"version-history":[{"count":1,"href":"https:\/\/crudelis.fr\/site\/covid1984\/wp-json\/wp\/v2\/posts\/1375\/revisions"}],"predecessor-version":[{"id":2188,"href":"https:\/\/crudelis.fr\/site\/covid1984\/wp-json\/wp\/v2\/posts\/1375\/revisions\/2188"}],"wp:attachment":[{"href":"https:\/\/crudelis.fr\/site\/covid1984\/wp-json\/wp\/v2\/media?parent=1375"}],"wp:term":[{"taxonomy":"category","embeddable":true,"href":"https:\/\/crudelis.fr\/site\/covid1984\/wp-json\/wp\/v2\/categories?post=1375"},{"taxonomy":"post_tag","embeddable":true,"href":"https:\/\/crudelis.fr\/site\/covid1984\/wp-json\/wp\/v2\/tags?post=1375"}],"curies":[{"name":"wp","href":"https:\/\/api.w.org\/{rel}","templated":true}]}}