{"id":1403,"date":"2021-04-25T12:28:09","date_gmt":"2021-04-25T12:28:09","guid":{"rendered":"https:\/\/covid1984.nohost.me\/blog\/?p=1403"},"modified":"2022-08-20T11:05:47","modified_gmt":"2022-08-20T11:05:47","slug":"israel-enquete-sur-les-effets-secondaires-du-vaccin-pfizer-un-rapport-alarmant","status":"publish","type":"post","link":"https:\/\/crudelis.fr\/site\/covid1984\/2021\/04\/25\/israel-enquete-sur-les-effets-secondaires-du-vaccin-pfizer-un-rapport-alarmant\/","title":{"rendered":"Isra\u00ebl enqu\u00eate sur les effets secondaires du vaccin Pfizer. Un rapport alarmant."},"content":{"rendered":"\n<p><\/p>\n\n\n\n<!--more-->\n\n\n\n<p><a rel=\"noreferrer noopener\" href=\"https:\/\/lilianeheldkhawam.com\/2021\/04\/24\/israel-enquete-sur-les-effets-secondaires-du-vaccin-pfizer-un-rapport-alarmant\/\" target=\"_blank\">Le blog de Liliane Held-Khawam - Isra\u00ebl enqu\u00eate sur les effets secondaires du vaccin Pfizer. Un rapport&nbsp;alarmant.<\/a><br><em>Temps de lecture: 7-9 minutes.<\/em><\/p>\n\n\n\n<hr class=\"wp-block-separator is-style-dots\" \/>\n\n\n\n<blockquote class=\"wp-block-quote is-layout-flow wp-block-quote-is-layout-flow\"><p><em>Le Comit\u00e9 populaire isra\u00e9lien (IPC), un organisme civil compos\u00e9 d\u2019\u00e9minents experts isra\u00e9liens de la sant\u00e9, a publi\u00e9 son rapport d\u2019avril sur les effets secondaires du vaccin Pfizer.<\/em><\/p><p><em>Les conclusions sont catastrophiques \u00e0 tous les niveaux possibles. Leur verdict est qu' \u00bbil n\u2019y a jamais eu de vaccin qui ait nui \u00e0 autant de personnes \u00bb.<\/em><\/p><cite>Liliane Held-Khawam<\/cite><\/blockquote>\n\n\n\n<blockquote class=\"wp-block-quote is-layout-flow wp-block-quote-is-layout-flow\"><p><em><em>\u00ab Selon les donn\u00e9es du Bureau central des statistiques, en janvier-f\u00e9vrier 2021, au plus fort de la campagne isra\u00e9lienne de vaccination de masse, on a constat\u00e9 une augmentation de 22% de la mortalit\u00e9 globale en Isra\u00ebl par rapport \u00e0 l\u2019ann\u00e9e pr\u00e9c\u00e9dente. En fait, janvier-f\u00e9vrier 2021 ont \u00e9t\u00e9 les mois les plus meurtriers de la derni\u00e8re d\u00e9cennie, avec les taux de mortalit\u00e9 globale les plus \u00e9lev\u00e9s par rapport aux mois correspondants des dix derni\u00e8res ann\u00e9es. \u00bb<\/em><\/em><\/p><cite>Liliane Held-Khawam<\/cite><\/blockquote>\n\n\n\n<blockquote class=\"wp-block-quote is-layout-flow wp-block-quote-is-layout-flow\"><p><em><em><em>L\u2019IPC constate que \u00ab&nbsp;dans le groupe d\u2019\u00e2ge des 20-29 ans, l\u2019augmentation de la mortalit\u00e9 globale a \u00e9t\u00e9 la plus spectaculaire. Dans ce groupe d\u2019\u00e2ge, on constate une augmentation de 32% de la mortalit\u00e9 globale par rapport \u00e0 l\u2019ann\u00e9e pr\u00e9c\u00e9dente&nbsp;\u00bb.<\/em><\/em><\/em><\/p><cite>Liliane Held-Khawam<\/cite><\/blockquote>\n\n\n\n<blockquote class=\"wp-block-quote is-layout-flow wp-block-quote-is-layout-flow\"><p><em><em><em>Mais la mort n\u2019est pas le seul risque li\u00e9 \u00e0 la vaccination. L\u2019IPC r\u00e9v\u00e8le que \u00ab \u00e0 la date de publication du rapport, 2066 rapports d\u2019effets secondaires se sont accumul\u00e9s et sont parvenus au Comit\u00e9 d\u2019enqu\u00eate civ; il et les donn\u00e9es continuent d\u2019arriver. Ces rapports indiquent des dommages \u00e0 presque tous les syst\u00e8mes du corps humain\u2026<\/em><\/em><\/em><\/p><cite>Liliane Held-Khawam<\/cite><\/blockquote>\n\n\n\n<blockquote class=\"wp-block-quote is-layout-flow wp-block-quote-is-layout-flow\"><p><em><em><em>\u00ab&nbsp;\u00c0 la lumi\u00e8re de l\u2019\u00e9tendue et de la gravit\u00e9 des effets secondaires, nous souhaitons exprimer la position du comit\u00e9 selon laquelle la vaccination des enfants peut \u00e9galement entra\u00eener chez eux des effets secondaires, tels qu\u2019observ\u00e9s chez les adultes, y compris la mort d\u2019enfants en parfaite sant\u00e9. Comme le coronavirus ne pr\u00e9sente aucun danger pour les enfants, le comit\u00e9 estime que l\u2019intention du gouvernement isra\u00e9lien de vacciner les enfants met en danger leur vie, leur sant\u00e9 et leur d\u00e9veloppement futur.&nbsp;\u00bb<\/em><\/em><\/em><\/p><cite>Liliane Held-Khawam<\/cite><\/blockquote>\n\n\n\n<hr class=\"wp-block-separator is-style-dots\" \/>\n\n\n\n<p>Cet article est repris de diverses traductions de l'article original de Gilad Atzmon, publi\u00e9 sur son propre site.<\/p>\n\n\n\n<p><a rel=\"noreferrer noopener\" href=\"https:\/\/gilad.online\/writings\/2021\/4\/21\/the-israeli-people-committees-april-report-on-the-lethal-impact-of-vaccinations\" target=\"_blank\">Gilad Atzmon - The Israeli People Committee\u2019s April Report on the lethal impact of vaccinations<\/a><br><em>Temps de lecture: 5-6 minutes.<\/em><\/p>\n\n\n\n<p>Le rapport de l'IPC est disponible en h\u00e9breu seulement...<\/p>\n\n\n\n<p><a href=\"https:\/\/gilad.online\/s\/2021.pdf\" data-type=\"URL\" data-id=\"https:\/\/gilad.online\/s\/2021.pdf\" target=\"_blank\" rel=\"noreferrer noopener\">Rapport d'exposition du Comit\u00e9 d'enqu\u00eate civile sur les effets secondaires du vaccin Corona, avril 2021: Il n'y a jamais eu de vaccin qui ait affect\u00e9 autant de personnes<\/a><\/p>\n","protected":false},"excerpt":{"rendered":"","protected":false},"author":2,"featured_media":0,"comment_status":"open","ping_status":"open","sticky":false,"template":"","format":"standard","meta":{"footnotes":""},"categories":[77,20,17,19],"tags":[31],"class_list":["post-1403","post","type-post","status-publish","format-standard","hentry","category-covid19","category-danger-vaccin","category-ressources","category-vaccin","tag-vaccin"],"_links":{"self":[{"href":"https:\/\/crudelis.fr\/site\/covid1984\/wp-json\/wp\/v2\/posts\/1403","targetHints":{"allow":["GET"]}}],"collection":[{"href":"https:\/\/crudelis.fr\/site\/covid1984\/wp-json\/wp\/v2\/posts"}],"about":[{"href":"https:\/\/crudelis.fr\/site\/covid1984\/wp-json\/wp\/v2\/types\/post"}],"author":[{"embeddable":true,"href":"https:\/\/crudelis.fr\/site\/covid1984\/wp-json\/wp\/v2\/users\/2"}],"replies":[{"embeddable":true,"href":"https:\/\/crudelis.fr\/site\/covid1984\/wp-json\/wp\/v2\/comments?post=1403"}],"version-history":[{"count":1,"href":"https:\/\/crudelis.fr\/site\/covid1984\/wp-json\/wp\/v2\/posts\/1403\/revisions"}],"predecessor-version":[{"id":2183,"href":"https:\/\/crudelis.fr\/site\/covid1984\/wp-json\/wp\/v2\/posts\/1403\/revisions\/2183"}],"wp:attachment":[{"href":"https:\/\/crudelis.fr\/site\/covid1984\/wp-json\/wp\/v2\/media?parent=1403"}],"wp:term":[{"taxonomy":"category","embeddable":true,"href":"https:\/\/crudelis.fr\/site\/covid1984\/wp-json\/wp\/v2\/categories?post=1403"},{"taxonomy":"post_tag","embeddable":true,"href":"https:\/\/crudelis.fr\/site\/covid1984\/wp-json\/wp\/v2\/tags?post=1403"}],"curies":[{"name":"wp","href":"https:\/\/api.w.org\/{rel}","templated":true}]}}