{"id":1412,"date":"2021-04-26T11:27:20","date_gmt":"2021-04-26T11:27:20","guid":{"rendered":"https:\/\/covid1984.nohost.me\/blog\/?p=1412"},"modified":"2022-08-20T11:05:47","modified_gmt":"2022-08-20T11:05:47","slug":"la-memoire-du-passeport-et-de-la-liberte-surveillee","status":"publish","type":"post","link":"https:\/\/crudelis.fr\/site\/covid1984\/2021\/04\/26\/la-memoire-du-passeport-et-de-la-liberte-surveillee\/","title":{"rendered":"La m\u00e9moire du passeport et de la libert\u00e9 surveill\u00e9e"},"content":{"rendered":"\n<p>Il ne faut jamais oublier notre propre histoire, les humains n'ont pas chang\u00e9s, et les autocrates qui prennent le pouvoir des \u00e9tats restent toujours les m\u00eames.<br>Le passeport sanitaire n'a jamais \u00e9t\u00e9 pens\u00e9 comme un outil de sant\u00e9 publique. <\/p>\n\n\n\n<!--more-->\n\n\n\n<p><a href=\"https:\/\/www.historia.fr\/loeil-de\/la-m%C3%A9moire-du-passeport-et-de-la-libert%C3%A9-surveill%C3%A9e%C2%A0\" data-type=\"URL\" data-id=\"https:\/\/www.historia.fr\/loeil-de\/la-m%C3%A9moire-du-passeport-et-de-la-libert%C3%A9-surveill%C3%A9e%C2%A0\" target=\"_blank\" rel=\"noreferrer noopener\">Historia - La m\u00e9moire du passeport et de la libert\u00e9 surveill\u00e9e<\/a><br><em>Temps de lecture: 4-5 minutes.<\/em><\/p>\n\n\n\n<hr class=\"wp-block-separator is-style-dots\" \/>\n\n\n\n<blockquote class=\"wp-block-quote is-layout-flow wp-block-quote-is-layout-flow\"><p><em>Et puis les religions, quand elles se sont radicalis\u00e9es, ont invent\u00e9 les signes distinctifs et discriminatoires qui servaient \u00e0 pers\u00e9cuter ceux qui \u00e9taient oblig\u00e9s de les porter.<\/em><\/p><cite>Jean-Pierre Gu\u00e9no pour Historia<\/cite><\/blockquote>\n\n\n\n<blockquote class=\"wp-block-quote is-layout-flow wp-block-quote-is-layout-flow\"><p><em><em>Progressivement, au XIX<sup>e<\/sup>&nbsp;si\u00e8cle, l\u2019usage du passeport permit aux \u00c9tats de lutter contre le socialisme montant, contre les migrations, contre les \u00e9trangers et pour \u00ab&nbsp;pr\u00e9server l\u2019ordre public&nbsp;\u00bb. Le consulat puis Napol\u00e9on I<sup>er<\/sup>&nbsp;et Napol\u00e9on III impos\u00e8rent l\u2019utilisation en France du \u00ab livret ouvrier&nbsp;\u00bb, afin de&nbsp;\u00ab&nbsp;domestiquer le nomadisme des ouvriers&nbsp;\u00bb.<\/em><\/em><\/p><cite>Jean-Pierre Gu\u00e9no pour Historia<\/cite><\/blockquote>\n\n\n\n<blockquote class=\"wp-block-quote is-layout-flow wp-block-quote-is-layout-flow\"><p><em><em><em>Ils \u00e9taient trait\u00e9s comme d\u2019anciens bagnards ou d\u2019anciens repris de justice, en \u00ab libert\u00e9 \u00bb tr\u00e8s surveill\u00e9e. Longtemps, ce livret a \u00e9t\u00e9 confisqu\u00e9 par le patron de l\u2019ouvrier qui perdait sa libert\u00e9 de le quitter.<\/em><\/em><\/em><\/p><cite>Jean-Pierre Gu\u00e9no pour Historia<\/cite><\/blockquote>\n\n\n\n<blockquote class=\"wp-block-quote is-layout-flow wp-block-quote-is-layout-flow\"><p><em><em><em>Il est bien clair que les \u00ab passeports \u00bb et les badges distinctifs en tout genre n\u2019ont jamais cess\u00e9 de constituer des outils de guerres religieuses, ethniques, sociales ou migratoires. On comprend mieux pourquoi toute mise en fiche des individus \u00e0 l\u2019\u00e8re du big data, et plus r\u00e9cemment, la notion de \u00ab pass sanitaire \u00bb, ch\u00e8re \u00e0 notre pr\u00e9sident de la R\u00e9publique, soul\u00e8vent des inqui\u00e9tudes et des \u00e9tats d\u2019\u00e2me.<\/em><\/em><\/em><\/p><cite>Jean-Pierre Gu\u00e9no pour Historia<\/cite><\/blockquote>\n","protected":false},"excerpt":{"rendered":"<p>Il ne faut jamais oublier notre propre histoire, les humains n'ont pas chang\u00e9s, et les autocrates qui prennent le pouvoir des \u00e9tats restent toujours les m\u00eames.Le passeport sanitaire n'a jamais \u00e9t\u00e9 pens\u00e9 comme un outil de sant\u00e9 publique.<\/p>\n","protected":false},"author":2,"featured_media":0,"comment_status":"open","ping_status":"open","sticky":false,"template":"","format":"standard","meta":{"footnotes":""},"categories":[77,6,17],"tags":[23],"class_list":["post-1412","post","type-post","status-publish","format-standard","hentry","category-covid19","category-democratie","category-ressources","tag-histoire"],"_links":{"self":[{"href":"https:\/\/crudelis.fr\/site\/covid1984\/wp-json\/wp\/v2\/posts\/1412","targetHints":{"allow":["GET"]}}],"collection":[{"href":"https:\/\/crudelis.fr\/site\/covid1984\/wp-json\/wp\/v2\/posts"}],"about":[{"href":"https:\/\/crudelis.fr\/site\/covid1984\/wp-json\/wp\/v2\/types\/post"}],"author":[{"embeddable":true,"href":"https:\/\/crudelis.fr\/site\/covid1984\/wp-json\/wp\/v2\/users\/2"}],"replies":[{"embeddable":true,"href":"https:\/\/crudelis.fr\/site\/covid1984\/wp-json\/wp\/v2\/comments?post=1412"}],"version-history":[{"count":1,"href":"https:\/\/crudelis.fr\/site\/covid1984\/wp-json\/wp\/v2\/posts\/1412\/revisions"}],"predecessor-version":[{"id":2182,"href":"https:\/\/crudelis.fr\/site\/covid1984\/wp-json\/wp\/v2\/posts\/1412\/revisions\/2182"}],"wp:attachment":[{"href":"https:\/\/crudelis.fr\/site\/covid1984\/wp-json\/wp\/v2\/media?parent=1412"}],"wp:term":[{"taxonomy":"category","embeddable":true,"href":"https:\/\/crudelis.fr\/site\/covid1984\/wp-json\/wp\/v2\/categories?post=1412"},{"taxonomy":"post_tag","embeddable":true,"href":"https:\/\/crudelis.fr\/site\/covid1984\/wp-json\/wp\/v2\/tags?post=1412"}],"curies":[{"name":"wp","href":"https:\/\/api.w.org\/{rel}","templated":true}]}}