{"id":1428,"date":"2021-04-28T11:59:13","date_gmt":"2021-04-28T11:59:13","guid":{"rendered":"https:\/\/covid1984.nohost.me\/blog\/?p=1428"},"modified":"2022-08-20T11:05:46","modified_gmt":"2022-08-20T11:05:46","slug":"bientot-10-000-morts-et-2-millions-deffets-secondaires-susceptibles-detre-lies-aux-vaccins-contre-la-covid-19","status":"publish","type":"post","link":"https:\/\/crudelis.fr\/site\/covid1984\/2021\/04\/28\/bientot-10-000-morts-et-2-millions-deffets-secondaires-susceptibles-detre-lies-aux-vaccins-contre-la-covid-19\/","title":{"rendered":"Bient\u00f4t 10.000 morts et 2 millions d\u2019effets secondaires susceptibles d\u2019\u00eatre li\u00e9s aux \u00ab \u2009vaccins\u2009 \u00bb contre la Covid-19"},"content":{"rendered":"\n<p>8686 d\u00e9c\u00e8s apr\u00e8s vaccination au 24 avril pour l'Europe seulement.<br>AgoraVox nous livre une analyse ind\u00e9niable des effets secondaires des vaccins, puisque bas\u00e9e sur les chiffres officiels de la base EudraVigilance.<br>Sans oublier que ces chiffres sont tr\u00e8s largement sous-estim\u00e9s.<\/p>\n\n\n\n<!--more-->\n\n\n\n<p><a href=\"https:\/\/www.agoravox.fr\/actualites\/sante\/article\/bientot-10-000-morts-et-2-millions-232627\" data-type=\"URL\" data-id=\"https:\/\/www.agoravox.fr\/actualites\/sante\/article\/bientot-10-000-morts-et-2-millions-232627\" target=\"_blank\" rel=\"noreferrer noopener\">AgoraVox - Bient\u00f4t 10.000 morts et 2 millions d'effets secondaires susceptibles d'\u00eatre li\u00e9s aux vaccins contre la Covid-19<\/a><br><em>Temps de lecture: 8-9 minutes.<\/em><\/p>\n\n\n\n<hr class=\"wp-block-separator is-style-dots\" \/>\n\n\n\n<blockquote class=\"wp-block-quote is-layout-flow wp-block-quote-is-layout-flow\"><p><em>Au 3 avril 2021, 5966 d\u00e9c\u00e8s \u00e9taient officiellement susceptibles d\u2019\u00eatre li\u00e9s aux quatre \u00ab\u00a0\u2009vaccins\u2009\u00a0\u00bb utilis\u00e9s dans l\u2019Union europ\u00e9enne.<\/em><\/p><p>Trois semaines plus tard, au 24 avril, pour les seuls \u00ab\u00a0\u2009vaccins\u2009\u00a0\u00bb Moderna, Pfizer et Astra Zeneca (sans m\u00eame comptabiliser le \u00ab\u00a0\u2009vaccin\u2009\u00a0\u00bb Janssen, peu inocul\u00e9 \u00e0 ce jour dans l\u2019UE), on atteint <strong>8686 d\u00e9c\u00e8s susceptibles d\u2019\u00eatre li\u00e9s \u00e0 ces trois \u00ab\u00a0vaccins\u00a0\u00bb<\/strong>, c\u2019est-\u00e0-dire une augmentation de pr\u00e8s de 50%.<\/p><cite>Frederic Gobert pour AgoraVox<\/cite><\/blockquote>\n\n\n\n<blockquote class=\"wp-block-quote is-layout-flow wp-block-quote-is-layout-flow\"><p><em><em>Pourquoi cette mise en garde et ce lien qui concerne sp\u00e9cifiquement la Covid-19 sur la page d\u2019accueil du site adrreports.eu\u2009 ? Peut-\u00eatre parce que des \u00ab \u2009experts\u2009 \u00bb interrog\u00e9s dans les \u00ab \u2009grands m\u00e9dias\u2009 \u00bb expliquent depuis le mois de f\u00e9vrier 2021 que ces effets secondaires, quelle que soit leur quantit\u00e9, ne doivent en aucun cas \u00eatre interpr\u00e9t\u00e9s comme pouvant \u00eatre attribu\u00e9s aux \u00ab \u2009vaccins\u2009 \u00bb contre la Covid-19, et ce alors m\u00eame que pas loin de deux millions d\u2019effets secondaires sont officiellement \u00ab \u2009susceptibles\u2009 \u00bb d\u2019\u00eatre li\u00e9s aux \u00ab \u2009vaccins\u2009 \u00bb sur ce site.<\/em><\/em><\/p><cite>Frederic Gobert pour AgoraVox<\/cite><\/blockquote>\n\n\n\n<blockquote class=\"wp-block-quote is-layout-flow wp-block-quote-is-layout-flow\"><p><em><em><em>Quand on compare le nombre d\u2019effets secondaires recens\u00e9s officiellement sur le site d\u2019EudraVigilance \u00e0 ceux qui sont r\u00e9guli\u00e8rement cit\u00e9s dans les \u00ab\u00a0\u2009grands m\u00e9dias\u2009\u00a0\u00bb, infiniment inf\u00e9rieurs (quelques dizaines de d\u00e9c\u00e8s, etc.), on ne peut que se demander quelles sont les sources des journalistes et quelles proc\u00e9dures ils mettent en \u0153uvre pour v\u00e9rifier ces chiffres avec rigueur.<\/em><\/em><\/em><\/p><cite>Frederic Gobert pour AgoraVox<\/cite><\/blockquote>\n\n\n\n<blockquote class=\"wp-block-quote is-layout-flow wp-block-quote-is-layout-flow\"><p><em><em><em>l\u2019un des arguments pr\u00e9f\u00e9r\u00e9s de ceux qui affirment que les effets secondaires dus aux \u00ab\u00a0\u2009vaccins\u2009\u00a0\u00bb sont sans importance est le fait que ces effets secondaires seraient toujours mineurs\u00a0: une fi\u00e8vre l\u00e9g\u00e8re presque toujours, et toujours passag\u00e8re\u2026 C\u2019est un mensonge, les chiffres d\u2019EudraVigilance permettent de l\u2019affirmer. Car m\u00eame si \u00ab\u00a0\u2009scientifiquement\u2009\u00a0\u00bb, comme l\u2019affirment les \u00ab\u00a0\u2009experts\u2009\u00a0\u00bb, rien n\u2019est prouv\u00e9, comment affirmer que pr\u00e8s de deux millions d\u2019effets secondaires dont pr\u00e8s de dix mille morts sont <em>l\u00e9gers<\/em> et <em>passagers<\/em>\u00a0?\u2026<\/em><\/em><\/em><\/p><cite>Frederic Gobert pour AgoraVox<\/cite><\/blockquote>\n","protected":false},"excerpt":{"rendered":"<p>8686 d\u00e9c\u00e8s apr\u00e8s vaccination au 24 avril pour l'Europe seulement.AgoraVox nous livre une analyse ind\u00e9niable des effets secondaires des vaccins, puisque bas\u00e9e sur les chiffres officiels de la base EudraVigilance.Sans oublier que ces chiffres sont tr\u00e8s largement sous-estim\u00e9s.<\/p>\n","protected":false},"author":2,"featured_media":0,"comment_status":"open","ping_status":"open","sticky":false,"template":"","format":"standard","meta":{"footnotes":""},"categories":[2,77,20,12,19],"tags":[31],"class_list":["post-1428","post","type-post","status-publish","format-standard","hentry","category-actualite","category-covid19","category-danger-vaccin","category-mortalite","category-vaccin","tag-vaccin"],"_links":{"self":[{"href":"https:\/\/crudelis.fr\/site\/covid1984\/wp-json\/wp\/v2\/posts\/1428","targetHints":{"allow":["GET"]}}],"collection":[{"href":"https:\/\/crudelis.fr\/site\/covid1984\/wp-json\/wp\/v2\/posts"}],"about":[{"href":"https:\/\/crudelis.fr\/site\/covid1984\/wp-json\/wp\/v2\/types\/post"}],"author":[{"embeddable":true,"href":"https:\/\/crudelis.fr\/site\/covid1984\/wp-json\/wp\/v2\/users\/2"}],"replies":[{"embeddable":true,"href":"https:\/\/crudelis.fr\/site\/covid1984\/wp-json\/wp\/v2\/comments?post=1428"}],"version-history":[{"count":1,"href":"https:\/\/crudelis.fr\/site\/covid1984\/wp-json\/wp\/v2\/posts\/1428\/revisions"}],"predecessor-version":[{"id":2180,"href":"https:\/\/crudelis.fr\/site\/covid1984\/wp-json\/wp\/v2\/posts\/1428\/revisions\/2180"}],"wp:attachment":[{"href":"https:\/\/crudelis.fr\/site\/covid1984\/wp-json\/wp\/v2\/media?parent=1428"}],"wp:term":[{"taxonomy":"category","embeddable":true,"href":"https:\/\/crudelis.fr\/site\/covid1984\/wp-json\/wp\/v2\/categories?post=1428"},{"taxonomy":"post_tag","embeddable":true,"href":"https:\/\/crudelis.fr\/site\/covid1984\/wp-json\/wp\/v2\/tags?post=1428"}],"curies":[{"name":"wp","href":"https:\/\/api.w.org\/{rel}","templated":true}]}}