{"id":1440,"date":"2021-04-29T12:47:31","date_gmt":"2021-04-29T12:47:31","guid":{"rendered":"https:\/\/covid1984.nohost.me\/blog\/?p=1440"},"modified":"2022-08-20T11:05:46","modified_gmt":"2022-08-20T11:05:46","slug":"100-000-morts-vraiment","status":"publish","type":"post","link":"https:\/\/crudelis.fr\/site\/covid1984\/2021\/04\/29\/100-000-morts-vraiment\/","title":{"rendered":"100 000 morts, vraiment ?"},"content":{"rendered":"\n<p>Une d\u00e9monstration exceptionnelle de la part de la cha\u00eene YouTube D\u00e9coder l'\u00e9co du mensonge des 100 000 morts du covid en France.<br>Une d\u00e9monstration en images, en chiffres et en graphiques clairs qui ne laisse aucun doute.<\/p>\n\n\n\n<!--more-->\n\n\n\n<p><a rel=\"noreferrer noopener\" href=\"https:\/\/www.youtube.com\/watch?v=MLMGnfeu_zk\" target=\"_blank\">YouTube - 100 000 morts, vraiment ?<\/a><br><em>19 minutes.<\/em><\/p>\n\n\n\n<hr class=\"wp-block-separator is-style-dots\" \/>\n\n\n\n<blockquote class=\"wp-block-quote is-layout-flow wp-block-quote-is-layout-flow\"><p><em>A partir du 18 mars, plus les h\u00f4pitaux remontent de d\u00e9c\u00e8s li\u00e9s \u00e0 la covid-19 et moins ils remontent de d\u00e9c\u00e8s li\u00e9s \u00e0 d'autres pathologies<\/em><\/p><cite>D\u00e9coder l'\u00e9co<\/cite><\/blockquote>\n\n\n\n<blockquote class=\"wp-block-quote is-layout-flow wp-block-quote-is-layout-flow\"><p><em>[..] ainsi, absolument toute la surmortalit\u00e9 hivernale fran\u00e7aise, provenant de toutes les \u00e9pid\u00e9mies qui circulent, virus ou bact\u00e9ries, est enti\u00e8rement attribu\u00e9e \u00e0 la covid-19. [...] On fait donc croire au gens, depuis un an, qu'un seul virus est responsable de toutes les maladies hivernales<\/em><\/p><cite>D\u00e9coder l'\u00e9co<\/cite><\/blockquote>\n\n\n\n<blockquote class=\"wp-block-quote is-layout-flow wp-block-quote-is-layout-flow\"><p><em>Pour l'h\u00f4pital, entre le 18 mars 2020 et 5 avril 2021, 70771 d\u00e9c\u00e8s sont annonc\u00e9s comme caus\u00e9s par la covid-19 par Sant\u00e9 Publique France, alors que l'h\u00f4pital n'a vu une surmortalit\u00e9 que de 23328 personnes sur la m\u00eame p\u00e9riode. Donc sur les 70 000 annonc\u00e9s, pr\u00e8s de 50 000 seraient d\u00e9c\u00e9d\u00e9s \u00e0 l\u2019h\u00f4pital quoi qu'il arrive, m\u00eame sans covid-19<\/em><\/p><cite>D\u00e9coder l'\u00e9co<\/cite><\/blockquote>\n\n\n\n<blockquote class=\"wp-block-quote is-layout-flow wp-block-quote-is-layout-flow\"><p><em>Toute la surmortalit\u00e9 de mars\/avril n'est pas du tout imputable \u00e0 la covid-19 seule, mais bien \u00e0 la strat\u00e9gie choisie. Il est en tout cas grand temps d'arr\u00eater de dire que le nombre de morts est limit\u00e9 par les mesures qui sont prises, concernant l'h\u00f4pital il est assez criard que les mesures ont eu un impact sur la mortalit\u00e9 des gens, et ce n'est pas dans le bon sens.<\/em><\/p><cite>D\u00e9coder l'\u00e9co<\/cite><\/blockquote>\n\n\n\n<blockquote class=\"wp-block-quote is-layout-flow wp-block-quote-is-layout-flow\"><p><em>Il est int\u00e9ressant de se rappeler toutes les interdictions de mol\u00e9cules ayant d\u00e9j\u00e0 fait leur preuve dans de nombreux cas d'infections respiratoires aigu\u00ebs et de l'autre c\u00f4t\u00e9 l'achat massif, pour des milliards d'euros de d\u00e9penses, de mol\u00e9cules dont les professionnels de sant\u00e9s savent pertinemment la dangerosit\u00e9.<\/em><\/p><cite>D\u00e9coder l'\u00e9co<\/cite><\/blockquote>\n\n\n\n<blockquote class=\"wp-block-quote is-layout-flow wp-block-quote-is-layout-flow\"><p><em>Donc les vieux coronavirus, trait\u00e9s avec des m\u00e9dicaments, sont moins mortels que les nouveaux coronavirus qu'on ne soigne pas. Aujourd'hui on accuse les nouveaux coronavirus d'\u00eatre devenu plus mortel, c'est compl\u00e8tement absurde, on a juste la preuve que si on ne soigne pas, on meurt plus.<\/em><\/p><cite>D\u00e9coder l'\u00e9co<\/cite><\/blockquote>\n\n\n\n<blockquote class=\"wp-block-quote is-layout-flow wp-block-quote-is-layout-flow\"><p><em>A partir du 1er avril, date \u00e0 laquelle les d\u00e9c\u00e8s covid-19 ont commenc\u00e9s \u00e0 remonter des EHPAD, quasiment tous les d\u00e9c\u00e8s ayant eu lieu dans les EHPAD ont \u00e9t\u00e9 attribu\u00e9s \u00e0 la covid-19.<\/em><\/p><cite>D\u00e9coder l'\u00e9co<\/cite><\/blockquote>\n\n\n\n<blockquote class=\"wp-block-quote is-layout-flow wp-block-quote-is-layout-flow\"><p><em>Doit on en d\u00e9duire qu'en 2020, les fran\u00e7ais ont eu le bon go\u00fbt de ne pas faire d'AVC et de crise cardiaques pour laisser toute la place aux malades de la covid, ou plut\u00f4t qu'il n'ont pas \u00e9t\u00e9 pris en charge \u00e0 cause du confinement ?<\/em><\/p><cite>D\u00e9coder l'\u00e9co<\/cite><\/blockquote>\n","protected":false},"excerpt":{"rendered":"<p>Une d\u00e9monstration exceptionnelle de la part de la cha\u00eene YouTube D\u00e9coder l'\u00e9co du mensonge des 100 000 morts du covid en France.Une d\u00e9monstration en images, en chiffres et en graphiques clairs qui ne laisse aucun doute.<\/p>\n","protected":false},"author":2,"featured_media":0,"comment_status":"open","ping_status":"open","sticky":false,"template":"","format":"standard","meta":{"footnotes":""},"categories":[77,12,17],"tags":[28,32],"class_list":["post-1440","post","type-post","status-publish","format-standard","hentry","category-covid19","category-mortalite","category-ressources","tag-relativiser","tag-video"],"_links":{"self":[{"href":"https:\/\/crudelis.fr\/site\/covid1984\/wp-json\/wp\/v2\/posts\/1440","targetHints":{"allow":["GET"]}}],"collection":[{"href":"https:\/\/crudelis.fr\/site\/covid1984\/wp-json\/wp\/v2\/posts"}],"about":[{"href":"https:\/\/crudelis.fr\/site\/covid1984\/wp-json\/wp\/v2\/types\/post"}],"author":[{"embeddable":true,"href":"https:\/\/crudelis.fr\/site\/covid1984\/wp-json\/wp\/v2\/users\/2"}],"replies":[{"embeddable":true,"href":"https:\/\/crudelis.fr\/site\/covid1984\/wp-json\/wp\/v2\/comments?post=1440"}],"version-history":[{"count":1,"href":"https:\/\/crudelis.fr\/site\/covid1984\/wp-json\/wp\/v2\/posts\/1440\/revisions"}],"predecessor-version":[{"id":2178,"href":"https:\/\/crudelis.fr\/site\/covid1984\/wp-json\/wp\/v2\/posts\/1440\/revisions\/2178"}],"wp:attachment":[{"href":"https:\/\/crudelis.fr\/site\/covid1984\/wp-json\/wp\/v2\/media?parent=1440"}],"wp:term":[{"taxonomy":"category","embeddable":true,"href":"https:\/\/crudelis.fr\/site\/covid1984\/wp-json\/wp\/v2\/categories?post=1440"},{"taxonomy":"post_tag","embeddable":true,"href":"https:\/\/crudelis.fr\/site\/covid1984\/wp-json\/wp\/v2\/tags?post=1440"}],"curies":[{"name":"wp","href":"https:\/\/api.w.org\/{rel}","templated":true}]}}