{"id":1451,"date":"2021-05-04T11:29:19","date_gmt":"2021-05-04T11:29:19","guid":{"rendered":"https:\/\/covid1984.nohost.me\/blog\/?p=1451"},"modified":"2022-08-20T11:05:45","modified_gmt":"2022-08-20T11:05:45","slug":"5000-damende-en-floride-pour-toute-entreprise-ou-ecole-qui-demanderais-une-preuve-de-vaccination-covid","status":"publish","type":"post","link":"https:\/\/crudelis.fr\/site\/covid1984\/2021\/05\/04\/5000-damende-en-floride-pour-toute-entreprise-ou-ecole-qui-demanderais-une-preuve-de-vaccination-covid\/","title":{"rendered":"5000$ d'amende en Floride pour toute entreprise ou \u00e9cole qui demanderais une preuve de vaccination covid"},"content":{"rendered":"\n<p>Pendant que certains pays s'enfonce dans la dictature sanitaire, la France n'\u00e9tant pas en reste..., de nombreux \u00e9tats am\u00e9ricains retrouvent libert\u00e9 et d\u00e9mocratie.<\/p>\n\n\n\n<!--more-->\n\n\n\n<p>Consid\u00e9rant la <a rel=\"noreferrer noopener\" href=\"https:\/\/www.leparisien.fr\/societe\/pass-sanitaire-cinq-minutes-pour-comprendre-ce-que-ca-va-changer-30-04-2021-UEPF5TEW4NAIVCJNIXZX7F7ZUU.php\" target=\"_blank\">mise en place du passeport sanitaire en France<\/a>, il est bon de se souvenir que le gouvernement nous avait assur\u00e9, en d\u00e9cembre que la vaccination ne serait pas obligatoire...<\/p>\n\n\n\n<blockquote class=\"wp-block-quote is-layout-flow wp-block-quote-is-layout-flow\"><p><em><em>\"Non, le vaccin contre le coronavirus ne sera pas obligatoire\", r\u00e9pond Olivier V\u00e9ran. \"Le pr\u00e9sident de la R\u00e9publique s\u2019y est engag\u00e9, le Premier ministre \u00e9galement.\" Selon lui, \u00eatre vaccin\u00e9 contre le Covid-19 ne sera pas n\u00e9cessaire \"ni pour prendre un transport en commun\", ni \"pour entrer dans un restaurant ou pour aller travailler\".<\/em><\/em><\/p><cite><a href=\"https:\/\/www.lci.fr\/politique\/covid-19-pas-de-passeport-sanitaire-premiers-vaccines-en-france-reconfinement-l-interview-d-olivier-veran-sur-tf1-2173603.html\" target=\"_blank\" rel=\"noreferrer noopener\">Olivier V\u00e9ran au 20h de TF1<\/a><\/cite><\/blockquote>\n\n\n\n<p>Dans le m\u00eame temps, alors que le passeport sanitaire est le Graal de la sortie de crise (avec un amer sentiment de d\u00e9j\u00e0 vu...), certains \u00e9tats des \u00c9tats-Unis prennent le contre-pied avec notamment la Floride qui, apr\u00e8s avoir un interdit le passeport vaccinal sur son territoire, a d\u00e9cid\u00e9 d'infliger une amende de 5000$ \u00e0 toute entreprise ou \u00e9cole qui l'exigerais tout de m\u00eame.<\/p>\n\n\n\n<figure class=\"wp-block-table\"><table class=\"has-subtle-pale-pink-background-color has-background\"><tbody><tr><td><em>Pour les articles qui ne sont pas en fran\u00e7ais, vous pouvez utiliser <a rel=\"noreferrer noopener\" href=\"https:\/\/www.deepl.com\/translator\" target=\"_blank\">DeepL<\/a> pour traduire le texte en fran\u00e7ais.<\/em><\/td><\/tr><\/tbody><\/table><\/figure>\n\n\n\n<p><a rel=\"noreferrer noopener\" href=\"https:\/\/www.washingtonexaminer.com\/politics\/senate-ok-needed-to-send-florida-vaccine-passport-ban-to-desantis-desk\" data-type=\"URL\" data-id=\"https:\/\/www.washingtonexaminer.com\/politics\/senate-ok-needed-to-send-florida-vaccine-passport-ban-to-desantis-desk\" target=\"_blank\">Washington Examiner - Senate OK needed to send Florida vaccine passport ban to DeSantis\u2019 desk<\/a><br><em>Temps de lecture: 4-5 minutes.<\/em><\/p>\n\n\n\n<hr class=\"wp-block-separator is-style-dots\" \/>\n\n\n\n<blockquote class=\"wp-block-quote is-layout-flow wp-block-quote-is-layout-flow\"><p><em>Florida will fine any business or school $5,000 each time it requires a \u201cvaccine passport,\u201d or proof of COVID-19 vaccination, for entry or participation under a bill bound for Gov. Ron DeSantis\u2019 desk.<\/em><br>---<br><em>En vertu d'un projet de loi destin\u00e9 au bureau du gouverneur Ron DeSantis, la Floride infligera une amende de 5 000 dollars \u00e0 toute entreprise ou \u00e9cole qui exigera un \"passeport vaccinal\" ou une preuve de vaccination COVID-19 pour entrer ou participer.<\/em><\/p><cite>John Haughey pour Washington Examiner<\/cite><\/blockquote>\n\n\n\n<blockquote class=\"wp-block-quote is-layout-flow wp-block-quote-is-layout-flow\"><p><em><em>\u201cWe have vaccines, through some miracle of science, that work. We also must recognize that COVID-19 vaccines don\u2019t have the same proven history as the same vaccines we require our schoolchildren to get,\u201d Leek said. \u201cWe must recognize that vaccine hesitancy is real and understandable.\u201d<\/em><\/em><br>---<br><em>\"Nous avons des vaccins qui, par un miracle de la science, fonctionnent. Nous devons \u00e9galement reconna\u00eetre que les vaccins COVID-19 n'ont pas les m\u00eames ant\u00e9c\u00e9dents que les vaccins que nous demandons \u00e0 nos \u00e9coliers de recevoir\", a d\u00e9clar\u00e9 M. Leek. \"Nous devons reconna\u00eetre que l'h\u00e9sitation \u00e0 l'\u00e9gard des vaccins est r\u00e9elle et compr\u00e9hensible.\"<\/em><\/p><cite>John Haughey pour Washington Examiner<\/cite><\/blockquote>\n\n\n\n<blockquote class=\"wp-block-quote is-layout-flow wp-block-quote-is-layout-flow\"><p><em><em><em>Republicans scoffed at the criticism, praising DeSantis for policies that kept the state\u2019s economy far less impacted by the pandemic than most others<\/em><\/em><\/em><br>---<br><em>Les r\u00e9publicains se sont moqu\u00e9s de ces critiques, louant DeSantis pour ses politiques qui ont permis \u00e0 l'\u00e9conomie de l'\u00c9tat d'\u00eatre beaucoup moins touch\u00e9e par la pand\u00e9mie que la plupart des autres \u00c9tats.<\/em><\/p><cite>John Haughey pour Washington Examiner<\/cite><\/blockquote>\n\n\n\n<hr class=\"wp-block-separator is-style-dots\" \/>\n\n\n\n<p>Il convient de rappeler que, malgr\u00e9 la r\u00e9ticence de l'\u00e9tat de Floride \u00e0 la dictature sanitaire, la Floride se place en 28e position sur les 50 \u00e9tats am\u00e9ricains en terme de mortalit\u00e9 covid ramen\u00e9e \u00e0 sa population.<br>Loin de l'h\u00e9catombe annonc\u00e9e... (<a rel=\"noreferrer noopener\" href=\"https:\/\/www.worldometers.info\/coronavirus\/country\/us\/\" target=\"_blank\">source<\/a>)<\/p>\n\n\n\n<hr class=\"wp-block-separator is-style-dots\" \/>\n\n\n\n<p>Le texte de loi en question dans cet article peut \u00eatre lu sur le site du s\u00e9nat de Floride.<\/p>\n\n\n\n<p><a href=\"https:\/\/www.flsenate.gov\/Session\/Bill\/2021\/2006\/?Tab=BillText\" target=\"_blank\" rel=\"noreferrer noopener\">The Florida Senate - CS\/CS\/SB 2006: Emergency Management<\/a><\/p>\n","protected":false},"excerpt":{"rendered":"<p>Pendant que certains pays s'enfonce dans la dictature sanitaire, la France n'\u00e9tant pas en reste..., de nombreux \u00e9tats am\u00e9ricains retrouvent libert\u00e9 et d\u00e9mocratie.<\/p>\n","protected":false},"author":2,"featured_media":0,"comment_status":"open","ping_status":"open","sticky":false,"template":"","format":"standard","meta":{"footnotes":""},"categories":[2,77,6,19],"tags":[22,31],"class_list":["post-1451","post","type-post","status-publish","format-standard","hentry","category-actualite","category-covid19","category-democratie","category-vaccin","tag-great-reset","tag-vaccin"],"_links":{"self":[{"href":"https:\/\/crudelis.fr\/site\/covid1984\/wp-json\/wp\/v2\/posts\/1451","targetHints":{"allow":["GET"]}}],"collection":[{"href":"https:\/\/crudelis.fr\/site\/covid1984\/wp-json\/wp\/v2\/posts"}],"about":[{"href":"https:\/\/crudelis.fr\/site\/covid1984\/wp-json\/wp\/v2\/types\/post"}],"author":[{"embeddable":true,"href":"https:\/\/crudelis.fr\/site\/covid1984\/wp-json\/wp\/v2\/users\/2"}],"replies":[{"embeddable":true,"href":"https:\/\/crudelis.fr\/site\/covid1984\/wp-json\/wp\/v2\/comments?post=1451"}],"version-history":[{"count":1,"href":"https:\/\/crudelis.fr\/site\/covid1984\/wp-json\/wp\/v2\/posts\/1451\/revisions"}],"predecessor-version":[{"id":2175,"href":"https:\/\/crudelis.fr\/site\/covid1984\/wp-json\/wp\/v2\/posts\/1451\/revisions\/2175"}],"wp:attachment":[{"href":"https:\/\/crudelis.fr\/site\/covid1984\/wp-json\/wp\/v2\/media?parent=1451"}],"wp:term":[{"taxonomy":"category","embeddable":true,"href":"https:\/\/crudelis.fr\/site\/covid1984\/wp-json\/wp\/v2\/categories?post=1451"},{"taxonomy":"post_tag","embeddable":true,"href":"https:\/\/crudelis.fr\/site\/covid1984\/wp-json\/wp\/v2\/tags?post=1451"}],"curies":[{"name":"wp","href":"https:\/\/api.w.org\/{rel}","templated":true}]}}