{"id":1484,"date":"2021-05-12T10:52:04","date_gmt":"2021-05-12T10:52:04","guid":{"rendered":"https:\/\/covid1984.nohost.me\/blog\/?p=1484"},"modified":"2022-08-20T11:05:30","modified_gmt":"2022-08-20T11:05:30","slug":"le-scandale-de-corruption-de-lue-dont-les-medias-bienpensants-refusent-de-parler","status":"publish","type":"post","link":"https:\/\/crudelis.fr\/site\/covid1984\/2021\/05\/12\/le-scandale-de-corruption-de-lue-dont-les-medias-bienpensants-refusent-de-parler\/","title":{"rendered":"Le scandale de corruption de l\u2019UE dont les m\u00e9dias \u00ab bienpensants \u00bb refusent de parler"},"content":{"rendered":"\n<p>Stella Kyriakides, commissaire europ\u00e9enne \u00e0 la sant\u00e9, en charge de la politique de vaccination europ\u00e9enne, aurait re\u00e7u 4 millions d'euros de pots-de-vin pour signer des contrats avantageux avec les grands laboratoires pour l'achat de \"vaccins\" covid en Europe.<\/p>\n\n\n\n<!--more-->\n\n\n\n<p><a rel=\"noreferrer noopener\" href=\"https:\/\/lesobservateurs.ch\/2021\/05\/03\/le-scandale-de-corruption-de-lue-dont-les-medias-bienpensants-refusent-de-parler\/\" data-type=\"URL\" data-id=\"https:\/\/lesobservateurs.ch\/2021\/05\/03\/le-scandale-de-corruption-de-lue-dont-les-medias-bienpensants-refusent-de-parler\/\" target=\"_blank\">LesObservateurs.ch - Le scandale de corruption de l\u2019UE dont les m\u00e9dias \u00ab bienpensants \u00bb refusent de parler<\/a><br><em>Temps de lecture: 6-7 minutes.<\/em><\/p>\n\n\n\n<hr class=\"wp-block-separator is-style-dots\" \/>\n\n\n\n<blockquote class=\"wp-block-quote is-layout-flow wp-block-quote-is-layout-flow\"><p><em><em>Stella Kirikiades, la ministre de la sant\u00e9 Chypriote de l'Union Europ\u00e9enne, vient de tomber pour corruption massive.<\/em><\/em><br><em><em>Elle avait sign\u00e9 les contrats des vaccins-covid avec les entreprises pharma et subitement son compte bancaire priv\u00e9 avait \u00e9t\u00e9 cr\u00e9dit\u00e9 de 4 millions d'euros, de provenance difficilement explicable. Les m\u00e9dias chypriotes ont essay\u00e9 de \u00ab\u00a0rattraper l'affaire\u00a0\u00bb en parlant de corruption passive<\/em><\/em><\/p><cite>Albert Coroz<\/cite><\/blockquote>\n\n\n\n<blockquote class=\"wp-block-quote is-layout-flow wp-block-quote-is-layout-flow\"><p><em><em>Stella Kirik\u00e1des, la commissaire \u00e0 la sant\u00e9 qui a sign\u00e9 les contrats de vaccination tardifs de l'UE, a \u00e9t\u00e9 m\u00eal\u00e9e \u00e0 un scandale de corruption inacceptable. Beaucoup sont d\u00e9j\u00e0 certains qu'elle a \u00e9t\u00e9 soudoy\u00e9e par les fabricants de vaccins.<\/em><\/em><\/p><cite>Bors, journal hongrois<\/cite><\/blockquote>\n\n\n\n<blockquote class=\"wp-block-quote is-layout-flow wp-block-quote-is-layout-flow\"><p><em><em><em>L'affaire est trop grosse pour \u00eatre simplement balay\u00e9e sous le tapis, car la commissaire europ\u00e9enne \u00e0 la sant\u00e9 ne dispose d'aucune couverture pour contracter un pr\u00eat de cette taille. Comme l\u2019a d\u00e9j\u00e0 dit un rapport de la Cour des comptes chypriote: ceci ne peut \u00eatre un pr\u00eat, comme le pr\u00e9tendait la ministre. <strong>Stella Kirik\u00e1des ne pourra pas rembourser cette somme \u00e9norme, ni sur son salaire, ni sur d\u2019autres sources, c\u2019est-\u00e0-dire qu\u2019il s\u2019agit clairement d'un d\u00e9guisement de corruption.<\/strong><\/em><\/em><\/em><\/p><cite>Bors, journal hongrois<\/cite><\/blockquote>\n\n\n\n<blockquote class=\"wp-block-quote is-layout-flow wp-block-quote-is-layout-flow\"><p><em><em><em>Stella Kirikiades, apr\u00e8s sa chute, essaie de s'excuser de toutes les mani\u00e8res possibles. Elle essaie de faire croire que cet argent apparemment \u00ab sale \u00bb n'a rien \u00e0 voir avec les contrats de vaccination de l'UE.<\/em><\/em><\/em><br><em>On essaye de d\u00e9tourner notre attention du fait que cet argent a \u00e9t\u00e9 vers\u00e9, selon toute probabilit\u00e9, par des fabricants de vaccins pour des contrats conclus \u00e0 des conditions favorables pour eux, ce qui a entra\u00een\u00e9 des exp\u00e9ditions retard\u00e9es et d'autres couacs. Pendant ce temps, les journaux chypriotes les plus prudents \u00e9crivent, qu'il s'agit probablement d'une corruption passive.<\/em><\/p><cite>Bors, journal hongrois<\/cite><\/blockquote>\n\n\n\n<hr class=\"wp-block-separator is-style-dots\" \/>\n\n\n\n<p>\u00c0 la source de l'article ce trouve un journal hongrois, dont l'article pr\u00e9c\u00e9dent est une traduction.<\/p>\n\n\n\n<figure class=\"wp-block-table\"><table class=\"has-subtle-pale-pink-background-color has-background\"><tbody><tr><td><em>Pour les articles qui ne sont pas en fran\u00e7ais, vous pouvez utiliser <a rel=\"noreferrer noopener\" href=\"https:\/\/www.deepl.com\/translator\" target=\"_blank\">DeepL<\/a> pour traduire le texte en fran\u00e7ais.<\/em><\/td><\/tr><\/tbody><\/table><\/figure>\n\n\n\n<p><a rel=\"noreferrer noopener\" href=\"https:\/\/www.borsonline.hu\/aktualis\/a-vakcinagyartok-megvesztegettek-az-eu-biztost-korrupcios-botrany-brusszelben\/229354\" target=\"_blank\">Bors - A vakcinagy\u00e1rt\u00f3k megvesztegett\u00e9k az EU-biztost? Korrupci\u00f3s botr\u00e1ny Br\u00fcsszelben<\/a><br><em>Temps de lecture: 3-4 minutes.<\/em><\/p>\n\n\n\n<hr class=\"wp-block-separator is-style-dots\" \/>\n\n\n\n<p>On peut trouver confirmation de cette information sur les m\u00e9dias en langue grecque, ici un journal de Gr\u00e8ce.<\/p>\n\n\n\n<figure class=\"wp-block-table\"><table class=\"has-subtle-pale-pink-background-color has-background\"><tbody><tr><td><em>Pour les articles qui ne sont pas en fran\u00e7ais, vous pouvez utiliser <a rel=\"noreferrer noopener\" href=\"https:\/\/www.deepl.com\/translator\" target=\"_blank\">DeepL<\/a> pour traduire le texte en fran\u00e7ais.<\/em><\/td><\/tr><\/tbody><\/table><\/figure>\n\n\n\n<p><a rel=\"noreferrer noopener\" href=\"https:\/\/www.thenewspaper.gr\/2021\/05\/10\/%CF%85%CF%80%CF%8C%CE%BB%CE%BF%CE%B3%CE%B7-%CE%B3%CE%B9%CE%B1-%CE%B4%CE%B9%CE%B1%CF%86%CE%B8%CE%BF%CF%81%CE%AC-%CE%B7-%CE%B5%CF%80%CE%AF%CF%84%CF%81%CE%BF%CF%80%CE%BF%CF%82-%CF%85%CE%B3%CE%B5%CE%AF\/\" target=\"_blank\">TheNewspaper.gr - \u03a5\u03c0\u03cc\u03bb\u03bf\u03b3\u03b7 \u03b3\u03b9\u03b1 \u03b4\u03b9\u03b1\u03c6\u03b8\u03bf\u03c1\u03ac \u03b7 \u0395\u03c0\u03af\u03c4\u03c1\u03bf\u03c0\u03bf\u03c2 \u03a5\u03b3\u03b5\u03af\u03b1\u03c2 \u03c4\u03b7\u03c2 \u0395\u0395 \u03a3\u03c4\u03ad\u03bb\u03bb\u03b1 \u039a\u03c5\u03c1\u03b9\u03b1\u03ba\u03af\u03b4\u03b7!<\/a><br><em>Temps de lecture: 5-6 minutes.<\/em><\/p>\n\n\n\n<blockquote class=\"wp-block-quote is-layout-flow wp-block-quote-is-layout-flow\"><p><em>\u03a0\u03bf\u03bb\u03bb\u03b1\u03c0\u03bb\u03b1\u03c3\u03b9\u03ac\u03b6\u03bf\u03bd\u03c4\u03b1\u03b9 \u03c4\u03b1 \u03b5\u03c1\u03c9\u03c4\u03ae\u03bc\u03b1\u03c4\u03b1 \u03c0\u03bf\u03c5 \u03b1\u03c6\u03bf\u03c1\u03bf\u03cd\u03bd \u03c3\u03c4\u03b7\u03bd \u03b1\u03be\u03b9\u03bf\u03c0\u03b9\u03c3\u03c4\u03af\u03b1, \u03b1\u03ba\u03cc\u03bc\u03b7 \u03ba\u03b1\u03b9 \u03c4\u03b7\u03bd \u03b5\u03bd\u03c4\u03b9\u03bc\u03cc\u03c4\u03b7\u03c4\u03b1, \u03c4\u03b7\u03c2 \u0395\u03c0\u03b9\u03c4\u03c1\u03cc\u03c0\u03bf\u03c5 \u03a5\u03b3\u03b5\u03af\u03b1\u03c2 \u03c4\u03b7\u03c2 \u039a\u03bf\u03bc\u03b9\u03c3\u03b9\u03cc\u03bd \u03a3\u03c4\u03ad\u03bb\u03bb\u03b1 \u039a\u03c5\u03c1\u03b9\u03b1\u03ba\u03af\u03b4\u03b7, \u03c4\u03cc\u03c3\u03bf \u03b5\u03be\u03b1\u03b9\u03c4\u03af\u03b1\u03c2 \u03c4\u03b7\u03c2 \u03b4\u03b9\u03b1\u03c0\u03af\u03c3\u03c4\u03c9\u03c3\u03b7\u03c2 \u03cc\u03c4\u03b9 \u03c5\u03c0\u03ad\u03b3\u03c1\u03b1\u03c8\u03b5 \u03c4\u03b9\u03c2 \u03b1\u03c0\u03bf\u03c4\u03c5\u03c7\u03b7\u03bc\u03ad\u03bd\u03b5\u03c2, \u03ba\u03b1\u03b8\u03c5\u03c3\u03c4\u03b5\u03c1\u03b7\u03bc\u03ad\u03bd\u03b5\u03c2 \u03c3\u03c5\u03bc\u03c6\u03c9\u03bd\u03af\u03b5\u03c2 \u03b5\u03bc\u03b2\u03bf\u03bb\u03af\u03c9\u03bd \u03c4\u03b7\u03c2 \u0395\u0395 \u03cc\u03c3\u03bf\u03bd \u03ba\u03b1\u03b9 \u03b1\u03c0\u03cc \u03c4\u03bf \u03b3\u03b5\u03b3\u03bf\u03bd\u03cc\u03c2 \u03cc\u03c4\u03b9, \u03b1\u03c0\u03ad\u03ba\u03c1\u03c5\u03c8\u03b5 \u03b1\u03c0\u03cc \u03c4\u03b7 \u03b4\u03ae\u03bb\u03c9\u03c3\u03b7 \u03c3\u03c5\u03bc\u03c6\u03b5\u03c1\u03cc\u03bd\u03c4\u03c9\u03bd \u03c4\u03b7\u03c2 \u03c4\u03bf \u03c0\u03bf\u03c3\u03cc \u03c4\u03c9\u03bd 4 \u03b5\u03ba\u03b1\u03c4\u03bf\u03bc\u03bc\u03c5\u03c1\u03af\u03c9\u03bd \u03b5\u03c5\u03c1\u03ce, \u03c0\u03bf\u03c5 \u03c0\u03b9\u03c3\u03c4\u03ce\u03b8\u03b7\u03ba\u03b5 \u03b1\u03c0\u03cc \u00ab\u03c4\u03bf \u03c0\u03bf\u03c5\u03b8\u03b5\u03bd\u03ac\u00bb \u03c3\u03c4\u03bf\u03bd \u03bb\u03bf\u03b3\u03b1\u03c1\u03b9\u03b1\u03c3\u03bc\u03cc \u03c4\u03bf\u03c5 \u03c3\u03c5\u03b6\u03cd\u03b3\u03bf\u03c5 \u03c4\u03b7\u03c2!<br>---<br>Les questions se multiplient sur la cr\u00e9dibilit\u00e9, voire l'honn\u00eatet\u00e9, de la commissaire \u00e0 la sant\u00e9 de la Commission, Stella Kyriakidis, \u00e0 la fois en raison de la constatation qu'elle a sign\u00e9 les accords europ\u00e9ens sur les vaccins, qui ont \u00e9chou\u00e9 et ont \u00e9t\u00e9 retard\u00e9s, et du fait qu'elle a dissimul\u00e9 dans sa d\u00e9claration d'int\u00e9r\u00eats le montant de 4 millions d'euros, qui a \u00e9t\u00e9 cr\u00e9dit\u00e9 de \"nulle part\" sur le compte de son mari !<\/em><\/p><cite>\u039d\u03af\u03ba\u03bf\u03c2 \u03a1\u03bf\u03cd\u03c3\u03c3\u03b7\u03c2<\/cite><\/blockquote>\n\n\n\n<blockquote class=\"wp-block-quote is-layout-flow wp-block-quote-is-layout-flow\"><p><em>\u0391\u03c0\u03cc \u03c4\u03b7 \u03c3\u03c4\u03b9\u03b3\u03bc\u03ae \u03c0\u03bf\u03c5 \u03b7 \u03c3\u03c5\u03bd\u03b1\u03bb\u03bb\u03b1\u03b3\u03ae \u03ae\u03c1\u03b8\u03b5 \u03c3\u03c4\u03bf \u03c6\u03c9\u03c2, \u03b7 \u03a3\u03c4\u03ad\u03bb\u03bb\u03b1 \u039a\u03c5\u03c1\u03b9\u03b1\u03ba\u03af\u03b4\u03b7 \u03c0\u03c1\u03bf\u03c3\u03c0\u03ac\u03b8\u03b7\u03c3\u03b5 \u03bd\u03b1 \u03b4\u03ce\u03c3\u03b5\u03b9 \u03bc\u03b9\u03b1 \u03b5\u03be\u03ae\u03b3\u03b7\u03c3\u03b7, \u03c5\u03c0\u03bf\u03c3\u03c4\u03b7\u03c1\u03af\u03b6\u03bf\u03bd\u03c4\u03b1\u03c2 \u03cc\u03c4\u03b9 \u03c4\u03bf \u03c0\u03bf\u03c3\u03cc, \u03c0\u03bf\u03c5 \u03c3\u03af\u03b3\u03bf\u03c5\u03c1\u03b1 \u03bc\u03bf\u03b9\u03ac\u03b6\u03b5\u03b9 \u03bc\u03b5 \u03c7\u03c1\u03ae\u03bc\u03b1\u03c4\u03b1 \u03b4\u03b9\u03b1\u03c6\u03b8\u03bf\u03c1\u03ac\u03c2, \u03b4\u03b5\u03bd \u03ad\u03c7\u03b5\u03b9 \u03ba\u03b1\u03bc\u03af\u03b1 \u03c3\u03c7\u03ad\u03c3\u03b7 \u03bc\u03b5 \u03c4\u03b9\u03c2 \u03c3\u03c5\u03bc\u03c6\u03c9\u03bd\u03af\u03b5\u03c2 \u03b5\u03bc\u03b2\u03bf\u03bb\u03af\u03c9\u03bd \u03c4\u03b7\u03c2 \u0395\u0395.<\/em><\/p><p><em>\u03a0\u03c1\u03bf\u03c3\u03c0\u03ac\u03b8\u03b7\u03c3\u03b5, \u03bc\u03ac\u03bb\u03b9\u03c3\u03c4\u03b1, \u03bd\u03b1 \u03b1\u03c0\u03bf\u03c3\u03c0\u03ac\u03c3\u03b5\u03b9 \u03c4\u03b7\u03bd \u03c0\u03c1\u03bf\u03c3\u03bf\u03c7\u03ae \u03b1\u03c0\u03cc \u03c4\u03bf \u03c0\u03c1\u03bf\u03c6\u03b1\u03bd\u03ad\u03c2 \u03b3\u03b5\u03b3\u03bf\u03bd\u03cc\u03c2 \u03cc\u03c4\u03b9 \u03b7 \u03b4\u03c9\u03c1\u03bf\u03b4\u03bf\u03ba\u03af\u03b1 \u03c3\u03c5\u03bd\u03b5\u03bd\u03ce\u03b8\u03b7\u03ba\u03b5 \u03b1\u03c0\u03cc \u03b5\u03c4\u03b1\u03b9\u03c1\u03b5\u03af\u03b5\u03c2 \u03b5\u03bc\u03b2\u03bf\u03bb\u03af\u03c9\u03bd \u03c3\u03b5 \u03b1\u03bd\u03c4\u03ac\u03bb\u03bb\u03b1\u03b3\u03bc\u03b1 \u03b3\u03b9\u03b1 \u03c4\u03b9\u03c2 \u03b5\u03c5\u03bd\u03bf\u03ca\u03ba\u03ad\u03c2 \u03c3\u03c5\u03bc\u03b2\u03ac\u03c3\u03b5\u03b9\u03c2 \u03c0\u03bf\u03c5 \u03c4\u03bf\u03c5\u03c2 \u03b5\u03c0\u03ad\u03c4\u03c1\u03b5\u03c8\u03b1\u03bd \u03c4\u03b7\u03bd \u03b5\u03c0\u03b9\u03bb\u03bf\u03b3\u03ae \u03ba\u03b1\u03b8\u03c5\u03c3\u03c4\u03b5\u03c1\u03b7\u03bc\u03ad\u03bd\u03b7\u03c2 \u03ba\u03b1\u03b9 \u03ac\u03bd\u03b9\u03c3\u03b7\u03c2 \u03c0\u03b1\u03c1\u03ac\u03b4\u03bf\u03c3\u03b7\u03c2.<br>---<br>Depuis que la transaction a \u00e9t\u00e9 r\u00e9v\u00e9l\u00e9e, Stella Kyriakides a tent\u00e9 de donner une explication, affirmant que le montant, qui ressemble certainement \u00e0 de l'argent de la corruption, n'a rien \u00e0 voir avec les accords europ\u00e9ens sur les vaccins.<\/em><\/p><p><em>Elle a m\u00eame tent\u00e9 de d\u00e9tourner l'attention du fait \u00e9vident que le pot-de-vin a \u00e9t\u00e9 mis en commun par les fabricants de vaccins en \u00e9change de contrats avantageux qui leur ont permis d'opter pour une livraison tardive et in\u00e9gale.<\/em><\/p><cite>\u039d\u03af\u03ba\u03bf\u03c2 \u03a1\u03bf\u03cd\u03c3\u03c3\u03b7\u03c2<\/cite><\/blockquote>\n","protected":false},"excerpt":{"rendered":"<p>Stella Kyriakides, commissaire europ\u00e9enne \u00e0 la sant\u00e9, en charge de la politique de vaccination europ\u00e9enne, aurait re\u00e7u 4 millions d'euros de pots-de-vin pour signer des contrats avantageux avec les grands laboratoires pour l'achat de \"vaccins\" covid en Europe.<\/p>\n","protected":false},"author":2,"featured_media":0,"comment_status":"open","ping_status":"open","sticky":false,"template":"","format":"standard","meta":{"footnotes":""},"categories":[77,6,14,17,19],"tags":[31],"class_list":["post-1484","post","type-post","status-publish","format-standard","hentry","category-covid19","category-democratie","category-pourquoi","category-ressources","category-vaccin","tag-vaccin"],"_links":{"self":[{"href":"https:\/\/crudelis.fr\/site\/covid1984\/wp-json\/wp\/v2\/posts\/1484","targetHints":{"allow":["GET"]}}],"collection":[{"href":"https:\/\/crudelis.fr\/site\/covid1984\/wp-json\/wp\/v2\/posts"}],"about":[{"href":"https:\/\/crudelis.fr\/site\/covid1984\/wp-json\/wp\/v2\/types\/post"}],"author":[{"embeddable":true,"href":"https:\/\/crudelis.fr\/site\/covid1984\/wp-json\/wp\/v2\/users\/2"}],"replies":[{"embeddable":true,"href":"https:\/\/crudelis.fr\/site\/covid1984\/wp-json\/wp\/v2\/comments?post=1484"}],"version-history":[{"count":1,"href":"https:\/\/crudelis.fr\/site\/covid1984\/wp-json\/wp\/v2\/posts\/1484\/revisions"}],"predecessor-version":[{"id":2168,"href":"https:\/\/crudelis.fr\/site\/covid1984\/wp-json\/wp\/v2\/posts\/1484\/revisions\/2168"}],"wp:attachment":[{"href":"https:\/\/crudelis.fr\/site\/covid1984\/wp-json\/wp\/v2\/media?parent=1484"}],"wp:term":[{"taxonomy":"category","embeddable":true,"href":"https:\/\/crudelis.fr\/site\/covid1984\/wp-json\/wp\/v2\/categories?post=1484"},{"taxonomy":"post_tag","embeddable":true,"href":"https:\/\/crudelis.fr\/site\/covid1984\/wp-json\/wp\/v2\/tags?post=1484"}],"curies":[{"name":"wp","href":"https:\/\/api.w.org\/{rel}","templated":true}]}}