{"id":1488,"date":"2021-05-13T10:30:22","date_gmt":"2021-05-13T10:30:22","guid":{"rendered":"https:\/\/covid1984.nohost.me\/blog\/?p=1488"},"modified":"2022-08-20T11:05:30","modified_gmt":"2022-08-20T11:05:30","slug":"ayez-le-courage-detre-un-complotiste","status":"publish","type":"post","link":"https:\/\/crudelis.fr\/site\/covid1984\/2021\/05\/13\/ayez-le-courage-detre-un-complotiste\/","title":{"rendered":"Ayez le courage d'\u00eatre un complotiste !"},"content":{"rendered":"\n<p>Un journal autrichien encourage tout le monde \u00e0 assumer son \"complotisme\" quand celui-ci revient \u00e0 se poser des questions plut\u00f4t que de se forcer \u00e0 ne pas voir la r\u00e9alit\u00e9 en face.<\/p>\n\n\n\n<!--more-->\n\n\n\n<p><a rel=\"noreferrer noopener\" href=\"https:\/\/reseauinternational.net\/ayez-le-courage-detre-un-complotiste\/\" target=\"_blank\">R\u00e9seau International - Ayez le courage d\u2018\u00eatre un complotiste !<\/a><br><em>11 minutes.<\/em><\/p>\n\n\n\n<p>Une retranscription du texte de la vid\u00e9o est disponible sur le site <a rel=\"noreferrer noopener\" href=\"https:\/\/fr.sott.net\/article\/37065-Ayez-le-courage-d-etre-un-complotiste\" target=\"_blank\">Signs of the times<\/a>.<br><em>Temps de lecture: 10-13 minutes.<\/em><\/p>\n\n\n\n<p>La vid\u00e9o originale provient du journal autrichien <a rel=\"noreferrer noopener\" href=\"https:\/\/www.wochenblick.at\/unfassbare-zensur-youtube-will-nicht-dass-sie-dieses-video-sehen\/\" target=\"_blank\">Wochenblick<\/a>.<\/p>\n\n\n\n<hr class=\"wp-block-separator is-style-dots\" \/>\n\n\n\n<blockquote class=\"wp-block-quote is-layout-flow wp-block-quote-is-layout-flow\"><p><em>Parce que les th\u00e9oriciens de la conspiration, ce sont bien souvent et tout simplement des personnes r\u00e9alistes qui s'en tiennent aux faits et qui osent regarder en face les connexions \u00e9videntes que d'autres refusent de voir. Cela demande de la force et du courage. Sauf que\u2026 une fois que vous avez entrepris de trouver la v\u00e9rit\u00e9, vous payez le prix fort.<\/em><\/p><cite>Elsa Mittmannsgruber<\/cite><\/blockquote>\n\n\n\n<blockquote class=\"wp-block-quote is-layout-flow wp-block-quote-is-layout-flow\"><p><em><em>Les graves pr\u00e9judices caus\u00e9s \u00e0 la population et \u00e0 l'\u00e9conomie sont d\u00e9lib\u00e9r\u00e9s, car les gouvernants auraient d\u00e9j\u00e0 eu largement le temps d'examiner de mani\u00e8re tr\u00e8s scientifique la pertinence ainsi que les effets secondaires et cons\u00e9cutifs des mesures qu'ils ont adopt\u00e9es, et de les pr\u00e9senter \u00e0 la population de mani\u00e8re transparente. Mais ils n'ont pas l'intention de le faire, car ils ont manifestement d'autres plans\u2026<\/em><\/em><\/p><cite>Elsa Mittmannsgruber<\/cite><\/blockquote>\n\n\n\n<blockquote class=\"wp-block-quote is-layout-flow wp-block-quote-is-layout-flow\"><p><em><em><em>Bien que les Humains aient un besoin inn\u00e9 de se conformer \u00e0 la majorit\u00e9, ils seront amen\u00e9s \u00e0 nager \u00e0 contre-courant, et \u00e0 oser affronter cette majorit\u00e9 pr\u00e9sum\u00e9e. \u00c7a peut conduire \u00e0 la marginalisation, \u00e0 l'exclusion sociale. Et c'est une posture plut\u00f4t inconfortable, car l'Humain veut absolument faire partie du groupe et s'int\u00e9grer. Et bien entendu, il ne veut surtout pas passer pour bizarre ou pour un marginal. Il veut \u00eatre reconnu de tous.<\/em><\/em><\/em><\/p><cite>Elsa Mittmannsgruber<\/cite><\/blockquote>\n\n\n\n<blockquote class=\"wp-block-quote is-layout-flow wp-block-quote-is-layout-flow\"><p><em><em><em>Si quelqu'un ose malgr\u00e9 tout exprimer ouvertement une critique, le coup de matraque qui vient imm\u00e9diatement derri\u00e8re c'est: \u00ab vous \u00eates fou, vous \u00eates un complotiste \u00bb ou pire encore. Des \u00e9tudes sont alors commandit\u00e9es pour prouver que ces penseurs dissidents sont ou des personnes mentalement perturb\u00e9es, ou des simples d'esprit qui manquent d'\u00e9ducation ou m\u00eame des extr\u00e9mistes. Donc tout sera fait pour que surtout, surtout, personne ne les suive !<\/em><\/em><\/em><\/p><cite>Elsa Mittmannsgruber<\/cite><\/blockquote>\n","protected":false},"excerpt":{"rendered":"<p>Un journal autrichien encourage tout le monde \u00e0 assumer son \"complotisme\" quand celui-ci revient \u00e0 se poser des questions plut\u00f4t que de se forcer \u00e0 ne pas voir la r\u00e9alit\u00e9 en face.<\/p>\n","protected":false},"author":2,"featured_media":0,"comment_status":"open","ping_status":"open","sticky":false,"template":"","format":"standard","meta":{"footnotes":""},"categories":[77,13,17],"tags":[28],"class_list":["post-1488","post","type-post","status-publish","format-standard","hentry","category-covid19","category-opinion","category-ressources","tag-relativiser"],"_links":{"self":[{"href":"https:\/\/crudelis.fr\/site\/covid1984\/wp-json\/wp\/v2\/posts\/1488","targetHints":{"allow":["GET"]}}],"collection":[{"href":"https:\/\/crudelis.fr\/site\/covid1984\/wp-json\/wp\/v2\/posts"}],"about":[{"href":"https:\/\/crudelis.fr\/site\/covid1984\/wp-json\/wp\/v2\/types\/post"}],"author":[{"embeddable":true,"href":"https:\/\/crudelis.fr\/site\/covid1984\/wp-json\/wp\/v2\/users\/2"}],"replies":[{"embeddable":true,"href":"https:\/\/crudelis.fr\/site\/covid1984\/wp-json\/wp\/v2\/comments?post=1488"}],"version-history":[{"count":1,"href":"https:\/\/crudelis.fr\/site\/covid1984\/wp-json\/wp\/v2\/posts\/1488\/revisions"}],"predecessor-version":[{"id":2167,"href":"https:\/\/crudelis.fr\/site\/covid1984\/wp-json\/wp\/v2\/posts\/1488\/revisions\/2167"}],"wp:attachment":[{"href":"https:\/\/crudelis.fr\/site\/covid1984\/wp-json\/wp\/v2\/media?parent=1488"}],"wp:term":[{"taxonomy":"category","embeddable":true,"href":"https:\/\/crudelis.fr\/site\/covid1984\/wp-json\/wp\/v2\/categories?post=1488"},{"taxonomy":"post_tag","embeddable":true,"href":"https:\/\/crudelis.fr\/site\/covid1984\/wp-json\/wp\/v2\/tags?post=1488"}],"curies":[{"name":"wp","href":"https:\/\/api.w.org\/{rel}","templated":true}]}}