{"id":1494,"date":"2021-05-14T10:43:14","date_gmt":"2021-05-14T10:43:14","guid":{"rendered":"https:\/\/covid1984.nohost.me\/blog\/?p=1494"},"modified":"2022-08-20T11:05:30","modified_gmt":"2022-08-20T11:05:30","slug":"beaucoup-ne-croient-pas-au-danger-du-covid-19-en-afrique-la-defiance-face-aux-vaccins","status":"publish","type":"post","link":"https:\/\/crudelis.fr\/site\/covid1984\/2021\/05\/14\/beaucoup-ne-croient-pas-au-danger-du-covid-19-en-afrique-la-defiance-face-aux-vaccins\/","title":{"rendered":"\u00ab Beaucoup ne croient pas au danger du Covid-19 \u00bb : en Afrique, la d\u00e9fiance face aux vaccins"},"content":{"rendered":"\n<p>L'Afrique, continent \u00e9pargn\u00e9 malgr\u00e9 les pr\u00e9visions de catastrophe sanitaire, refuse \u00e9galement la \"vaccination\".<br>L'OMS s'efforce de changer la donne, ce qui pourrait bien renverser la situation du continent le moins touch\u00e9 au monde.<\/p>\n\n\n\n<!--more-->\n\n\n\n<p><a href=\"https:\/\/www.lemonde.fr\/afrique\/article\/2021\/05\/10\/beaucoup-ne-croient-pas-au-danger-du-covid-19-en-afrique-la-defiance-face-aux-vaccins_6079678_3212.html\" data-type=\"URL\" data-id=\"https:\/\/www.lemonde.fr\/afrique\/article\/2021\/05\/10\/beaucoup-ne-croient-pas-au-danger-du-covid-19-en-afrique-la-defiance-face-aux-vaccins_6079678_3212.html\" target=\"_blank\" rel=\"noreferrer noopener\">le Monde - \u00ab\u00a0Beaucoup ne croient pas au danger du Covid-19\u00a0\u00bb\u00a0: en Afrique, la d\u00e9fiance face aux vaccins<\/a><br><em>Temps de lecture: 9-11 minutes.<\/em><\/p>\n\n\n\n<hr class=\"wp-block-separator is-style-dots\" \/>\n\n\n\n<blockquote class=\"wp-block-quote is-layout-flow wp-block-quote-is-layout-flow\"><p><em><em>\u00ab\u00a0Dans ce pays <\/em>[la RDC]<em> grand comme l\u2019Europe, nous devons faire face \u00e0 des obstacles logistiques que nous n\u2019aurions pu imaginer. Mais le d\u00e9fi premier est celui de la communication\u00a0\u00bb<\/em>, admet Jean-Jacques Simon, porte-parole de l\u2019Unicef \u00e0 Kinshasa. <em>\u00ab\u00a0Comment convaincre que le Covid-19 est une maladie dangereuse\u00a0? Officiellement, 772\u00a0personnes en sont mortes, tandis que le paludisme fait plus de 10\u00a0000\u00a0victimes par an et que la rougeole a tu\u00e9 pr\u00e8s de 6\u00a0000\u00a0personnes en\u00a02019, en grande majorit\u00e9 des enfants de moins de 5\u00a0ans.\u00a0\u00bb<\/em><\/em><\/p><cite>Laurence Caramel<\/cite><\/blockquote>\n\n\n\n<blockquote class=\"wp-block-quote is-layout-flow wp-block-quote-is-layout-flow\"><p><em><em><em>\u00ab\u00a0Beaucoup ne croient pas au danger du Covid-19. Allez dans n\u2019importe quelle ville, dans n\u2019importe quel village, rares sont ceux qui portent aujourd\u2019hui le masque\u00a0\u00bb<\/em>, constate l\u2019\u00e9pid\u00e9miologiste Samba Sow, envoy\u00e9 sp\u00e9cial de l\u2019OMS pour le Covid-19 en Afrique de l\u2019Ouest.<\/em><\/em><\/p><cite>Laurence Caramel<\/cite><\/blockquote>\n\n\n\n<hr class=\"wp-block-separator is-style-dots\" \/>\n\n\n\n<p>En r\u00e9sum\u00e9, les africains refusent la \"vaccination\", ne croit pas au danger du covid et n'applique pas les gestes barri\u00e8res.<\/p>\n\n\n\n<p>Les chiffres sont \u00e9loquents, l'Afrique est le continent le plus \u00e9pargn\u00e9 par le covid.<\/p>\n\n\n\n\n\n\n\n<p><\/p>\n","protected":false},"excerpt":{"rendered":"<p>L'Afrique, continent \u00e9pargn\u00e9 malgr\u00e9 les pr\u00e9visions de catastrophe sanitaire, refuse \u00e9galement la \"vaccination\".L'OMS s'efforce de changer la donne, ce qui pourrait bien renverser la situation du continent le moins touch\u00e9 au monde.<\/p>\n","protected":false},"author":2,"featured_media":0,"comment_status":"open","ping_status":"open","sticky":false,"template":"","format":"standard","meta":{"footnotes":""},"categories":[2,77,12,19],"tags":[28,31],"class_list":["post-1494","post","type-post","status-publish","format-standard","hentry","category-actualite","category-covid19","category-mortalite","category-vaccin","tag-relativiser","tag-vaccin"],"_links":{"self":[{"href":"https:\/\/crudelis.fr\/site\/covid1984\/wp-json\/wp\/v2\/posts\/1494","targetHints":{"allow":["GET"]}}],"collection":[{"href":"https:\/\/crudelis.fr\/site\/covid1984\/wp-json\/wp\/v2\/posts"}],"about":[{"href":"https:\/\/crudelis.fr\/site\/covid1984\/wp-json\/wp\/v2\/types\/post"}],"author":[{"embeddable":true,"href":"https:\/\/crudelis.fr\/site\/covid1984\/wp-json\/wp\/v2\/users\/2"}],"replies":[{"embeddable":true,"href":"https:\/\/crudelis.fr\/site\/covid1984\/wp-json\/wp\/v2\/comments?post=1494"}],"version-history":[{"count":1,"href":"https:\/\/crudelis.fr\/site\/covid1984\/wp-json\/wp\/v2\/posts\/1494\/revisions"}],"predecessor-version":[{"id":2166,"href":"https:\/\/crudelis.fr\/site\/covid1984\/wp-json\/wp\/v2\/posts\/1494\/revisions\/2166"}],"wp:attachment":[{"href":"https:\/\/crudelis.fr\/site\/covid1984\/wp-json\/wp\/v2\/media?parent=1494"}],"wp:term":[{"taxonomy":"category","embeddable":true,"href":"https:\/\/crudelis.fr\/site\/covid1984\/wp-json\/wp\/v2\/categories?post=1494"},{"taxonomy":"post_tag","embeddable":true,"href":"https:\/\/crudelis.fr\/site\/covid1984\/wp-json\/wp\/v2\/tags?post=1494"}],"curies":[{"name":"wp","href":"https:\/\/api.w.org\/{rel}","templated":true}]}}