{"id":1505,"date":"2021-05-18T11:18:37","date_gmt":"2021-05-18T11:18:37","guid":{"rendered":"https:\/\/covid1984.nohost.me\/blog\/?p=1505"},"modified":"2022-08-20T11:05:29","modified_gmt":"2022-08-20T11:05:29","slug":"le-covid-ou-la-nouvelle-banalite-du-mal","status":"publish","type":"post","link":"https:\/\/crudelis.fr\/site\/covid1984\/2021\/05\/18\/le-covid-ou-la-nouvelle-banalite-du-mal\/","title":{"rendered":"Le Covid ou la nouvelle banalit\u00e9 du mal"},"content":{"rendered":"\n<p>Une analogie, d\u00e9rangeante pour certains, entre la propagande Nazi et la propagande de la dictature sanitaire du covid.<br>La relation est \u00e0 faire \u00e9galement avec le concept de <a href=\"https:\/\/fr.wikipedia.org\/wiki\/Banalit%C3%A9_du_mal\" data-type=\"URL\" data-id=\"https:\/\/fr.wikipedia.org\/wiki\/Banalit%C3%A9_du_mal\" target=\"_blank\" rel=\"noreferrer noopener\">banalit\u00e9 du mal<\/a>, tel que d\u00e9finit par Hannah Arendt \u00e0 propos des crimes de guerres perp\u00e9tr\u00e9s pendant la 2e guerre mondiale.<\/p>\n\n\n\n<!--more-->\n\n\n\n<p><a rel=\"noreferrer noopener\" href=\"https:\/\/www.agoravox.fr\/actualites\/politique\/article\/le-covid-ou-la-nouvelle-banalite-233034\" data-type=\"URL\" data-id=\"https:\/\/www.agoravox.fr\/actualites\/politique\/article\/le-covid-ou-la-nouvelle-banalite-233034\" target=\"_blank\">AgoraVox - Le Covid ou la nouvelle banalit\u00e9 du mal<\/a><br><em>Temps de lecture: 3 minutes.<\/em><\/p>\n\n\n\n<hr class=\"wp-block-separator is-style-dots\" \/>\n\n\n\n<blockquote class=\"wp-block-quote is-layout-flow wp-block-quote-is-layout-flow\"><p><em>En 2021, les d\u00e9mocraties cr\u00e9ent le passeport sanitaire, un document qui certifie que son possesseur est sain. Ce passeport donnera acc\u00e8s aux mus\u00e9es, aux \u00e9difices publics, aux th\u00e9\u00e2tres, aux \u00e9tudes, au travail\u2026<\/em><\/p><cite>Frederic Gobert<\/cite><\/blockquote>\n\n\n\n<blockquote class=\"wp-block-quote is-layout-flow wp-block-quote-is-layout-flow\"><p><em><em>En 1933, Adolf Hitler cr\u00e9a l\u2019Ahnenpa\u00df, un passeport g\u00e9n\u00e9alogique qui certifiait que le possesseur \u00e9tait aryen. Ce passeport donnait acc\u00e8s aux mus\u00e9es, aux \u00e9difices publics, aux th\u00e9\u00e2tres, aux \u00e9tudes et au travail.<\/em><\/em><\/p><cite>Frederic Gobert<\/cite><\/blockquote>\n\n\n\n<blockquote class=\"wp-block-quote is-layout-flow wp-block-quote-is-layout-flow\"><p><em><em><em>En 2021, nous vivons une nouvelle banalit\u00e9 du mal.<\/em><\/em><\/em><\/p><cite>Frederic Gobert<\/cite><\/blockquote>\n","protected":false},"excerpt":{"rendered":"<p>Une analogie, d\u00e9rangeante pour certains, entre la propagande Nazi et la propagande de la dictature sanitaire du covid.La relation est \u00e0 faire \u00e9galement avec le concept de banalit\u00e9 du mal, tel que d\u00e9finit par Hannah Arendt \u00e0 propos des crimes de guerres perp\u00e9tr\u00e9s pendant la 2e guerre mondiale.<\/p>\n","protected":false},"author":2,"featured_media":0,"comment_status":"open","ping_status":"open","sticky":false,"template":"","format":"standard","meta":{"footnotes":""},"categories":[77,6,14,17],"tags":[28],"class_list":["post-1505","post","type-post","status-publish","format-standard","hentry","category-covid19","category-democratie","category-pourquoi","category-ressources","tag-relativiser"],"_links":{"self":[{"href":"https:\/\/crudelis.fr\/site\/covid1984\/wp-json\/wp\/v2\/posts\/1505","targetHints":{"allow":["GET"]}}],"collection":[{"href":"https:\/\/crudelis.fr\/site\/covid1984\/wp-json\/wp\/v2\/posts"}],"about":[{"href":"https:\/\/crudelis.fr\/site\/covid1984\/wp-json\/wp\/v2\/types\/post"}],"author":[{"embeddable":true,"href":"https:\/\/crudelis.fr\/site\/covid1984\/wp-json\/wp\/v2\/users\/2"}],"replies":[{"embeddable":true,"href":"https:\/\/crudelis.fr\/site\/covid1984\/wp-json\/wp\/v2\/comments?post=1505"}],"version-history":[{"count":1,"href":"https:\/\/crudelis.fr\/site\/covid1984\/wp-json\/wp\/v2\/posts\/1505\/revisions"}],"predecessor-version":[{"id":2163,"href":"https:\/\/crudelis.fr\/site\/covid1984\/wp-json\/wp\/v2\/posts\/1505\/revisions\/2163"}],"wp:attachment":[{"href":"https:\/\/crudelis.fr\/site\/covid1984\/wp-json\/wp\/v2\/media?parent=1505"}],"wp:term":[{"taxonomy":"category","embeddable":true,"href":"https:\/\/crudelis.fr\/site\/covid1984\/wp-json\/wp\/v2\/categories?post=1505"},{"taxonomy":"post_tag","embeddable":true,"href":"https:\/\/crudelis.fr\/site\/covid1984\/wp-json\/wp\/v2\/tags?post=1505"}],"curies":[{"name":"wp","href":"https:\/\/api.w.org\/{rel}","templated":true}]}}