{"id":1507,"date":"2021-05-18T11:37:09","date_gmt":"2021-05-18T11:37:09","guid":{"rendered":"https:\/\/covid1984.nohost.me\/blog\/?p=1507"},"modified":"2022-08-20T11:05:29","modified_gmt":"2022-08-20T11:05:29","slug":"des-scientifiques-reconnaissent-que-lutilisation-de-la-peur-pour-controler-le-comportement-lors-de-la-crise-de-covid-etait-totalitaire","status":"publish","type":"post","link":"https:\/\/crudelis.fr\/site\/covid1984\/2021\/05\/18\/des-scientifiques-reconnaissent-que-lutilisation-de-la-peur-pour-controler-le-comportement-lors-de-la-crise-de-covid-etait-totalitaire\/","title":{"rendered":"Des scientifiques reconnaissent que l\u2019utilisation de la peur pour contr\u00f4ler le comportement lors de la crise de Covid \u00e9tait \u00ab totalitaire \u00bb"},"content":{"rendered":"\n<p>Encore une fois, un propos \"complotiste\" devient une v\u00e9rit\u00e9 publiquement admise.<br>Les gouvernements occidentaux ont gliss\u00e9s vers le totalitarisme et ont jou\u00e9 avec la peur pour faire croire que le virus \u00e9tait dangereux.<br>Reste \u00e0 r\u00e9pondre \u00e0 la question, pourquoi ?<\/p>\n\n\n\n<!--more-->\n\n\n\n<figure class=\"wp-block-table\"><table class=\"has-subtle-pale-pink-background-color has-background\"><tbody><tr><td><em>Pour les articles qui ne sont pas en fran\u00e7ais, vous pouvez utiliser <a rel=\"noreferrer noopener\" href=\"https:\/\/www.deepl.com\/translator\" target=\"_blank\">DeepL<\/a> pour traduire le texte en fran\u00e7ais.<\/em><\/td><\/tr><\/tbody><\/table><\/figure>\n\n\n\n<p><a rel=\"noreferrer noopener\" href=\"https:\/\/www.telegraph.co.uk\/news\/2021\/05\/14\/scientists-admit-totalitarian-use-fear-control-behaviour-covid\/\" data-type=\"URL\" data-id=\"https:\/\/www.telegraph.co.uk\/news\/2021\/05\/14\/scientists-admit-totalitarian-use-fear-control-behaviour-covid\/\" target=\"_blank\">The Telegraph - Use of fear to control behaviour in Covid crisis was \u2018totalitarian\u2019, admit scientists<\/a><br><em>Temps de lecture: 4 minutes.<\/em><\/p>\n\n\n\n<p>Une traduction en fran\u00e7aise est disponible sur <a rel=\"noreferrer noopener\" href=\"http:\/\/www.zejournal.mobi\/index.php\/news\/show_detail\/23131\" target=\"_blank\">ZE Journal<\/a>.<\/p>\n\n\n\n<hr class=\"wp-block-separator has-css-opacity is-style-dots\"\/>\n\n\n\n<blockquote class=\"wp-block-quote is-layout-flow wp-block-quote-is-layout-flow\"><p><em>Scientists on a committee that encouraged the use of fear to control people\u2019s behaviour during the Covid&nbsp;pandemic have admitted its work was \u201cunethical\u201d and \u201ctotalitarian\u201d.<\/em><br>---<br><em>Les scientifiques membres d'un comit\u00e9 qui a encourag\u00e9 l'utilisation de la peur pour contr\u00f4ler le comportement des gens pendant la pand\u00e9mie de Covid ont admis que leur travail \u00e9tait \"contraire \u00e0 l'\u00e9thique\" et \"totalitaire\".<\/em><\/p><cite>Gordon Rayner<\/cite><\/blockquote>\n\n\n\n<blockquote class=\"wp-block-quote is-layout-flow wp-block-quote-is-layout-flow\"><p><em><em>SPI-B warned in March last year that ministers needed to increase \u201cthe perceived level of personal threat\u201d from Covid-19 because \u201ca substantial number of people still do not feel sufficiently personally threatened\u201d.<\/em><\/em><br>---<br><em>En mars de l'ann\u00e9e derni\u00e8re, le SPI-B a averti que les ministres devaient augmenter \"le niveau per\u00e7u de menace personnelle\" de Covid-19 car \"un nombre important de personnes ne se sentent toujours pas suffisamment menac\u00e9es personnellement\".<\/em><\/p><cite>Gordon Rayner<\/cite><\/blockquote>\n\n\n\n<blockquote class=\"wp-block-quote is-layout-flow wp-block-quote-is-layout-flow\"><p><em><em><em>Gavin Morgan, a psychologist on the team, said: \u201cClearly, using fear as a means of control is not ethical. Using fear smacks of totalitarianism. It\u2019s not an ethical stance for any modern government. By nature I am an optimistic person, but all this has given me a more pessimistic view of people.\u201d<\/em><\/em><\/em><br>---<br><em>Gavin Morgan, un psychologue de l'\u00e9quipe, a d\u00e9clar\u00e9 : \"Il est clair que l'utilisation de la peur comme moyen de contr\u00f4le n'est pas \u00e9thique. L'utilisation de la peur a des relents de totalitarisme. Ce n'est pas une position \u00e9thique pour un gouvernement moderne. Je suis par nature une personne optimiste, mais tout cela m'a donn\u00e9 une vision plus pessimiste des gens.\"<\/em><\/p><cite>Gordon Rayner<\/cite><\/blockquote>\n\n\n\n<blockquote class=\"wp-block-quote is-layout-flow wp-block-quote-is-layout-flow\"><p><em><em><em>One warned that \u201cpeople use the pandemic to grab power and drive through things that wouldn\u2019t happen otherwise\u2026 We have to be very careful about the authoritarianism that is creeping in\u201d.<\/em><\/em><\/em><br>---<br><em>L'un d'entre eux a mis en garde contre le fait que \"les gens utilisent la pand\u00e9mie pour s'emparer du pouvoir et faire passer des choses qui ne se produiraient pas autrement\u2026 Nous devons faire tr\u00e8s attention \u00e0 l'autoritarisme qui s'insinue\".<\/em><\/p><cite>Gordon Rayner<\/cite><\/blockquote>\n\n\n\n<blockquote class=\"wp-block-quote is-layout-flow wp-block-quote-is-layout-flow\"><p><em><em><em>As well as overt warnings about the danger of the virus, the Government has been accused of feeding the public a non-stop diet of bad news, such as deaths and hospitalisations, without ever putting the figures in context with news of how many people have recovered, or whether daily death tolls are above or below seasonal averages.<\/em><\/em><\/em><br>---<br><em>Outre les mises en garde ouvertes sur le danger du virus, le gouvernement a \u00e9t\u00e9 accus\u00e9 de nourrir le public d'un r\u00e9gime continu de mauvaises nouvelles, telles que les d\u00e9c\u00e8s et les hospitalisations, sans jamais mettre ces chiffres en contexte avec les nouvelles sur le nombre de personnes qui se sont r\u00e9tablies, ou si le nombre de d\u00e9c\u00e8s quotidiens est sup\u00e9rieur ou inf\u00e9rieur aux moyennes saisonni\u00e8res.<\/em><\/p><cite>Gordon Rayner<\/cite><\/blockquote>\n\n\n\n<blockquote class=\"wp-block-quote is-layout-flow wp-block-quote-is-layout-flow\"><p><em><em><em>Steve Baker, the deputy chairman of the Covid Recovery Group of Tory MPs, said: \u201cIf it is true that the state took the decision to terrify the public to get compliance with rules, that raises extremely serious questions about the type of society we want to become.<\/em><\/em><\/em><br>---<br><em>Steve Baker, le vice-pr\u00e9sident du groupe de d\u00e9put\u00e9s conservateurs Covid Recovery, a d\u00e9clar\u00e9 : \"S'il est vrai que l'Etat a pris la d\u00e9cision de terrifier le public pour obtenir le respect des r\u00e8gles, cela soul\u00e8ve des questions extr\u00eamement s\u00e9rieuses sur le type de soci\u00e9t\u00e9 que nous voulons devenir.<\/em><\/p><cite>Gordon Rayner<\/cite><\/blockquote>\n\n\n\n<blockquote class=\"wp-block-quote is-layout-flow wp-block-quote-is-layout-flow\"><p><em><em><em>\u201cIf we\u2019re being really honest, do I fear that Government policy today is playing into the roots of totalitarianism? Yes, of course it is.\u201d<\/em><\/em><\/em><br>---<br><em>\"Si nous voulons \u00eatre vraiment honn\u00eates, est-ce que je crains que la politique du gouvernement d'aujourd'hui ne fasse le jeu du totalitarisme ? Oui, bien s\u00fbr, c'est le cas.\"<\/em><\/p><cite>Gordon Rayner<\/cite><\/blockquote>\n","protected":false},"excerpt":{"rendered":"<p>Encore une fois, un propos \"complotiste\" devient une v\u00e9rit\u00e9 publiquement admise.Les gouvernements occidentaux ont gliss\u00e9s vers le totalitarisme et ont jou\u00e9 avec la peur pour faire croire que le virus \u00e9tait dangereux.Reste \u00e0 r\u00e9pondre \u00e0 la question, pourquoi ?<\/p>\n","protected":false},"author":2,"featured_media":0,"comment_status":"open","ping_status":"open","sticky":false,"template":"","format":"standard","meta":{"footnotes":""},"categories":[77,6,17],"tags":[27],"class_list":["post-1507","post","type-post","status-publish","format-standard","hentry","category-covid19","category-democratie","category-ressources","tag-peur"],"_links":{"self":[{"href":"https:\/\/crudelis.fr\/site\/covid1984\/wp-json\/wp\/v2\/posts\/1507","targetHints":{"allow":["GET"]}}],"collection":[{"href":"https:\/\/crudelis.fr\/site\/covid1984\/wp-json\/wp\/v2\/posts"}],"about":[{"href":"https:\/\/crudelis.fr\/site\/covid1984\/wp-json\/wp\/v2\/types\/post"}],"author":[{"embeddable":true,"href":"https:\/\/crudelis.fr\/site\/covid1984\/wp-json\/wp\/v2\/users\/2"}],"replies":[{"embeddable":true,"href":"https:\/\/crudelis.fr\/site\/covid1984\/wp-json\/wp\/v2\/comments?post=1507"}],"version-history":[{"count":1,"href":"https:\/\/crudelis.fr\/site\/covid1984\/wp-json\/wp\/v2\/posts\/1507\/revisions"}],"predecessor-version":[{"id":1914,"href":"https:\/\/crudelis.fr\/site\/covid1984\/wp-json\/wp\/v2\/posts\/1507\/revisions\/1914"}],"wp:attachment":[{"href":"https:\/\/crudelis.fr\/site\/covid1984\/wp-json\/wp\/v2\/media?parent=1507"}],"wp:term":[{"taxonomy":"category","embeddable":true,"href":"https:\/\/crudelis.fr\/site\/covid1984\/wp-json\/wp\/v2\/categories?post=1507"},{"taxonomy":"post_tag","embeddable":true,"href":"https:\/\/crudelis.fr\/site\/covid1984\/wp-json\/wp\/v2\/tags?post=1507"}],"curies":[{"name":"wp","href":"https:\/\/api.w.org\/{rel}","templated":true}]}}