{"id":152,"date":"2020-11-01T12:07:06","date_gmt":"2020-11-01T12:07:06","guid":{"rendered":"https:\/\/covid1984.nohost.me\/?p=152"},"modified":"2022-08-20T11:10:39","modified_gmt":"2022-08-20T11:10:39","slug":"donnees-du-certificat-de-deces-covid-19-comme-cause-sous-jacente-du-deces","status":"publish","type":"post","link":"https:\/\/crudelis.fr\/site\/covid1984\/2020\/11\/01\/donnees-du-certificat-de-deces-covid-19-comme-cause-sous-jacente-du-deces\/","title":{"rendered":"Donn\u00e9es du certificat de d\u00e9c\u00e8s : COVID-19 comme cause sous-jacente du d\u00e9c\u00e8s"},"content":{"rendered":"\n<p>Un excellent article du CEBM,<small> <\/small>Centre for Evidence-Based Medicine de l'universit\u00e9 d'Oxford amenant des \u00e9claircissements sur les \"morts du covid\".<br>L'article date du 16 septembre 2020<\/p>\n\n\n\n<!--more-->\n\n\n\n<figure class=\"wp-block-table\"><table class=\"has-subtle-pale-pink-background-color has-background\"><tbody><tr><td><em>Pour les articles qui ne sont pas en fran\u00e7ais, vous pouvez utiliser <a rel=\"noreferrer noopener\" href=\"https:\/\/www.deepl.com\/translator\" target=\"_blank\">DeepL<\/a> pour traduire le texte en fran\u00e7ais.<\/em><\/td><\/tr><\/tbody><\/table><\/figure>\n\n\n\n<p><a rel=\"noreferrer noopener\" href=\"https:\/\/www.cebm.net\/covid-19\/death-certificate-data-covid-19-as-the-underlying-cause-of-death\/\" data-type=\"URL\" data-id=\"https:\/\/www.cebm.net\/covid-19\/death-certificate-data-covid-19-as-the-underlying-cause-of-death\/\" target=\"_blank\">CEBM - Death certificate data: COVID-19 as the underlying cause of death<\/a><br><em>Temps de lecture: 6-7 minutes.<\/em><\/p>\n\n\n\n<hr class=\"wp-block-separator is-style-dots\" \/>\n\n\n\n<blockquote class=\"wp-block-quote is-style-default is-layout-flow wp-block-quote-is-layout-flow\"><p><em>World Health Organisation guidelines state that \u201cCOVID-19 should be recorded on the medical certificate of cause of death for ALL decedents where the disease, or is assumed to have caused, or contributed to death<\/em><br>---<br><em>Les lignes directrices de l'Organisation mondiale de la sant\u00e9 stipulent que \"COVID-19 doit \u00eatre inscrit sur le certificat m\u00e9dical de la cause du d\u00e9c\u00e8s pour TOUS les d\u00e9funts lorsque la maladie, est <strong>suppos\u00e9e<\/strong> avoir caus\u00e9 ou contribu\u00e9 au d\u00e9c\u00e8s<\/em><\/p><cite>cebm.net<\/cite><\/blockquote>\n\n\n\n<blockquote class=\"wp-block-quote is-style-default is-layout-flow wp-block-quote-is-layout-flow\"><p><em>While we found that roughly one in thirteen (7.8%) deaths with COVID-19 on the death certificate did not have the disease as the underlying cause of death, this proportion has risen substantially to 29% (nearly a third) for the last eight weeks of reporting.<\/em><br>---<br><em>Bien que nous ayons constat\u00e9 qu'environ un d\u00e9c\u00e8s sur treize (7,8 %) avec COVID-19 sur le certificat de d\u00e9c\u00e8s n'avait pas la maladie comme cause sous-jacente du d\u00e9c\u00e8s, cette proportion a consid\u00e9rablement augment\u00e9 pour atteindre 29 % (pr\u00e8s d'un tiers) au cours des huit derni\u00e8res semaines de d\u00e9claration.<\/em><\/p><cite>cebm.net<\/cite><\/blockquote>\n\n\n\n<blockquote class=\"wp-block-quote is-style-default is-layout-flow wp-block-quote-is-layout-flow\"><p><em>The distinction between the underlying cause of death and any other mention on the death certificate will be increasingly important as we enter the autumn and winter months, where increases in respiratory illness are observed annually.<\/em><br>---<br><em>La distinction entre la cause sous-jacente du d\u00e9c\u00e8s et toute autre mention sur le certificat de d\u00e9c\u00e8s sera de plus en plus importante \u00e0 l'approche des mois d'automne et d'hiver, o\u00f9 l'on observe chaque ann\u00e9e une augmentation des maladies respiratoires.<\/em><\/p><cite>cebm.net<\/cite><\/blockquote>\n\n\n\n<hr class=\"wp-block-separator is-style-dots\" \/>\n\n\n\n<p>Afin de mieux comprendre cet article, il est important de saisir la diff\u00e9rence entre \"underlying cause of death\" et \"contributory causes of death\".<\/p>\n\n\n\n<ul class=\"wp-block-list\"><li>\"Underlying cause of death\": Cause sous-jacente du d\u00e9c\u00e8s.<br>Cela repr\u00e9sente l'\u00e9v\u00e8nement initial qui a entra\u00een\u00e9 la cha\u00eene de cons\u00e9quence amenant \u00e0 la mort.<br>Sur l'exemple donn\u00e9 par cebm.net, on trouve notamment un accident de voiture comme cause sous-jacente, qui entra\u00eene des blessures qui seront mortelles.<\/li><\/ul>\n\n\n\n<ul class=\"wp-block-list\"><li>\"Contributory causes of death\": Causes contribuant au d\u00e9c\u00e8s.<br>Les autres causes pouvant avoir aggrav\u00e9 la situation et men\u00e9 au d\u00e9c\u00e8s. Ces causes, prises seules, ne sont pas la principale raison du d\u00e9c\u00e8s, seulement des facteurs aggravant.<br>On trouve en causes contribuant au d\u00e9c\u00e8s, le grand \u00e2ge, une fragilit\u00e9 g\u00e9n\u00e9rale, ou toute autre maladie pr\u00e9-existante par exemple.<\/li><\/ul>\n","protected":false},"excerpt":{"rendered":"<p>Un excellent article du CEBM, Centre for Evidence-Based Medicine de l'universit\u00e9 d'Oxford amenant des \u00e9claircissements sur les \"morts du covid\".L'article date du 16 septembre 2020<\/p>\n","protected":false},"author":2,"featured_media":0,"comment_status":"open","ping_status":"open","sticky":false,"template":"","format":"standard","meta":{"footnotes":""},"categories":[77,12,17],"tags":[28],"class_list":["post-152","post","type-post","status-publish","format-standard","hentry","category-covid19","category-mortalite","category-ressources","tag-relativiser"],"_links":{"self":[{"href":"https:\/\/crudelis.fr\/site\/covid1984\/wp-json\/wp\/v2\/posts\/152","targetHints":{"allow":["GET"]}}],"collection":[{"href":"https:\/\/crudelis.fr\/site\/covid1984\/wp-json\/wp\/v2\/posts"}],"about":[{"href":"https:\/\/crudelis.fr\/site\/covid1984\/wp-json\/wp\/v2\/types\/post"}],"author":[{"embeddable":true,"href":"https:\/\/crudelis.fr\/site\/covid1984\/wp-json\/wp\/v2\/users\/2"}],"replies":[{"embeddable":true,"href":"https:\/\/crudelis.fr\/site\/covid1984\/wp-json\/wp\/v2\/comments?post=152"}],"version-history":[{"count":1,"href":"https:\/\/crudelis.fr\/site\/covid1984\/wp-json\/wp\/v2\/posts\/152\/revisions"}],"predecessor-version":[{"id":2357,"href":"https:\/\/crudelis.fr\/site\/covid1984\/wp-json\/wp\/v2\/posts\/152\/revisions\/2357"}],"wp:attachment":[{"href":"https:\/\/crudelis.fr\/site\/covid1984\/wp-json\/wp\/v2\/media?parent=152"}],"wp:term":[{"taxonomy":"category","embeddable":true,"href":"https:\/\/crudelis.fr\/site\/covid1984\/wp-json\/wp\/v2\/categories?post=152"},{"taxonomy":"post_tag","embeddable":true,"href":"https:\/\/crudelis.fr\/site\/covid1984\/wp-json\/wp\/v2\/tags?post=152"}],"curies":[{"name":"wp","href":"https:\/\/api.w.org\/{rel}","templated":true}]}}