{"id":1524,"date":"2021-05-19T12:02:21","date_gmt":"2021-05-19T12:02:21","guid":{"rendered":"https:\/\/covid1984.nohost.me\/blog\/?p=1524"},"modified":"2022-08-20T11:05:29","modified_gmt":"2022-08-20T11:05:29","slug":"professeur-luc-montagnier-les-variants-viennent-des-vaccinations","status":"publish","type":"post","link":"https:\/\/crudelis.fr\/site\/covid1984\/2021\/05\/19\/professeur-luc-montagnier-les-variants-viennent-des-vaccinations\/","title":{"rendered":"Professeur Luc Montagnier ...... Les VARIANTS viennent des vaccinations !"},"content":{"rendered":"\n<p>Une explication, scientifique, de l'apparition des variants des suites de la vaccination de masse.<br>Le Pr. Luc Montagnier, virologue et prix nobel pour sa d\u00e9couverte du VIH, nous fourni une explication claire et souvent tr\u00e8s technique qui rejoint les propos d'autres experts sur la responsabilit\u00e9 \u00e9vidente des \"vaccins\" sur l'\u00e9mergence des variants.<\/p>\n\n\n\n<!--more-->\n\n\n\n<p><a rel=\"noreferrer noopener\" href=\"https:\/\/odysee.com\/@ludovicgarcia7500:c\/Professeur-Luc-Montagnier-....Les-VARIANTS-viennent-des-vaccinations:1\" data-type=\"URL\" data-id=\"https:\/\/odysee.com\/@ludovicgarcia7500:c\/Professeur-Luc-Montagnier-....Les-VARIANTS-viennent-des-vaccinations:1\" target=\"_blank\">Odysee - Professeur Luc Montagnier ...... Les VARIANTS viennent des vaccinations !<\/a><br><em>11 minutes.<\/em><\/p>\n\n\n\n<hr class=\"wp-block-separator is-style-dots\" \/>\n\n\n\n<blockquote class=\"wp-block-quote is-layout-flow wp-block-quote-is-layout-flow\"><p><em>C'est effectivement la vaccination qui a cr\u00e9er les variants. Le virus a des anticorps produit par un vaccin, et qu'est-ce qu'il va faire le virus ? Ou bien mourir, ou bien trouver une solution. Les nouveaux variants sont vraiment la production r\u00e9sultante des vaccinations.<\/em><\/p><cite>Pr. Luc Montagnier<\/cite><\/blockquote>\n\n\n\n<blockquote class=\"wp-block-quote is-layout-flow wp-block-quote-is-layout-flow\"><p><em><em>Il est clair que les nouveaux variants sont cr\u00e9\u00e9s par la s\u00e9lection des anticorps produits par la vaccination.<\/em><\/em><\/p><cite>Pr. Luc Montagnier<\/cite><\/blockquote>\n","protected":false},"excerpt":{"rendered":"<p>Une explication, scientifique, de l'apparition des variants des suites de la vaccination de masse.Le Pr. Luc Montagnier, virologue et prix nobel pour sa d\u00e9couverte du VIH, nous fourni une explication claire et souvent tr\u00e8s technique qui rejoint les propos d'autres experts sur la responsabilit\u00e9 \u00e9vidente des \"vaccins\" sur l'\u00e9mergence des variants.<\/p>\n","protected":false},"author":2,"featured_media":0,"comment_status":"open","ping_status":"open","sticky":false,"template":"","format":"standard","meta":{"footnotes":""},"categories":[77,20,9,17,19],"tags":[31],"class_list":["post-1524","post","type-post","status-publish","format-standard","hentry","category-covid19","category-danger-vaccin","category-interview","category-ressources","category-vaccin","tag-vaccin"],"_links":{"self":[{"href":"https:\/\/crudelis.fr\/site\/covid1984\/wp-json\/wp\/v2\/posts\/1524","targetHints":{"allow":["GET"]}}],"collection":[{"href":"https:\/\/crudelis.fr\/site\/covid1984\/wp-json\/wp\/v2\/posts"}],"about":[{"href":"https:\/\/crudelis.fr\/site\/covid1984\/wp-json\/wp\/v2\/types\/post"}],"author":[{"embeddable":true,"href":"https:\/\/crudelis.fr\/site\/covid1984\/wp-json\/wp\/v2\/users\/2"}],"replies":[{"embeddable":true,"href":"https:\/\/crudelis.fr\/site\/covid1984\/wp-json\/wp\/v2\/comments?post=1524"}],"version-history":[{"count":1,"href":"https:\/\/crudelis.fr\/site\/covid1984\/wp-json\/wp\/v2\/posts\/1524\/revisions"}],"predecessor-version":[{"id":2159,"href":"https:\/\/crudelis.fr\/site\/covid1984\/wp-json\/wp\/v2\/posts\/1524\/revisions\/2159"}],"wp:attachment":[{"href":"https:\/\/crudelis.fr\/site\/covid1984\/wp-json\/wp\/v2\/media?parent=1524"}],"wp:term":[{"taxonomy":"category","embeddable":true,"href":"https:\/\/crudelis.fr\/site\/covid1984\/wp-json\/wp\/v2\/categories?post=1524"},{"taxonomy":"post_tag","embeddable":true,"href":"https:\/\/crudelis.fr\/site\/covid1984\/wp-json\/wp\/v2\/tags?post=1524"}],"curies":[{"name":"wp","href":"https:\/\/api.w.org\/{rel}","templated":true}]}}