{"id":1531,"date":"2021-05-21T12:00:24","date_gmt":"2021-05-21T12:00:24","guid":{"rendered":"https:\/\/covid1984.nohost.me\/blog\/?p=1531"},"modified":"2022-08-20T11:05:28","modified_gmt":"2022-08-20T11:05:28","slug":"appel-au-boycott-des-etablissements-imposant-le-pass-sanitaire","status":"publish","type":"post","link":"https:\/\/crudelis.fr\/site\/covid1984\/2021\/05\/21\/appel-au-boycott-des-etablissements-imposant-le-pass-sanitaire\/","title":{"rendered":"Appel au boycott des \u00e9tablissements imposant le pass sanitaire."},"content":{"rendered":"\n<p>Appel au boycott de Florian Philippot de tous les \u00e9tablissement imposant le pass sanitaire et veille des actualit\u00e9s de boycott au Texas, en France et au Luxembourg.<\/p>\n\n\n\n<!--more-->\n\n\n\n<p><a rel=\"noreferrer noopener\" href=\"https:\/\/www.youtube.com\/watch?v=udllTbKqGNs\" data-type=\"URL\" data-id=\"https:\/\/www.youtube.com\/watch?v=udllTbKqGNs\" target=\"_blank\">YouTube - R\u00e9v\u00e9lation de Raoult, Boycott et Texas : 3 raisons d\u2019esp\u00e9rer !<\/a><br><em>14 minutes.<\/em><\/p>\n\n\n\n<hr class=\"wp-block-separator is-style-dots\" \/>\n\n\n\n<blockquote class=\"wp-block-quote is-layout-flow wp-block-quote-is-layout-flow\"><p><em>Le 16 mai, le Texas a enregistr\u00e9 0 mort covid, alors qu'il y a 29 millions d'habitants au Texas. Et l'article de FoxNews pr\u00e9cise que c'est la premi\u00e8re fois en 14 mois qu'il y a une journ\u00e9e avec 0 mort covid au Texas. Or FoxNews pr\u00e9cise c'est pile 2 mois apr\u00e8s la r\u00e9ouverture de tout l\u00e0 bas, sans jauges, sans masques, pass sanitaire interdit dans l'\u00e9tat du Texas et qu'entre temps sur les 2 mois il y a eu de nombreuses rencontres sportives avec \u00e0 chaque fois des dizaines de milliers de spectateurs.<\/em><\/p><cite>Florian Philippot<\/cite><\/blockquote>\n\n\n\n<blockquote class=\"wp-block-quote is-layout-flow wp-block-quote-is-layout-flow\"><p><em><em>C'est que du chantage, des menaces et un monde affreux de distinction de droits, de discrimination, d'apartheid<\/em><\/em><\/p><cite>Florian Philippot<\/cite><\/blockquote>\n\n\n\n<hr class=\"wp-block-separator is-style-dots\" \/>\n\n\n\n<figure class=\"wp-block-table\"><table><tbody><tr><td>Comme d'habitude, je relaye ici les propos d'un homme politique pour ce qu'il dit sur la crise du covid, pas pour les id\u00e9es que son parti politique d\u00e9fend.<br>Ceci est valable pour tous les politiciens, quelle que soit leur sensibilit\u00e9.<br><br>Le temps est au rassemblement pour combattre un ennemi commun, pas \u00e0 la division sur des id\u00e9ologies sans rapports avec le probl\u00e8me actuel.<\/td><\/tr><\/tbody><\/table><\/figure>\n\n\n\n<hr class=\"wp-block-separator is-style-dots\" \/>\n\n\n\n<p>Cette vid\u00e9o est dat\u00e9e du 19 mai, date \u00e0 laquelle le concert test manquait de volontaire, ainsi que le titrait <a rel=\"noreferrer noopener\" href=\"https:\/\/www.franceinter.fr\/societe\/le-concert-test-d-indochine-en-manque-de-volontaires\" target=\"_blank\">France Inter le 18 mai<\/a>. <a rel=\"noreferrer noopener\" href=\"https:\/\/www.franceinter.fr\/societe\/concert-test-d-indochine-20-000-volontaires-inscrits-objectif-atteint\" target=\"_blank\">Le 20 mai, France Inter<\/a> indiquait finalement que les 5000 volontaires avait \u00e9t\u00e9 trouv\u00e9s.<\/p>\n\n\n\n<p>Les donn\u00e9es r\u00e9elles ne sont pas disponible, on peut toutefois s'interroger sur la probabilit\u00e9 que 5000 personnes se soient finalement d\u00e9vou\u00e9es en seulement 2 jours, sur fond de pol\u00e9mique et d'appel au boycott...<\/p>\n","protected":false},"excerpt":{"rendered":"<p>Appel au boycott de Florian Philippot de tous les \u00e9tablissement imposant le pass sanitaire et veille des actualit\u00e9s de boycott au Texas, en France et au Luxembourg.<\/p>\n","protected":false},"author":2,"featured_media":0,"comment_status":"open","ping_status":"open","sticky":false,"template":"","format":"standard","meta":{"footnotes":""},"categories":[2,77],"tags":[32],"class_list":["post-1531","post","type-post","status-publish","format-standard","hentry","category-actualite","category-covid19","tag-video"],"_links":{"self":[{"href":"https:\/\/crudelis.fr\/site\/covid1984\/wp-json\/wp\/v2\/posts\/1531","targetHints":{"allow":["GET"]}}],"collection":[{"href":"https:\/\/crudelis.fr\/site\/covid1984\/wp-json\/wp\/v2\/posts"}],"about":[{"href":"https:\/\/crudelis.fr\/site\/covid1984\/wp-json\/wp\/v2\/types\/post"}],"author":[{"embeddable":true,"href":"https:\/\/crudelis.fr\/site\/covid1984\/wp-json\/wp\/v2\/users\/2"}],"replies":[{"embeddable":true,"href":"https:\/\/crudelis.fr\/site\/covid1984\/wp-json\/wp\/v2\/comments?post=1531"}],"version-history":[{"count":1,"href":"https:\/\/crudelis.fr\/site\/covid1984\/wp-json\/wp\/v2\/posts\/1531\/revisions"}],"predecessor-version":[{"id":2157,"href":"https:\/\/crudelis.fr\/site\/covid1984\/wp-json\/wp\/v2\/posts\/1531\/revisions\/2157"}],"wp:attachment":[{"href":"https:\/\/crudelis.fr\/site\/covid1984\/wp-json\/wp\/v2\/media?parent=1531"}],"wp:term":[{"taxonomy":"category","embeddable":true,"href":"https:\/\/crudelis.fr\/site\/covid1984\/wp-json\/wp\/v2\/categories?post=1531"},{"taxonomy":"post_tag","embeddable":true,"href":"https:\/\/crudelis.fr\/site\/covid1984\/wp-json\/wp\/v2\/tags?post=1531"}],"curies":[{"name":"wp","href":"https:\/\/api.w.org\/{rel}","templated":true}]}}