{"id":1549,"date":"2021-05-28T12:05:40","date_gmt":"2021-05-28T12:05:40","guid":{"rendered":"https:\/\/covid1984.nohost.me\/blog\/?p=1549"},"modified":"2022-08-20T11:05:05","modified_gmt":"2022-08-20T11:05:05","slug":"lhecatombe-post-vaccinale-setend-dans-le-monde","status":"publish","type":"post","link":"https:\/\/crudelis.fr\/site\/covid1984\/2021\/05\/28\/lhecatombe-post-vaccinale-setend-dans-le-monde\/","title":{"rendered":"L\u2019h\u00e9catombe post vaccinale s\u2019\u00e9tend dans le monde"},"content":{"rendered":"\n<p>Et encore une autre analyse des chiffres des morts covid, avant et apr\u00e8s vaccination, concernant d'autres pays.<br>L\u00e0 encore bas\u00e9e sur des chiffres officiels !<br>Les courbes, provenant de l'OMS, sont \u00e9loquentes !<\/p>\n\n\n\n<!--more-->\n\n\n\n<p><a rel=\"noreferrer noopener\" href=\"https:\/\/www.mondialisation.ca\/lhecatombe-post-vaccinale-setend-dans-le-monde\/5656922\" data-type=\"URL\" data-id=\"https:\/\/www.mondialisation.ca\/lhecatombe-post-vaccinale-setend-dans-le-monde\/5656922\" target=\"_blank\">Mondialisation.ca - L\u2019h\u00e9catombe post vaccinale s\u2019\u00e9tend dans le monde<\/a><br><em>Temps de lecture: 11-15 minutes.<\/em><\/p>\n\n\n\n<hr class=\"wp-block-separator is-style-dots\" \/>\n\n\n\n<blockquote class=\"wp-block-quote is-layout-flow wp-block-quote-is-layout-flow\"><p><em>Les avocats de la vaccination pr\u00e9tendent que les vaccinations en Isra\u00ebl et en Grande-Bretagne auraient \u00e9t\u00e9 des succ\u00e8s, car les contaminations et la mortalit\u00e9 quotidienne, actuelles sont faibles.<\/em><\/p><p><em>Mais ces succ\u00e8s apparents correspondent en fait \u00e0 la disparition d\u2019une grande partie des personnes \u00e0 risque (le \u00ab moissonnage \u00bb) r\u00e9alis\u00e9e par la vaccination et \u00e0 la r\u00e9gression spontan\u00e9e de la maladie observ\u00e9e aussi dans les pays peu vaccin\u00e9s.<\/em><\/p><cite>Dr G\u00e9rard Del\u00e9pine<\/cite><\/blockquote>\n\n\n\n<blockquote class=\"wp-block-quote is-layout-flow wp-block-quote-is-layout-flow\"><p><em><em>La revue des principaux pays ap\u00f4tres de la vaccination large montre qu\u2019en population r\u00e9elle, la vaccination g\u00e9n\u00e9ralis\u00e9e se comporte plus comme un acc\u00e9l\u00e9rateur de l\u2019\u00e9pid\u00e9mie et de la mortalit\u00e9 que comme une pr\u00e9vention de celles-ci.<\/em><\/em><\/p><p><em>Dans tous les pays tr\u00e8s vaccin\u00e9s, la mortalit\u00e9 comptabilis\u00e9e durant les deux mois post vaccinaux \u00e9gale ou d\u00e9passe celle de toute l\u2019ann\u00e9e 2020.<\/em><\/p><cite>Dr G\u00e9rard Del\u00e9pine<\/cite><\/blockquote>\n\n\n\n<blockquote class=\"wp-block-quote is-layout-flow wp-block-quote-is-layout-flow\"><p><em><em><em>Il est grand temps de revenir aux faits av\u00e9r\u00e9s et \u00e0 leur examen critique sans a priori. Dans tous les pays, les vaccinations exp\u00e9rimentales ont \u00e9t\u00e9 suivies par une augmentation des contaminations et de la mortalit\u00e9 attribu\u00e9e au Covid19 et l\u2019apparition de mutants. Tant que le ph\u00e9nom\u00e8ne n\u2019aura pas \u00e9t\u00e9 \u00e9lucid\u00e9, un moratoire des vaccinations anticovid est indispensable et urgent.<\/em><\/em><\/em><\/p><cite>Dr G\u00e9rard Del\u00e9pine<\/cite><\/blockquote>\n","protected":false},"excerpt":{"rendered":"<p>Et encore une autre analyse des chiffres des morts covid, avant et apr\u00e8s vaccination, concernant d'autres pays.L\u00e0 encore bas\u00e9e sur des chiffres officiels !Les courbes, provenant de l'OMS, sont \u00e9loquentes !<\/p>\n","protected":false},"author":2,"featured_media":0,"comment_status":"open","ping_status":"open","sticky":false,"template":"","format":"standard","meta":{"footnotes":""},"categories":[2,77,20,19],"tags":[31],"class_list":["post-1549","post","type-post","status-publish","format-standard","hentry","category-actualite","category-covid19","category-danger-vaccin","category-vaccin","tag-vaccin"],"_links":{"self":[{"href":"https:\/\/crudelis.fr\/site\/covid1984\/wp-json\/wp\/v2\/posts\/1549","targetHints":{"allow":["GET"]}}],"collection":[{"href":"https:\/\/crudelis.fr\/site\/covid1984\/wp-json\/wp\/v2\/posts"}],"about":[{"href":"https:\/\/crudelis.fr\/site\/covid1984\/wp-json\/wp\/v2\/types\/post"}],"author":[{"embeddable":true,"href":"https:\/\/crudelis.fr\/site\/covid1984\/wp-json\/wp\/v2\/users\/2"}],"replies":[{"embeddable":true,"href":"https:\/\/crudelis.fr\/site\/covid1984\/wp-json\/wp\/v2\/comments?post=1549"}],"version-history":[{"count":1,"href":"https:\/\/crudelis.fr\/site\/covid1984\/wp-json\/wp\/v2\/posts\/1549\/revisions"}],"predecessor-version":[{"id":2152,"href":"https:\/\/crudelis.fr\/site\/covid1984\/wp-json\/wp\/v2\/posts\/1549\/revisions\/2152"}],"wp:attachment":[{"href":"https:\/\/crudelis.fr\/site\/covid1984\/wp-json\/wp\/v2\/media?parent=1549"}],"wp:term":[{"taxonomy":"category","embeddable":true,"href":"https:\/\/crudelis.fr\/site\/covid1984\/wp-json\/wp\/v2\/categories?post=1549"},{"taxonomy":"post_tag","embeddable":true,"href":"https:\/\/crudelis.fr\/site\/covid1984\/wp-json\/wp\/v2\/tags?post=1549"}],"curies":[{"name":"wp","href":"https:\/\/api.w.org\/{rel}","templated":true}]}}