{"id":1552,"date":"2021-05-29T11:12:37","date_gmt":"2021-05-29T11:12:37","guid":{"rendered":"https:\/\/covid1984.nohost.me\/blog\/?p=1552"},"modified":"2022-08-20T11:05:04","modified_gmt":"2022-08-20T11:05:04","slug":"histoire-de-la-propagande-et-du-developpement-des-techniques-de-manipulation-de-masse","status":"publish","type":"post","link":"https:\/\/crudelis.fr\/site\/covid1984\/2021\/05\/29\/histoire-de-la-propagande-et-du-developpement-des-techniques-de-manipulation-de-masse\/","title":{"rendered":"Histoire de la propagande et du d\u00e9veloppement des techniques de manipulation de masse"},"content":{"rendered":"\n<p>Un article dat\u00e9 de janvier 2019 pr\u00e9sentant l'ouvrage de David Colon, historien, qui rappelle l'histoire de la propagande et son usage.<br>Un article int\u00e9ressant pour mieux comprendre comment la propagande est exploit\u00e9e pour extorquer le consentement.<\/p>\n\n\n\n<!--more-->\n\n\n\n<p><a href=\"https:\/\/www.lepoint.fr\/societe\/david-colon-nous-sommes-entres-dans-une-ere-de-propagande-totale-18-01-2019-2286959_23.php\" data-type=\"URL\" data-id=\"https:\/\/www.lepoint.fr\/societe\/david-colon-nous-sommes-entres-dans-une-ere-de-propagande-totale-18-01-2019-2286959_23.php\" target=\"_blank\" rel=\"noreferrer noopener\">Le Point - David Colon : \u00ab Nous sommes entr\u00e9s dans une \u00e8re de propagande totale \u00bb<\/a><br><em>Temps de lecture: 13-17 minutes.<\/em><\/p>\n\n\n\n<hr class=\"wp-block-separator is-style-dots\" \/>\n\n\n\n<blockquote class=\"wp-block-quote is-layout-flow wp-block-quote-is-layout-flow\"><p><em>Ce professeur agr\u00e9g\u00e9 d'histoire, enseignant et chercheur \u00e0 Sciences Po, expose, de mani\u00e8re lumineuse, que ce n'est pas au c\u0153ur d'une autocratie qu'a vu le jour la premi\u00e8re usine de \u00ab fake news \u00bb, mais bel et bien au sein des r\u00e9gimes lib\u00e9raux, tr\u00e8s pr\u00e9cis\u00e9ment \u00e0 la lisi\u00e8re du XIXe et du XXe si\u00e8cle. Il rel\u00e8ve que c'est dans les d\u00e9mocraties en guerre, entre 1914 et 1918, que se sont mises en place les \u00e9bauches de programmes de d\u00e9sinformation dont le paroxysme n'a pas co\u00efncid\u00e9 avec la guerre froide, comme on le croit souvent. Pour l'universitaire, c'est, en effet, aujourd'hui que culmine la propagande\u2009!<\/em><\/p><cite>Baudouin Eschapasse pour Le Point<\/cite><\/blockquote>\n\n\n\n<blockquote class=\"wp-block-quote is-layout-flow wp-block-quote-is-layout-flow\"><p><em><em>La \u00ab fabrique du consentement \u00bb se fonde sur cette id\u00e9e que, \u00ab puisque le gouvernement ne peut pas suivre l'opinion (trop insaisissable, trop volatile, dans une d\u00e9mocratie, NDLR), il faut que l'opinion suive le gouvernement \u00bb. En convainquant la masse que les d\u00e9cisions prises sont adopt\u00e9es dans l'int\u00e9r\u00eat des individus qui la composent, quitte \u00e0 recourir \u00e0 ces \u00ab st\u00e9r\u00e9otypes \u00bb et \u00e0 des techniques de persuasion toujours plus perfectionn\u00e9es.<\/em><\/em><\/p><cite>Baudouin Eschapasse pour Le Point<\/cite><\/blockquote>\n\n\n\n<blockquote class=\"wp-block-quote is-layout-flow wp-block-quote-is-layout-flow\"><p><em><em><em>Nous sommes entr\u00e9s dans une \u00e8re de propagande totale o\u00f9 nous nous empoisonnons nous-m\u00eames avec des contenus orient\u00e9s sur le plan informationnel. Car les algorithmes d\u00e9terminent d\u00e9sormais notre acc\u00e8s aux informations en nous proposant prioritairement des articles v\u00e9hiculant un message auquel nous sommes pr\u00e9dispos\u00e9s \u00e0 adh\u00e9rer.<\/em><\/em><\/em><\/p><cite>Baudouin Eschapasse pour Le Point<\/cite><\/blockquote>\n","protected":false},"excerpt":{"rendered":"<p>Un article dat\u00e9 de janvier 2019 pr\u00e9sentant l'ouvrage de David Colon, historien, qui rappelle l'histoire de la propagande et son usage.Un article int\u00e9ressant pour mieux comprendre comment la propagande est exploit\u00e9e pour extorquer le consentement.<\/p>\n","protected":false},"author":2,"featured_media":0,"comment_status":"open","ping_status":"open","sticky":false,"template":"","format":"standard","meta":{"footnotes":""},"categories":[77,9,17],"tags":[23,27,28],"class_list":["post-1552","post","type-post","status-publish","format-standard","hentry","category-covid19","category-interview","category-ressources","tag-histoire","tag-peur","tag-relativiser"],"_links":{"self":[{"href":"https:\/\/crudelis.fr\/site\/covid1984\/wp-json\/wp\/v2\/posts\/1552","targetHints":{"allow":["GET"]}}],"collection":[{"href":"https:\/\/crudelis.fr\/site\/covid1984\/wp-json\/wp\/v2\/posts"}],"about":[{"href":"https:\/\/crudelis.fr\/site\/covid1984\/wp-json\/wp\/v2\/types\/post"}],"author":[{"embeddable":true,"href":"https:\/\/crudelis.fr\/site\/covid1984\/wp-json\/wp\/v2\/users\/2"}],"replies":[{"embeddable":true,"href":"https:\/\/crudelis.fr\/site\/covid1984\/wp-json\/wp\/v2\/comments?post=1552"}],"version-history":[{"count":1,"href":"https:\/\/crudelis.fr\/site\/covid1984\/wp-json\/wp\/v2\/posts\/1552\/revisions"}],"predecessor-version":[{"id":2151,"href":"https:\/\/crudelis.fr\/site\/covid1984\/wp-json\/wp\/v2\/posts\/1552\/revisions\/2151"}],"wp:attachment":[{"href":"https:\/\/crudelis.fr\/site\/covid1984\/wp-json\/wp\/v2\/media?parent=1552"}],"wp:term":[{"taxonomy":"category","embeddable":true,"href":"https:\/\/crudelis.fr\/site\/covid1984\/wp-json\/wp\/v2\/categories?post=1552"},{"taxonomy":"post_tag","embeddable":true,"href":"https:\/\/crudelis.fr\/site\/covid1984\/wp-json\/wp\/v2\/tags?post=1552"}],"curies":[{"name":"wp","href":"https:\/\/api.w.org\/{rel}","templated":true}]}}