{"id":1563,"date":"2021-06-02T11:45:27","date_gmt":"2021-06-02T11:45:27","guid":{"rendered":"https:\/\/covid1984.nohost.me\/blog\/?p=1563"},"modified":"2022-08-20T11:05:04","modified_gmt":"2022-08-20T11:05:04","slug":"anthony-fauci-en-aucun-cas-une-epidemie-ne-peut-etre-provoque-par-une-personne-asymptomatique","status":"publish","type":"post","link":"https:\/\/crudelis.fr\/site\/covid1984\/2021\/06\/02\/anthony-fauci-en-aucun-cas-une-epidemie-ne-peut-etre-provoque-par-une-personne-asymptomatique\/","title":{"rendered":"Anthony Fauci : \"En aucun cas une \u00e9pid\u00e9mie ne peut \u00eatre provoqu\u00e9 par une personne asymptomatique\""},"content":{"rendered":"\n<p>Il est important de se souvenir qu'avant m\u00eame que la \"pand\u00e9mie\" commence, ils savaient que les porteurs asymptomatiques \u00e9taient une supercherie.<\/p>\n\n\n\n<p>Cette vid\u00e9o date de janvier <strong>2020<\/strong>.<\/p>\n\n\n\n<!--more-->\n\n\n\n<p><a rel=\"noreferrer noopener\" href=\"https:\/\/odysee.com\/@laileastick:4\/2021-056-FAUCI-En-aucun-cas-une-%C3%A9pid%C3%A9mie-ne-peut-%C3%AAtre-provoqu%C3%A9-par-une-personne-asymptomatique:8\" data-type=\"URL\" data-id=\"https:\/\/odysee.com\/@laileastick:4\/2021-056-FAUCI-En-aucun-cas-une-%C3%A9pid%C3%A9mie-ne-peut-%C3%AAtre-provoqu%C3%A9-par-une-personne-asymptomatique:8\" target=\"_blank\">Odysee - 2021-056 Anthony FAUCI : \"En aucun cas une \u00e9pid\u00e9mie ne peut \u00eatre provoqu\u00e9 par une personne asymptomatique\"<\/a><br><em>1 minute.<\/em><\/p>\n\n\n\n<hr class=\"wp-block-separator is-style-dots\" \/>\n\n\n\n<figure class=\"wp-block-table\"><table><tbody><tr><td>Les citations qui suivent sont issues de la prise de parole d'Anthony Fauci originale non traduite.<\/td><\/tr><\/tbody><\/table><\/figure>\n\n\n\n<blockquote class=\"wp-block-quote is-layout-flow wp-block-quote-is-layout-flow\"><p><em>But the one thing historically people need to realize is that even if there is some asymptomatic transmission, in all the history of respiratoy born viruses of any type, asymptomatic transmission has never been the driver of outbreaks.<\/em><br><em>The driver of outbreaks is always a symptomatic person.<\/em><br>---<br><em>Mais ce que les gens doivent historiquement comprendre, c'est que m\u00eame s'il y a une certaine transmission asymptomatique, dans toute l'histoire des virus respiratoires de tout type, la transmission asymptomatique n'a jamais \u00e9t\u00e9 le moteur des \u00e9pid\u00e9mies.<br>Le moteur des \u00e9pid\u00e9mies est toujours une personne symptomatique.<\/em><\/p><cite>Anthony Fauci<\/cite><\/blockquote>\n\n\n\n<blockquote class=\"wp-block-quote is-layout-flow wp-block-quote-is-layout-flow\"><p><em>Even if there's a rare asymptomatic person that might transmit, an epidemic is not driven by asymptomatic carriers.<\/em><br>---<br><em>M\u00eame si une rare personne asymptomatique peut transmettre le virus, une \u00e9pid\u00e9mie n'est pas aliment\u00e9e par des porteurs asymptomatiques.<\/em><\/p><cite>Anthony Fauci<\/cite><\/blockquote>\n","protected":false},"excerpt":{"rendered":"<p>Il est important de se souvenir qu'avant m\u00eame que la \"pand\u00e9mie\" commence, ils savaient que les porteurs asymptomatiques \u00e9taient une supercherie. Cette vid\u00e9o date de janvier 2020.<\/p>\n","protected":false},"author":2,"featured_media":0,"comment_status":"open","ping_status":"open","sticky":false,"template":"","format":"standard","meta":{"footnotes":""},"categories":[77,11,17],"tags":[25,28],"class_list":["post-1563","post","type-post","status-publish","format-standard","hentry","category-covid19","category-masque","category-ressources","tag-officiel","tag-relativiser"],"_links":{"self":[{"href":"https:\/\/crudelis.fr\/site\/covid1984\/wp-json\/wp\/v2\/posts\/1563","targetHints":{"allow":["GET"]}}],"collection":[{"href":"https:\/\/crudelis.fr\/site\/covid1984\/wp-json\/wp\/v2\/posts"}],"about":[{"href":"https:\/\/crudelis.fr\/site\/covid1984\/wp-json\/wp\/v2\/types\/post"}],"author":[{"embeddable":true,"href":"https:\/\/crudelis.fr\/site\/covid1984\/wp-json\/wp\/v2\/users\/2"}],"replies":[{"embeddable":true,"href":"https:\/\/crudelis.fr\/site\/covid1984\/wp-json\/wp\/v2\/comments?post=1563"}],"version-history":[{"count":1,"href":"https:\/\/crudelis.fr\/site\/covid1984\/wp-json\/wp\/v2\/posts\/1563\/revisions"}],"predecessor-version":[{"id":2149,"href":"https:\/\/crudelis.fr\/site\/covid1984\/wp-json\/wp\/v2\/posts\/1563\/revisions\/2149"}],"wp:attachment":[{"href":"https:\/\/crudelis.fr\/site\/covid1984\/wp-json\/wp\/v2\/media?parent=1563"}],"wp:term":[{"taxonomy":"category","embeddable":true,"href":"https:\/\/crudelis.fr\/site\/covid1984\/wp-json\/wp\/v2\/categories?post=1563"},{"taxonomy":"post_tag","embeddable":true,"href":"https:\/\/crudelis.fr\/site\/covid1984\/wp-json\/wp\/v2\/tags?post=1563"}],"curies":[{"name":"wp","href":"https:\/\/api.w.org\/{rel}","templated":true}]}}