{"id":157,"date":"2020-11-01T12:49:57","date_gmt":"2020-11-01T12:49:57","guid":{"rendered":"https:\/\/covid1984.nohost.me\/?p=157"},"modified":"2022-08-20T11:10:38","modified_gmt":"2022-08-20T11:10:38","slug":"la-vaccination-contre-la-grippe-aurait-elle-un-lien-avec-laugmentation-des-deces-de-nos-aines-atteints-de-covid-19","status":"publish","type":"post","link":"https:\/\/crudelis.fr\/site\/covid1984\/2020\/11\/01\/la-vaccination-contre-la-grippe-aurait-elle-un-lien-avec-laugmentation-des-deces-de-nos-aines-atteints-de-covid-19\/","title":{"rendered":"La vaccination contre la grippe aurait-elle un lien avec l\u2019augmentation des d\u00e9c\u00e8s de nos a\u00een\u00e9s atteints de Covid-19 ?"},"content":{"rendered":"\n<p>Un rapport, dat\u00e9 du 18 juin, puis une publication scientifique, du 1er octobre, s'int\u00e9ressent \u00e0 la relation entre le vaccin contre la grippe et la mortalit\u00e9 li\u00e9e au covid.<\/p>\n\n\n\n<!--more-->\n\n\n\n<p><a rel=\"noreferrer noopener\" href=\"http:\/\/www.francesoir.fr\/societe-sante\/y-aurait-il-un-lien-entre-les-deces-de-nos-aines-atteints-de-covid-19-et-la\" data-type=\"URL\" data-id=\"http:\/\/www.francesoir.fr\/societe-sante\/y-aurait-il-un-lien-entre-les-deces-de-nos-aines-atteints-de-covid-19-et-la\" target=\"_blank\">FranceSoir - La vaccination contre la grippe aurait-elle un lien avec l\u2019augmentation des d\u00e9c\u00e8s de nos a\u00een\u00e9s atteints de Covid-19 ?<\/a><br><em>Temps de lecture: 10-13 minutes.<\/em><\/p>\n\n\n\n<hr class=\"wp-block-separator is-style-dots\" \/>\n\n\n\n<blockquote class=\"wp-block-quote is-style-default is-layout-flow wp-block-quote-is-layout-flow\"><p><em>[\u2026] les patients qui tombent malades de la COVID-19 et qui ont re\u00e7u le vaccin antigrippal meurent plus que les patients avec COVID-19 qui n'ont pas \u00e9t\u00e9 vaccin\u00e9s contre la grippe [\u2026]<\/em><\/p><cite>FranceSoir<\/cite><\/blockquote>\n\n\n\n<blockquote class=\"wp-block-quote is-style-default is-layout-flow wp-block-quote-is-layout-flow\"><p><em>En clair, cela signifie que les personnes \u00e2g\u00e9es ayant \u00e9t\u00e9 vaccin\u00e9es pr\u00e9alablement contre la grippe sont davantage d\u00e9c\u00e9d\u00e9es de la Covid-19 que celles ne l\u2019ayant pas \u00e9t\u00e9.<\/em><\/p><cite>FranceSoir<\/cite><\/blockquote>\n\n\n\n<blockquote class=\"wp-block-quote is-style-default is-layout-flow wp-block-quote-is-layout-flow\"><p><em>Ne pas chercher \u00e0 \u00e9liminer ce lien de causalit\u00e9 \u00e9ventuel semble \u00eatre un risque pour la population lors de la prochaine campagne vaccinale antigrippale (imminente) qui se verra peut-\u00eatre associ\u00e9e \u00e0 un nouvel \u00e9pisode \u00e9pid\u00e9mique s\u00e9v\u00e8re de ce virus, voire un nouveau confinement et beaucoup plus de d\u00e9c\u00e8s \u00e0 la clef.<\/em><\/p><cite>FranceSoir<\/cite><\/blockquote>\n\n\n\n<hr class=\"wp-block-separator is-style-dots\" \/>\n\n\n\n<p>Cet article est dat\u00e9 du 6 octobre. On note une augmentation du nombre de d\u00e9c\u00e8s \u00e0 partir de mi-octobre. La campagne de vaccination grippale \u00e0 d\u00e9but\u00e9e officiellement le 13 octobre.<\/p>\n","protected":false},"excerpt":{"rendered":"<p>Un rapport, dat\u00e9 du 18 juin, puis une publication scientifique, du 1er octobre, s'int\u00e9ressent \u00e0 la relation entre le vaccin contre la grippe et la mortalit\u00e9 li\u00e9e au covid.<\/p>\n","protected":false},"author":2,"featured_media":0,"comment_status":"open","ping_status":"open","sticky":false,"template":"","format":"standard","meta":{"footnotes":""},"categories":[2,77,12,19],"tags":[31],"class_list":["post-157","post","type-post","status-publish","format-standard","hentry","category-actualite","category-covid19","category-mortalite","category-vaccin","tag-vaccin"],"_links":{"self":[{"href":"https:\/\/crudelis.fr\/site\/covid1984\/wp-json\/wp\/v2\/posts\/157","targetHints":{"allow":["GET"]}}],"collection":[{"href":"https:\/\/crudelis.fr\/site\/covid1984\/wp-json\/wp\/v2\/posts"}],"about":[{"href":"https:\/\/crudelis.fr\/site\/covid1984\/wp-json\/wp\/v2\/types\/post"}],"author":[{"embeddable":true,"href":"https:\/\/crudelis.fr\/site\/covid1984\/wp-json\/wp\/v2\/users\/2"}],"replies":[{"embeddable":true,"href":"https:\/\/crudelis.fr\/site\/covid1984\/wp-json\/wp\/v2\/comments?post=157"}],"version-history":[{"count":1,"href":"https:\/\/crudelis.fr\/site\/covid1984\/wp-json\/wp\/v2\/posts\/157\/revisions"}],"predecessor-version":[{"id":2355,"href":"https:\/\/crudelis.fr\/site\/covid1984\/wp-json\/wp\/v2\/posts\/157\/revisions\/2355"}],"wp:attachment":[{"href":"https:\/\/crudelis.fr\/site\/covid1984\/wp-json\/wp\/v2\/media?parent=157"}],"wp:term":[{"taxonomy":"category","embeddable":true,"href":"https:\/\/crudelis.fr\/site\/covid1984\/wp-json\/wp\/v2\/categories?post=157"},{"taxonomy":"post_tag","embeddable":true,"href":"https:\/\/crudelis.fr\/site\/covid1984\/wp-json\/wp\/v2\/tags?post=157"}],"curies":[{"name":"wp","href":"https:\/\/api.w.org\/{rel}","templated":true}]}}