{"id":1573,"date":"2021-06-04T11:53:28","date_gmt":"2021-06-04T11:53:28","guid":{"rendered":"https:\/\/covid1984.nohost.me\/blog\/?p=1573"},"modified":"2022-08-20T11:05:04","modified_gmt":"2022-08-20T11:05:04","slug":"parce-que-le-gouvernement-federal-ne-le-fait-pas-bild-demande-pardon-aux-enfants","status":"publish","type":"post","link":"https:\/\/crudelis.fr\/site\/covid1984\/2021\/06\/04\/parce-que-le-gouvernement-federal-ne-le-fait-pas-bild-demande-pardon-aux-enfants\/","title":{"rendered":"Parce que le gouvernement f\u00e9d\u00e9ral ne le fait pas : BILD demande pardon aux enfants !"},"content":{"rendered":"\n<p>Le journal allemand Bild a publi\u00e9 une tribune forte pour demander pardon aux enfants pour la souffrance inflig\u00e9e par la propagande du covid.<\/p>\n\n\n\n<!--more-->\n\n\n\n<figure class=\"wp-block-table\"><table class=\"has-subtle-pale-pink-background-color has-background\"><tbody><tr><td><em>Pour les articles qui ne sont pas en fran\u00e7ais, vous pouvez utiliser <a rel=\"noreferrer noopener\" href=\"https:\/\/www.deepl.com\/translator\" target=\"_blank\">DeepL<\/a> pour traduire le texte en fran\u00e7ais.<\/em><\/td><\/tr><\/tbody><\/table><\/figure>\n\n\n\n<p><a rel=\"noreferrer noopener\" href=\"https:\/\/www.bild.de\/politik\/inland\/politik-inland\/weil-die-bundesregierung-es-nicht-macht-bild-bittet-kinder-um-verzeihung-76535200.bild.html\" data-type=\"URL\" data-id=\"https:\/\/www.bild.de\/politik\/inland\/politik-inland\/weil-die-bundesregierung-es-nicht-macht-bild-bittet-kinder-um-verzeihung-76535200.bild.html\" target=\"_blank\">BILD.de - Weil die Bundesregierung es nicht macht: BILD bittet Kinder um Verzeihung!<\/a><br><em>Temps de lecture: 3 minutes.<\/em><\/p>\n\n\n\n<hr class=\"wp-block-separator has-css-opacity is-style-dots\"\/>\n\n\n\n<blockquote class=\"wp-block-quote is-layout-flow wp-block-quote-is-layout-flow\"><p><em>Millionen Kindern in diesem Land, f\u00fcr die wir als Gesellschaft alle miteinander verantwortlich sind, m\u00f6chte ich sagen, was unsere Bundesregierung und unsere Kanzlerin bisher nicht wagen zu sagen: Wir bitten Euch um Verzeihung. Wir bitten Euch um Verzeihung f\u00fcr anderthalb Jahre einer Politik, die Euch zu Opfern gemacht hat.<br><\/em>---<em><br>Pour les millions d'enfants de ce pays, dont nous sommes tous ensemble responsables en tant que soci\u00e9t\u00e9, je voudrais dire ce que notre gouvernement f\u00e9d\u00e9ral et notre chancelier n'ont pas encore os\u00e9 dire : nous vous demandons de nous pardonner. Nous vous demandons pardon pour un an et demi d'une politique qui a fait de vous des victimes.<\/em><\/p><cite>Bild.de<\/cite><\/blockquote>\n\n\n\n<blockquote class=\"wp-block-quote is-layout-flow wp-block-quote-is-layout-flow\"><p><em>Ich m\u00f6chte es so deutlich wie m\u00f6glich sagen: Was Euch Kindern angetan wurde von einer Regierung, die wir als Eltern auch und vor allem f\u00fcr Euch gew\u00e4hlt haben, die wir offenbar nicht scharf genug kritisiert haben f\u00fcr geschlossene Schulen und gesperrte Fu\u00dfballpl\u00e4tze, besch\u00e4mt uns als Gesellschaft.<\/em><br>---<br><em><em>Je veux \u00eatre aussi clair que possible : ce qui a \u00e9t\u00e9 fait \u00e0 vos enfants par un gouvernement que nous, parents, avons \u00e9lu aussi et surtout pour vous, que nous n'avons \u00e9videmment pas critiqu\u00e9 assez s\u00e9v\u00e8rement pour avoir ferm\u00e9 des \u00e9coles et bloqu\u00e9 des terrains de football, nous fait honte en tant que soci\u00e9t\u00e9.<\/em><\/em><\/p><cite>Bild.de<\/cite><\/blockquote>\n\n\n\n<blockquote class=\"wp-block-quote is-layout-flow wp-block-quote-is-layout-flow\"><p><em>Vor allem, was unseren Kindern geschehen ist, haben genug Menschen, hat auch BILD immer gewarnt. Doch nichts geschah. Gab es den Merkel-Gipfel f\u00fcr Kinder? Nein. Stattdessen wurde unseren Kindern eingebl\u00e4ut, sie w\u00fcrden Oma umbringen, wenn sie es wagen w\u00fcrden, Kinder zu sein, ihre Freunde zu treffen. Nichts davon hat je jemand wissenschaftlich belegt. Es war nur bequem, das zu behaupten, weil Kinder sich nicht wehren und nicht w\u00e4hlen.<\/em><br>---<br><em><em><em>Avant tout ce qui est arriv\u00e9 \u00e0 nos enfants, assez de gens, aussi BILD a toujours mis en garde. Mais rien ne s'est pass\u00e9. Y a-t-il eu le sommet Merkel pour les enfants ? Non. Au lieu de cela, on a fait croire \u00e0 nos enfants qu'ils tueraient leur grand-m\u00e8re s'ils osaient \u00eatre des enfants, rencontrer leurs amis. Rien de tout cela n'a jamais \u00e9t\u00e9 prouv\u00e9 scientifiquement par qui que ce soit. C'\u00e9tait juste pratique de le pr\u00e9tendre parce que les enfants ne se d\u00e9fendent pas et ne votent pas.<\/em><\/em><\/em><\/p><cite>Bild.de<\/cite><\/blockquote>\n\n\n\n<blockquote class=\"wp-block-quote is-layout-flow wp-block-quote-is-layout-flow\"><p><em><em><em>Wenn der Staat einem Kind seine Rechte nimmt, dann muss er beweisen, dass er dadurch eine unmittelbare, konkrete Gefahr abwehrt. Dieser Beweis ist nie erbracht worden. Ersetzt wurde er durch Propaganda-Parolen vom Kind als Pandemie-Treiber. Wer widersprechen wollte, wurde in die Expertenrunden des Kanzleramts nicht eingeladen.<\/em><\/em><\/em><br>---<br><em>Lorsque l'\u00c9tat retire des droits \u00e0 un enfant, il doit prouver qu'il \u00e9vite ainsi un danger imm\u00e9diat et concret. Cette preuve n'a jamais \u00e9t\u00e9 fournie. Il a \u00e9t\u00e9 remplac\u00e9 par les slogans de propagande de l'enfant comme moteur de la pand\u00e9mie. Quiconque voulait contredire n'\u00e9tait pas invit\u00e9 aux r\u00e9unions d'experts du bureau du chancelier.<\/em><\/p><cite>Bild.de<\/cite><\/blockquote>\n","protected":false},"excerpt":{"rendered":"<p>Le journal allemand Bild a publi\u00e9 une tribune forte pour demander pardon aux enfants pour la souffrance inflig\u00e9e par la propagande du covid.<\/p>\n","protected":false},"author":2,"featured_media":0,"comment_status":"open","ping_status":"open","sticky":false,"template":"","format":"standard","meta":{"footnotes":""},"categories":[2,77],"tags":[27],"class_list":["post-1573","post","type-post","status-publish","format-standard","hentry","category-actualite","category-covid19","tag-peur"],"_links":{"self":[{"href":"https:\/\/crudelis.fr\/site\/covid1984\/wp-json\/wp\/v2\/posts\/1573","targetHints":{"allow":["GET"]}}],"collection":[{"href":"https:\/\/crudelis.fr\/site\/covid1984\/wp-json\/wp\/v2\/posts"}],"about":[{"href":"https:\/\/crudelis.fr\/site\/covid1984\/wp-json\/wp\/v2\/types\/post"}],"author":[{"embeddable":true,"href":"https:\/\/crudelis.fr\/site\/covid1984\/wp-json\/wp\/v2\/users\/2"}],"replies":[{"embeddable":true,"href":"https:\/\/crudelis.fr\/site\/covid1984\/wp-json\/wp\/v2\/comments?post=1573"}],"version-history":[{"count":1,"href":"https:\/\/crudelis.fr\/site\/covid1984\/wp-json\/wp\/v2\/posts\/1573\/revisions"}],"predecessor-version":[{"id":2118,"href":"https:\/\/crudelis.fr\/site\/covid1984\/wp-json\/wp\/v2\/posts\/1573\/revisions\/2118"}],"wp:attachment":[{"href":"https:\/\/crudelis.fr\/site\/covid1984\/wp-json\/wp\/v2\/media?parent=1573"}],"wp:term":[{"taxonomy":"category","embeddable":true,"href":"https:\/\/crudelis.fr\/site\/covid1984\/wp-json\/wp\/v2\/categories?post=1573"},{"taxonomy":"post_tag","embeddable":true,"href":"https:\/\/crudelis.fr\/site\/covid1984\/wp-json\/wp\/v2\/tags?post=1573"}],"curies":[{"name":"wp","href":"https:\/\/api.w.org\/{rel}","templated":true}]}}