{"id":1575,"date":"2021-06-04T22:00:37","date_gmt":"2021-06-04T22:00:37","guid":{"rendered":"https:\/\/covid1984.nohost.me\/blog\/?p=1575"},"modified":"2022-08-20T11:05:04","modified_gmt":"2022-08-20T11:05:04","slug":"la-proteine-spike-est-elle-meme-toxique-et-dangereuse-pour-lhomme-declare-le-pr-bridle","status":"publish","type":"post","link":"https:\/\/crudelis.fr\/site\/covid1984\/2021\/06\/04\/la-proteine-spike-est-elle-meme-toxique-et-dangereuse-pour-lhomme-declare-le-pr-bridle\/","title":{"rendered":"\"La prot\u00e9ine Spike est elle-m\u00eame toxique et dangereuse pour l'homme\" d\u00e9clare le Pr Bridle"},"content":{"rendered":"\n<p>La prot\u00e9ine spike, que les sois-disant \"vaccins\" vont faire fabriquer par les propres cellules du corps est donc toxique...<br>En r\u00e9sum\u00e9, les injections de code g\u00e9n\u00e9tique font fabriquer au corps une toxine, responsable des nombreux morts d\u00e9j\u00e0 notifi\u00e9s.<\/p>\n\n\n\n<p>On se souviendra bien s\u00fbr que \"aucun lien n'est \u00e9tabli\" et \"la vaccination est s\u00fbre\". De toute \u00e9vidence...<\/p>\n\n\n\n<!--more-->\n\n\n\n<p><a href=\"https:\/\/www.francesoir.fr\/societe-sante\/nous-avons-fait-une-erreur-la-proteine-spike-est-elle-meme-toxique-et-dangereuse-pour\" data-type=\"URL\" data-id=\"https:\/\/www.francesoir.fr\/societe-sante\/nous-avons-fait-une-erreur-la-proteine-spike-est-elle-meme-toxique-et-dangereuse-pour\" target=\"_blank\" rel=\"noreferrer noopener\">FranceSoir - \"La prot\u00e9ine Spike est elle-m\u00eame toxique et dangereuse pour l'homme\" d\u00e9clare le Pr Bridle<\/a><br><em>Temps de lecture: 21-27 minutes.<\/em><\/p>\n\n\n\n<hr class=\"wp-block-separator is-style-dots\" \/>\n\n\n\n<blockquote class=\"wp-block-quote is-layout-flow wp-block-quote-is-layout-flow\"><p><em>\u00ab Nous avons fait une erreur. La prot\u00e9ine de pointe est elle-m\u00eame toxique et dangereuse pour l'homme. Il est m\u00eame transmis par le lait maternel aux enfants allait\u00e9s\". \u00bb<\/em><\/p><cite>FranceSoir<\/cite><\/blockquote>\n\n\n\n<blockquote class=\"wp-block-quote is-layout-flow wp-block-quote-is-layout-flow\"><p><em><em>les donn\u00e9es japonaises ont montr\u00e9 que la tristement c\u00e9l\u00e8bre prot\u00e9ine de pointe du coronavirus p\u00e9n\u00e8tre dans le sang o\u00f9 elle circule pendant plusieurs jours apr\u00e8s la vaccination, puis s'accumule dans les organes et les tissus, y compris la rate, la moelle osseuse, le foie, les glandes surr\u00e9nales et dans concentrations assez \u00e9lev\u00e9es dans les ovaires.<\/em><\/em><\/p><cite>FranceSoir<\/cite><\/blockquote>\n\n\n\n<blockquote class=\"wp-block-quote is-layout-flow wp-block-quote-is-layout-flow\"><p><em><em><em>\u00ab Nous savons depuis longtemps que la prot\u00e9ine de pointe est une prot\u00e9ine pathog\u00e8ne. C'est une toxine. Il peut causer des dommages \u00e0 notre corps s'il entre en circulation \u00bb, a d\u00e9clar\u00e9 Bridle.<\/em><\/em><\/em><\/p><cite>FranceSoir<\/cite><\/blockquote>\n\n\n\n<blockquote class=\"wp-block-quote is-layout-flow wp-block-quote-is-layout-flow\"><p><em><em><em>\u00ab Ce qui a \u00e9t\u00e9 d\u00e9couvert par la communaut\u00e9 scientifique, c'est que la prot\u00e9ine de pointe \u00e0 elle seule est presque enti\u00e8rement responsable des dommages au syst\u00e8me cardiovasculaire, si elle entre en circulation \u00bb, a d\u00e9clar\u00e9 Bridle aux auditeurs.<\/em><\/em><\/em><\/p><cite>FranceSoir<\/cite><\/blockquote>\n\n\n\n<blockquote class=\"wp-block-quote is-layout-flow wp-block-quote-is-layout-flow\"><p><em><em><em>il a \u00e9galement \u00e9t\u00e9&nbsp;d\u00e9montr\u00e9 que la&nbsp;prot\u00e9ine de pointe&nbsp;traversait la barri\u00e8re h\u00e9mato-enc\u00e9phalique et causait des dommages au cerveau.<\/em><\/em><\/em><\/p><cite>FranceSoir<\/cite><\/blockquote>\n\n\n\n<blockquote class=\"wp-block-quote is-layout-flow wp-block-quote-is-layout-flow\"><p><em><em><em>Bridle a \u00e9galement d\u00e9clar\u00e9 que la prot\u00e9ine de pointe en circulation expliquerait les probl\u00e8mes cardiaques r\u00e9cemment signal\u00e9s chez les jeunes qui avaient re\u00e7u les injections.<\/em><\/em><\/em><\/p><cite>FranceSoir<\/cite><\/blockquote>\n\n\n\n<blockquote class=\"wp-block-quote is-layout-flow wp-block-quote-is-layout-flow\"><p><em><em><em>Le vaccin d'AstraZeneca a \u00e9t\u00e9 interrompu dans un certain nombre de pays et n'est plus recommand\u00e9 pour les jeunes en raison de son lien avec des caillots sanguins potentiellement mortels et mortels, mais les vaccins \u00e0 ARNm COVID ont \u00e9galement \u00e9t\u00e9&nbsp;li\u00e9s \u00e0 des centaines de rapports d'&nbsp;\u00e9v\u00e9nements de&nbsp;coagulation sanguine&nbsp;.<\/em><\/em><\/em><\/p><cite>FranceSoir<\/cite><\/blockquote>\n\n\n\n<blockquote class=\"wp-block-quote is-layout-flow wp-block-quote-is-layout-flow\"><p><em><em><em>une&nbsp;\u00e9tude de&nbsp;Harvard Pilgrim Healthcare&nbsp;a&nbsp;r\u00e9v\u00e9l\u00e9 que moins d'un pour cent des effets secondaires que les m\u00e9decins devraient signaler chez les patients apr\u00e8s la vaccination sont en fait rapport\u00e9s. VAERS.<\/em><\/em><\/em><\/p><cite>FranceSoir<\/cite><\/blockquote>\n\n\n\n<blockquote class=\"wp-block-quote is-layout-flow wp-block-quote-is-layout-flow\"><p><em><em><em>Il y a eu des&nbsp;milliers de rapports&nbsp;de troubles menstruels par des femmes qui avaient pris un vaccin COVID-19, et des centaines de rapports de fausses couches chez des femmes enceintes vaccin\u00e9es, ainsi que de troubles des organes reproducteurs chez les hommes.<\/em><\/em><\/em><\/p><cite>FranceSoir<\/cite><\/blockquote>\n","protected":false},"excerpt":{"rendered":"<p>La prot\u00e9ine spike, que les sois-disant \"vaccins\" vont faire fabriquer par les propres cellules du corps est donc toxique...En r\u00e9sum\u00e9, les injections de code g\u00e9n\u00e9tique font fabriquer au corps une toxine, responsable des nombreux morts d\u00e9j\u00e0 notifi\u00e9s. On se souviendra bien s\u00fbr que \"aucun lien n'est \u00e9tabli\" et \"la vaccination est s\u00fbre\". De toute \u00e9vidence...<\/p>\n","protected":false},"author":2,"featured_media":0,"comment_status":"open","ping_status":"open","sticky":false,"template":"","format":"standard","meta":{"footnotes":""},"categories":[77,20,12,17,19],"tags":[31],"class_list":["post-1575","post","type-post","status-publish","format-standard","hentry","category-covid19","category-danger-vaccin","category-mortalite","category-ressources","category-vaccin","tag-vaccin"],"_links":{"self":[{"href":"https:\/\/crudelis.fr\/site\/covid1984\/wp-json\/wp\/v2\/posts\/1575","targetHints":{"allow":["GET"]}}],"collection":[{"href":"https:\/\/crudelis.fr\/site\/covid1984\/wp-json\/wp\/v2\/posts"}],"about":[{"href":"https:\/\/crudelis.fr\/site\/covid1984\/wp-json\/wp\/v2\/types\/post"}],"author":[{"embeddable":true,"href":"https:\/\/crudelis.fr\/site\/covid1984\/wp-json\/wp\/v2\/users\/2"}],"replies":[{"embeddable":true,"href":"https:\/\/crudelis.fr\/site\/covid1984\/wp-json\/wp\/v2\/comments?post=1575"}],"version-history":[{"count":1,"href":"https:\/\/crudelis.fr\/site\/covid1984\/wp-json\/wp\/v2\/posts\/1575\/revisions"}],"predecessor-version":[{"id":2148,"href":"https:\/\/crudelis.fr\/site\/covid1984\/wp-json\/wp\/v2\/posts\/1575\/revisions\/2148"}],"wp:attachment":[{"href":"https:\/\/crudelis.fr\/site\/covid1984\/wp-json\/wp\/v2\/media?parent=1575"}],"wp:term":[{"taxonomy":"category","embeddable":true,"href":"https:\/\/crudelis.fr\/site\/covid1984\/wp-json\/wp\/v2\/categories?post=1575"},{"taxonomy":"post_tag","embeddable":true,"href":"https:\/\/crudelis.fr\/site\/covid1984\/wp-json\/wp\/v2\/tags?post=1575"}],"curies":[{"name":"wp","href":"https:\/\/api.w.org\/{rel}","templated":true}]}}