{"id":1585,"date":"2021-06-06T11:50:31","date_gmt":"2021-06-06T11:50:31","guid":{"rendered":"https:\/\/covid1984.nohost.me\/blog\/?p=1585"},"modified":"2022-08-20T11:05:04","modified_gmt":"2022-08-20T11:05:04","slug":"les-centres-de-pharmacologies-assaillis-par-des-signalements-sur-les-vaccins","status":"publish","type":"post","link":"https:\/\/crudelis.fr\/site\/covid1984\/2021\/06\/06\/les-centres-de-pharmacologies-assaillis-par-des-signalements-sur-les-vaccins\/","title":{"rendered":"Les centres de pharmacologies assaillis par des signalements sur les vaccins"},"content":{"rendered":"\n<p>Tandis que les m\u00e9dias clament sans cesse que la vaccination est sans risque, les morts post-vaccination s'accumulent et les effets secondaires, pour beaucoup graves, saturent les centres de pharmacovigilance.<\/p>\n\n\n\n<!--more-->\n\n\n\n<p><a href=\"https:\/\/www.medias-presse.info\/les-centres-de-pharmacologies-assaillis-par-des-signalements-sur-les-vaccins\/143116\/\" data-type=\"URL\" data-id=\"https:\/\/www.medias-presse.info\/les-centres-de-pharmacologies-assaillis-par-des-signalements-sur-les-vaccins\/143116\/\" target=\"_blank\" rel=\"noreferrer noopener\">M\u00e9dias-Presse-Info - Les centres de pharmacologies assaillis par des signalements sur les vaccins<\/a><br><em>Temps de lecture: 6-8 minutes.<\/em><\/p>\n\n\n\n<hr class=\"wp-block-separator is-style-dots\" \/>\n\n\n\n<blockquote class=\"wp-block-quote is-layout-flow wp-block-quote-is-layout-flow\"><p><em>Tandis que les autorit\u00e9s politiques songent \u00e0 rendre obligatoire la vaccination anti-covid, m\u00eame pour les enfants, les centres de pharmacologie eux sont d\u00e9bord\u00e9s de signalements sur ces fameux nouveaux vaccins \u00e0 ARNm ou ad\u00e9novirus de chimpanz\u00e9.<\/em><\/p><cite>Francesca de Villasmundo<\/cite><\/blockquote>\n\n\n\n<blockquote class=\"wp-block-quote is-layout-flow wp-block-quote-is-layout-flow\"><p><em><em>En avril, le quotidien Ouest-France que personne ne pourra suspecter de ne pas \u00eatre dans la ligne \u00e9ditoriale de la bien-pensance, publiait malgr\u00e9 tout un article faisant \u00e9tat d\u2019une \u00ab flamb\u00e9e \u00bb de signalement d\u2019effets ind\u00e9sirables<\/em><\/em><\/p><cite>Francesca de Villasmundo<\/cite><\/blockquote>\n\n\n\n<blockquote class=\"wp-block-quote is-layout-flow wp-block-quote-is-layout-flow\"><p><em><em><em>Dans la r\u00e9gion de Toulouse, le journal local est oblig\u00e9, le 25 mai dernier, de faire le m\u00eame constat par rapport aux vaccins anti-covid : \u00ab les d\u00e9clarations d\u2019effets ind\u00e9sirables explosent \u00bb avant d\u2019ajouter qu\u2019 \u00ab en raison de l\u2019utilisation de vaccins contre la Covid-19, le Centre r\u00e9gional de pharmacovigilance de Toulouse, qui recueille tous les signalements d\u2019effets ind\u00e9sirables des m\u00e9dicaments, enregistre, depuis janvier, cinq fois plus de d\u00e9clarations qu\u2019en temps normal. \u00bb<\/em><\/em><\/em><\/p><cite>Francesca de Villasmundo<\/cite><\/blockquote>\n\n\n\n<blockquote class=\"wp-block-quote is-layout-flow wp-block-quote-is-layout-flow\"><p><em><em><em>Une hausse consid\u00e9rable des signalements d\u2019effets secondaires dont de nombreux graves, qui ne semble pourtant pas ramener \u00e0 la raison les m\u00e9decins de plateau, le conseil scientifique et le gouvernement qui continuent \u00e0 militer pour la vaccination pour tous. A travers une propagande vaccinale outranci\u00e8re m\u00ealant mesures coercitives, culpabilisation des sceptiques ou r\u00e9fractaires, diabolisation des voix discordantes, entretien de la peur et de la rel\u00e9gation sociale\u2026<\/em><\/em><\/em><\/p><cite>Francesca de Villasmundo<\/cite><\/blockquote>\n","protected":false},"excerpt":{"rendered":"<p>Tandis que les m\u00e9dias clament sans cesse que la vaccination est sans risque, les morts post-vaccination s'accumulent et les effets secondaires, pour beaucoup graves, saturent les centres de pharmacovigilance.<\/p>\n","protected":false},"author":2,"featured_media":0,"comment_status":"open","ping_status":"open","sticky":false,"template":"","format":"standard","meta":{"footnotes":""},"categories":[77,20,17,19],"tags":[31],"class_list":["post-1585","post","type-post","status-publish","format-standard","hentry","category-covid19","category-danger-vaccin","category-ressources","category-vaccin","tag-vaccin"],"_links":{"self":[{"href":"https:\/\/crudelis.fr\/site\/covid1984\/wp-json\/wp\/v2\/posts\/1585","targetHints":{"allow":["GET"]}}],"collection":[{"href":"https:\/\/crudelis.fr\/site\/covid1984\/wp-json\/wp\/v2\/posts"}],"about":[{"href":"https:\/\/crudelis.fr\/site\/covid1984\/wp-json\/wp\/v2\/types\/post"}],"author":[{"embeddable":true,"href":"https:\/\/crudelis.fr\/site\/covid1984\/wp-json\/wp\/v2\/users\/2"}],"replies":[{"embeddable":true,"href":"https:\/\/crudelis.fr\/site\/covid1984\/wp-json\/wp\/v2\/comments?post=1585"}],"version-history":[{"count":1,"href":"https:\/\/crudelis.fr\/site\/covid1984\/wp-json\/wp\/v2\/posts\/1585\/revisions"}],"predecessor-version":[{"id":2147,"href":"https:\/\/crudelis.fr\/site\/covid1984\/wp-json\/wp\/v2\/posts\/1585\/revisions\/2147"}],"wp:attachment":[{"href":"https:\/\/crudelis.fr\/site\/covid1984\/wp-json\/wp\/v2\/media?parent=1585"}],"wp:term":[{"taxonomy":"category","embeddable":true,"href":"https:\/\/crudelis.fr\/site\/covid1984\/wp-json\/wp\/v2\/categories?post=1585"},{"taxonomy":"post_tag","embeddable":true,"href":"https:\/\/crudelis.fr\/site\/covid1984\/wp-json\/wp\/v2\/tags?post=1585"}],"curies":[{"name":"wp","href":"https:\/\/api.w.org\/{rel}","templated":true}]}}