{"id":159,"date":"2020-11-01T13:02:49","date_gmt":"2020-11-01T13:02:49","guid":{"rendered":"https:\/\/covid1984.nohost.me\/?p=159"},"modified":"2022-08-20T11:10:38","modified_gmt":"2022-08-20T11:10:38","slug":"tribune-covid-19-jean-luc-melenchon-alerte-contre-les-debordements-du-pouvoir-solitaire","status":"publish","type":"post","link":"https:\/\/crudelis.fr\/site\/covid1984\/2020\/11\/01\/tribune-covid-19-jean-luc-melenchon-alerte-contre-les-debordements-du-pouvoir-solitaire\/","title":{"rendered":"TRIBUNE. Covid-19 : Jean-Luc M\u00e9lenchon alerte contre \"les d\u00e9bordements du pouvoir solitaire\""},"content":{"rendered":"\n<p>Une tribune pour le JDD, le 31 octobre 2020, dans laquelle Jean-Luc M\u00e9lenchon alerte sur les d\u00e9rives de la gestion de la crise sanitaire qui menace notre d\u00e9mocratie.<\/p>\n\n\n\n<!--more-->\n\n\n\n<p><a rel=\"noreferrer noopener\" href=\"https:\/\/www.lejdd.fr\/Politique\/tribune-covid-19-jean-luc-melenchon-alerte-contre-les-debordements-du-pouvoir-solitaire-4002501\" data-type=\"URL\" data-id=\"https:\/\/www.lejdd.fr\/Politique\/tribune-covid-19-jean-luc-melenchon-alerte-contre-les-debordements-du-pouvoir-solitaire-4002501\" target=\"_blank\">Le Journal du Dimanche - TRIBUNE. Covid-19 : Jean-Luc M\u00e9lenchon alerte contre \"les d\u00e9bordements du pouvoir solitaire\"<\/a><br><em>Temps de lecture: 6-8 minutes.<\/em><\/p>\n\n\n\n<hr class=\"wp-block-separator is-style-dots\" \/>\n\n\n\n<blockquote class=\"wp-block-quote is-style-default is-layout-flow wp-block-quote-is-layout-flow\"><p><em>[...] la d\u00e9cision de confiner tout le pays a \u00e9t\u00e9 prise en 'Conseil de d\u00e9fense'. Personne ne pr\u00eate plus attention au fonctionnement des institutions? Doit-on dire l\u00e0 : 'c'est un d\u00e9tail'?<\/em><\/p><cite>Jean-Luc M\u00e9lenchon<\/cite><\/blockquote>\n\n\n\n<blockquote class=\"wp-block-quote is-style-default is-layout-flow wp-block-quote-is-layout-flow\"><p><em>Le Conseil de d\u00e9fense est une instance cr\u00e9\u00e9e par une ordonnance de 1959 pour les d\u00e9cisions de strat\u00e9gie militaire.<\/em><\/p><cite>Jean-Luc M\u00e9lenchon<\/cite><\/blockquote>\n\n\n\n<blockquote class=\"wp-block-quote is-style-default is-layout-flow wp-block-quote-is-layout-flow\"><p><em>Nous ne sommes pas en guerre contre le Covid 19. Le virus n'a pas de strat\u00e9gie. C'est de politique sanitaire dont il s'agit.<\/em><\/p><cite>Jean-Luc M\u00e9lenchon<\/cite><\/blockquote>\n\n\n\n<blockquote class=\"wp-block-quote is-style-default is-layout-flow wp-block-quote-is-layout-flow\"><p><em>Cette m\u00e9thode met en danger une soci\u00e9t\u00e9 avanc\u00e9e. En d\u00e9mocratie, la d\u00e9lib\u00e9ration n'est pas un signe de faiblesse, ou un emb\u00eatement. C'est une garantie pour prendre la meilleure d\u00e9cision possible. Et la condition n\u00e9cessaire pour cr\u00e9er du consentement \u00e0 l'ordre.<\/em><\/p><cite>Jean-Luc M\u00e9lenchon<\/cite><\/blockquote>\n","protected":false},"excerpt":{"rendered":"<p>Une tribune pour le JDD, le 31 octobre 2020, dans laquelle Jean-Luc M\u00e9lenchon alerte sur les d\u00e9rives de la gestion de la crise sanitaire qui menace notre d\u00e9mocratie.<\/p>\n","protected":false},"author":2,"featured_media":0,"comment_status":"open","ping_status":"open","sticky":false,"template":"","format":"standard","meta":{"footnotes":""},"categories":[2,77,6,13],"tags":[26],"class_list":["post-159","post","type-post","status-publish","format-standard","hentry","category-actualite","category-covid19","category-democratie","category-opinion","tag-opinion"],"_links":{"self":[{"href":"https:\/\/crudelis.fr\/site\/covid1984\/wp-json\/wp\/v2\/posts\/159","targetHints":{"allow":["GET"]}}],"collection":[{"href":"https:\/\/crudelis.fr\/site\/covid1984\/wp-json\/wp\/v2\/posts"}],"about":[{"href":"https:\/\/crudelis.fr\/site\/covid1984\/wp-json\/wp\/v2\/types\/post"}],"author":[{"embeddable":true,"href":"https:\/\/crudelis.fr\/site\/covid1984\/wp-json\/wp\/v2\/users\/2"}],"replies":[{"embeddable":true,"href":"https:\/\/crudelis.fr\/site\/covid1984\/wp-json\/wp\/v2\/comments?post=159"}],"version-history":[{"count":1,"href":"https:\/\/crudelis.fr\/site\/covid1984\/wp-json\/wp\/v2\/posts\/159\/revisions"}],"predecessor-version":[{"id":2354,"href":"https:\/\/crudelis.fr\/site\/covid1984\/wp-json\/wp\/v2\/posts\/159\/revisions\/2354"}],"wp:attachment":[{"href":"https:\/\/crudelis.fr\/site\/covid1984\/wp-json\/wp\/v2\/media?parent=159"}],"wp:term":[{"taxonomy":"category","embeddable":true,"href":"https:\/\/crudelis.fr\/site\/covid1984\/wp-json\/wp\/v2\/categories?post=159"},{"taxonomy":"post_tag","embeddable":true,"href":"https:\/\/crudelis.fr\/site\/covid1984\/wp-json\/wp\/v2\/tags?post=159"}],"curies":[{"name":"wp","href":"https:\/\/api.w.org\/{rel}","templated":true}]}}