{"id":1599,"date":"2021-06-12T11:44:48","date_gmt":"2021-06-12T11:44:48","guid":{"rendered":"https:\/\/covid1984.nohost.me\/blog\/?p=1599"},"modified":"2022-08-20T11:05:03","modified_gmt":"2022-08-20T11:05:03","slug":"covid-19-entretien-avec-vera-sharav-rescapee-de-lholocauste","status":"publish","type":"post","link":"https:\/\/crudelis.fr\/site\/covid1984\/2021\/06\/12\/covid-19-entretien-avec-vera-sharav-rescapee-de-lholocauste\/","title":{"rendered":"Covid-19 : entretien avec Vera Sharav, rescap\u00e9e de l\u2019holocauste"},"content":{"rendered":"\n<p>Une interview, choquante, de Vera Sharav, rescap\u00e9e de l'holocauste. Qui n'h\u00e9site pas \u00e0 comparer la crise du covid-19 au r\u00e9gime nazi.<\/p>\n\n\n\n<p>Lorsque qu'une personne, juive, qui a v\u00e9cue les horreurs du nazisme, explique que la vaccination covid est une forme de Solution Finale. \u00c7a ne peut laisser indemne...<\/p>\n\n\n\n<p>C'est une interview que chacun devrait voir pour comprendre la gravit\u00e9 de la crise actuelle.<\/p>\n\n\n\n<!--more-->\n\n\n\n<p><a href=\"https:\/\/yetiblog.org\/covid-19-entretien-avec-vera-sherav-rescapee-de-lholocauste\/\" data-type=\"URL\" data-id=\"https:\/\/yetiblog.org\/covid-19-entretien-avec-vera-sherav-rescapee-de-lholocauste\/\" target=\"_blank\" rel=\"noreferrer noopener\">Chroniques du Y\u00e9ti - Covid-19 : entretien avec Vera Sharav, rescap\u00e9e de l\u2019holocauste<\/a><br><em>46 minutes.<\/em><\/p>\n\n\n\n<p>L'original en anglais est disponible sur Odysee, la diff\u00e9rence de dur\u00e9e est principalement li\u00e9e \u00e0 des passages en allemand, retir\u00e9s de la vid\u00e9o traduite.<\/p>\n\n\n\n<p><a href=\"https:\/\/odysee.com\/@Pighooey:7\/Reiner-Fuellmich-%E2%81%A3Interviewing-Vera-Sharav--OVAL-media:3\" data-type=\"URL\" data-id=\"https:\/\/odysee.com\/@Pighooey:7\/Reiner-Fuellmich-%E2%81%A3Interviewing-Vera-Sharav--OVAL-media:3\" target=\"_blank\" rel=\"noreferrer noopener\">Odysee - Vera Sharav and Reiner Fuellmich<\/a><br><em>1 heure, 12 minutes.<\/em><\/p>\n\n\n\n<hr class=\"wp-block-separator is-style-dots\" \/>\n\n\n\n<blockquote class=\"wp-block-quote is-layout-flow wp-block-quote-is-layout-flow\"><p><em>La pand\u00e9mie de covid-19 a r\u00e9v\u00e9l\u00e9 l'eug\u00e9nisme des politiques de sant\u00e9 publique, conduites dans l'Europe de l'ouest et les \u00c9tats-Unis. C'est un effrayant recommencement du T4.<\/em><\/p><cite>Vera Sharav<\/cite><\/blockquote>\n\n\n\n<p>Plus d'information \u00e0 propos de l'<a rel=\"noreferrer noopener\" href=\"https:\/\/fr.wikipedia.org\/wiki\/Aktion_T4\" target=\"_blank\">Aktion T4<\/a>.<\/p>\n\n\n\n<blockquote class=\"wp-block-quote is-layout-flow wp-block-quote-is-layout-flow\"><p><em><em>Les masques obligatoires sont insidieux, ils sont d'insidieuses armes psychologiques, ils rabaissent notre dignit\u00e9 en tant qu'\u00eatres humains, ils n'aident pas \u00e0 soigner telle ou telle \u00e9pid\u00e9mie, ils sont l'\u00e9quivalent symbolique de l'\u00e9toile jaune.<\/em><\/em><\/p><cite>Vera Sharav<\/cite><\/blockquote>\n\n\n\n<blockquote class=\"wp-block-quote is-layout-flow wp-block-quote-is-layout-flow\"><p><em>Bill Gates a d\u00e9clar\u00e9 en 2020 que la solution finale \u00e0 la pand\u00e9mie sera un vaccin\u2026<br>Vous pouvez interpr\u00e9ter \u00e7a autrement bien s\u00fbr, mais c'est sa r\u00e9f\u00e9rence et c'est assez vieux\u2026<br>Mais en d'autres termes, c'est une sorte de Solution Finale.<\/em><\/p><cite>Vera Sharav<\/cite><\/blockquote>\n\n\n\n<p>Ce sont ses propres mots !<br>Cela peut \u00eatre \u00e9cout\u00e9 en version originale \u00e0 partir de 29:45 sur la vid\u00e9o en anglais.<\/p>\n\n\n\n<blockquote class=\"wp-block-quote is-layout-flow wp-block-quote-is-layout-flow\"><p><em><em><em>Ce qu'ils font avec ce virus est d'instituer une oppression absolument sans pr\u00e9c\u00e9dent. Une r\u00e9pression qui nous emprisonne dans nos maisons. Ils vont vous traquez, vous surveillez. Vous savez les passeports verts c'est pour maintenant, ils sont mis en place pour avoir une soci\u00e9t\u00e9 d'apartheid, a deux classes, une classe de privil\u00e9gi\u00e9s, l'autre insult\u00e9e et discrimin\u00e9e.<\/em><\/em><\/em><br><em>Cela vous rappelle quelque chose ? Les camps de d\u00e9tentions, les ghettos suivront-ils ? Et comment les gens \u00e9taient tu\u00e9s ? Les nazis utilisaient bien des tatouages pour identifier les juifs et les traquer pour qu'ils ne s'\u00e9chappent pas.<\/em><br><em>Et bien maintenant nous avons m\u00eame une surveillance de suivi invasive par la technologie. Elle a \u00e9t\u00e9 d\u00e9velopp\u00e9e gr\u00e2ce \u00e0 Bill Gates, il les a financ\u00e9s, notamment les tatouages \u00e0 puces.<\/em><\/p><cite>Vera Sharav<\/cite><\/blockquote>\n","protected":false},"excerpt":{"rendered":"<p>Une interview, choquante, de Vera Sharav, rescap\u00e9e de l'holocauste. Qui n'h\u00e9site pas \u00e0 comparer la crise du covid-19 au r\u00e9gime nazi. Lorsque qu'une personne, juive, qui a v\u00e9cue les horreurs du nazisme, explique que la vaccination covid est une forme de Solution Finale. \u00c7a ne peut laisser indemne... C'est une interview que chacun devrait voir pour comprendre la gravit\u00e9 de la crise actuelle.<\/p>\n","protected":false},"author":2,"featured_media":0,"comment_status":"open","ping_status":"open","sticky":false,"template":"","format":"standard","meta":{"footnotes":""},"categories":[77,6,9,11,14,17,19],"tags":[22,23,31,32],"class_list":["post-1599","post","type-post","status-publish","format-standard","hentry","category-covid19","category-democratie","category-interview","category-masque","category-pourquoi","category-ressources","category-vaccin","tag-great-reset","tag-histoire","tag-vaccin","tag-video"],"_links":{"self":[{"href":"https:\/\/crudelis.fr\/site\/covid1984\/wp-json\/wp\/v2\/posts\/1599","targetHints":{"allow":["GET"]}}],"collection":[{"href":"https:\/\/crudelis.fr\/site\/covid1984\/wp-json\/wp\/v2\/posts"}],"about":[{"href":"https:\/\/crudelis.fr\/site\/covid1984\/wp-json\/wp\/v2\/types\/post"}],"author":[{"embeddable":true,"href":"https:\/\/crudelis.fr\/site\/covid1984\/wp-json\/wp\/v2\/users\/2"}],"replies":[{"embeddable":true,"href":"https:\/\/crudelis.fr\/site\/covid1984\/wp-json\/wp\/v2\/comments?post=1599"}],"version-history":[{"count":1,"href":"https:\/\/crudelis.fr\/site\/covid1984\/wp-json\/wp\/v2\/posts\/1599\/revisions"}],"predecessor-version":[{"id":2145,"href":"https:\/\/crudelis.fr\/site\/covid1984\/wp-json\/wp\/v2\/posts\/1599\/revisions\/2145"}],"wp:attachment":[{"href":"https:\/\/crudelis.fr\/site\/covid1984\/wp-json\/wp\/v2\/media?parent=1599"}],"wp:term":[{"taxonomy":"category","embeddable":true,"href":"https:\/\/crudelis.fr\/site\/covid1984\/wp-json\/wp\/v2\/categories?post=1599"},{"taxonomy":"post_tag","embeddable":true,"href":"https:\/\/crudelis.fr\/site\/covid1984\/wp-json\/wp\/v2\/tags?post=1599"}],"curies":[{"name":"wp","href":"https:\/\/api.w.org\/{rel}","templated":true}]}}