{"id":1604,"date":"2021-06-17T17:15:50","date_gmt":"2021-06-17T17:15:50","guid":{"rendered":"https:\/\/covid1984.nohost.me\/blog\/?p=1604"},"modified":"2022-08-20T11:05:03","modified_gmt":"2022-08-20T11:05:03","slug":"rapport-de-la-cour-des-comptes-allemande-les-hopitaux-ont-manipule-le-taux-doccupation-des-soins-intensifs","status":"publish","type":"post","link":"https:\/\/crudelis.fr\/site\/covid1984\/2021\/06\/17\/rapport-de-la-cour-des-comptes-allemande-les-hopitaux-ont-manipule-le-taux-doccupation-des-soins-intensifs\/","title":{"rendered":"Rapport de la Cour des comptes allemande : Les h\u00f4pitaux ont manipul\u00e9 le taux d'occupation des soins intensifs"},"content":{"rendered":"\n<p>Alors qu'en France il semble \u00e9vident que <a rel=\"noreferrer noopener\" href=\"https:\/\/crudelis.fr\/site\/covid1984\/2021\/03\/21\/reanimation-des-chiffres-et-des-ombres\/\" target=\"_blank\">les chiffres d'occupation des h\u00f4pitaux sont sur\u00e9valu\u00e9s<\/a>, l'Allemagne semble avoir \u00e9t\u00e9 prise la main dans le sac, faussant compl\u00e8tement les chiffres d'occupation de leurs lits de soins intensifs suite \u00e0 une loi de novembre 2020, incitant \u00e0 une fraude massive.<br>\u00c0 l'instar de la France, l'Allemagne s'est servie de la, sois-disant, saturation des h\u00f4pitaux pour mettre en place des mesures coercitives pour lutter contre la pand\u00e9mie.<\/p>\n\n\n\n<!--more-->\n\n\n\n<p><a rel=\"noreferrer noopener\" href=\"https:\/\/www.7sur7.be\/monde\/des-hopitaux-allemands-auraient-manipule-leur-taux-doccupation-pour-recevoir-des-subsides~a0fa5d93\/\" data-type=\"URL\" data-id=\"https:\/\/www.7sur7.be\/monde\/des-hopitaux-allemands-auraient-manipule-leur-taux-doccupation-pour-recevoir-des-subsides~a0fa5d93\/\" target=\"_blank\">7sur7 - Des h\u00f4pitaux allemands auraient manipul\u00e9 leur taux d\u2019occupation pour recevoir des subsides<\/a><br><em>Temps de lecture: 7-9 minutes.<\/em><\/p>\n\n\n\n<hr class=\"wp-block-separator has-css-opacity is-style-dots\"\/>\n\n\n\n<blockquote class=\"wp-block-quote is-layout-flow wp-block-quote-is-layout-flow\"><p><em>Un rapport de la Cour des comptes f\u00e9d\u00e9rale (BRH) r\u00e9v\u00e8le l\u2019un des plus grands scandales li\u00e9 \u00e0 la pand\u00e9mie en Allemagne. Des h\u00f4pitaux allemands ont manipul\u00e9 les taux d\u2019occupation des services de soins intensifs afin de recevoir une aide financi\u00e8re du gouvernement. Le gouvernement f\u00e9d\u00e9ral \u00e9tait apparemment au courant de la fraude depuis des mois, mais l\u2019a gard\u00e9e secr\u00e8te.<\/em><\/p><cite>7sur7<\/cite><\/blockquote>\n\n\n\n<blockquote class=\"wp-block-quote is-layout-flow wp-block-quote-is-layout-flow\"><p><em><em>\u00c0 la mi-novembre, la nouvelle loi sur le financement des h\u00f4pitaux entre en vigueur. Condition: l\u2019argent n\u2019est vers\u00e9 aux h\u00f4pitaux que si moins de 25% des lits de soins intensifs sont libres. Peu apr\u00e8s, le Bild rapporte sur la base de diverses sources que le nombre de lits libres dans les unit\u00e9s de soins intensifs est plus \u00e9lev\u00e9 et que les rapports alarmants sur une p\u00e9nurie sont exag\u00e9r\u00e9s.<\/em><\/em><\/p><cite>7sur7<\/cite><\/blockquote>\n\n\n\n<blockquote class=\"wp-block-quote is-layout-flow wp-block-quote-is-layout-flow\"><p><em><em><em>La question qui se pose maintenant est de savoir \u00e0 quel point la situation \u00e9tait r\u00e9ellement dramatique dans les h\u00f4pitaux allemands, \u00e9crit le Bild. \u201cQue savait la chanceli\u00e8re de la gigantesque manipulation rapport\u00e9e par le RKI ?\u201d<\/em><\/em><\/em><\/p><cite>7sur7<\/cite><\/blockquote>\n\n\n\n<hr class=\"wp-block-separator has-css-opacity is-style-dots\"\/>\n\n\n\n<p>BILD.de, important journal Allemand, donne plus d'informations sur le scandale<\/p>\n\n\n\n<p><a href=\"https:\/\/www.bild.de\/bild-plus\/politik\/inland\/politik-inland\/rechnungshof-bericht-enthuellt-der-grosse-betrug-mit-den-intensivbetten-76696870.bild.html\" data-type=\"URL\" data-id=\"https:\/\/www.bild.de\/bild-plus\/politik\/inland\/politik-inland\/rechnungshof-bericht-enthuellt-der-grosse-betrug-mit-den-intensivbetten-76696870.bild.html\" target=\"_blank\" rel=\"noreferrer noopener\">BILD.de - Rechnungshof-Bericht enth\u00fcllt: Der gro\u00dfe Betrug mit den Intensivbetten<\/a><br><em>Temps de lecture: 1 minute.<\/em><\/p>\n\n\n\n<blockquote class=\"wp-block-quote is-layout-flow wp-block-quote-is-layout-flow\"><p><em><em><em>Es ist einer der gr\u00f6\u00dften Skandale der Corona-Krise: Zahlreiche Kliniken meldeten bewusst weniger freie Intensivbetten als sie hatten \u2013 um Geld vom Steuerzahler zu kassieren! Das enth\u00fcllt ein Bericht des Bundesrechnungshofs (BRH).<\/em><\/em><\/em><br>---<br><em>C'est l'un des plus grands scandales de la crise Corona : de nombreux h\u00f4pitaux ont d\u00e9lib\u00e9r\u00e9ment d\u00e9clar\u00e9 moins de lits de soins intensifs gratuits qu'ils n'en avaient - afin de percevoir l'argent du contribuable ! C'est ce que r\u00e9v\u00e8le un rapport de la Cour des comptes f\u00e9d\u00e9rale (BRH).<\/em><\/p><cite>BILD.de<\/cite><\/blockquote>\n\n\n\n<p><a rel=\"noreferrer noopener\" href=\"https:\/\/www.bild.de\/politik\/inland\/politik-inland\/corona-intensiv-betten-betrug-spahn-fuehlt-sich-nicht-zustaendig-76711808.bild.html\" target=\"_blank\" data-type=\"URL\" data-id=\"https:\/\/www.bild.de\/politik\/inland\/politik-inland\/corona-intensiv-betten-betrug-spahn-fuehlt-sich-nicht-zustaendig-76711808.bild.html\">BILD.de - Corona: Intensiv-Betten-Betrug \u2013 Spahn f\u00fchlt sich nicht zust\u00e4ndig<\/a><br><em>Temps de lecture: 2 minutes.<\/em><\/p>\n\n\n\n<blockquote class=\"wp-block-quote is-layout-flow wp-block-quote-is-layout-flow\"><p><em><em><em>Zwischen 360 und 760 Euro bekommen Kliniken f\u00fcr jedes Bett, dass sie f\u00fcr Corona-Patienten freihalten. Doch im November 2020 wurde das eingeschr\u00e4nkt. Nur noch Krankenh\u00e4user mit knappen Intensivkapazit\u00e4ten kamen in den Genuss der Ausgleichszahlungen.<\/em><\/em><\/em><br>---<br><em>Les cliniques re\u00e7oivent entre 360 et 760 euros pour chaque lit qu'elles gardent libre pour les patients de Corona. Mais en novembre 2020, cela a \u00e9t\u00e9 restreint. Seuls les h\u00f4pitaux disposant de peu de capacit\u00e9s de soins intensifs pourraient encore b\u00e9n\u00e9ficier des paiements compensatoires.<\/em><\/p><cite>BILD.de<\/cite><\/blockquote>\n\n\n\n<blockquote class=\"wp-block-quote is-layout-flow wp-block-quote-is-layout-flow\"><p><em><em><em>Von da an stellten Klinikbetreiber ihre Lage dramatischer dar, als sie tats\u00e4chlich war. Das zeigt auch der aktuelle Bericht des Bundesrechnungshofs.<\/em><\/em><\/em><br>---<br><em>\u00c0 partir de ce moment, les op\u00e9rateurs hospitaliers ont d\u00e9peint leur situation de mani\u00e8re plus dramatique qu'elle ne l'\u00e9tait en r\u00e9alit\u00e9. C'est ce que montre \u00e9galement le rapport actuel de la Cour des comptes f\u00e9d\u00e9rale.<\/em><\/p><cite>BILD.de<\/cite><\/blockquote>\n\n\n\n<p><a href=\"https:\/\/www.bild.de\/politik\/inland\/politik-inland\/intensivbetten-belegung-so-falsch-lag-der-ard-faktenfuchs-76698862.bild.html\" data-type=\"URL\" data-id=\"https:\/\/www.bild.de\/politik\/inland\/politik-inland\/intensivbetten-belegung-so-falsch-lag-der-ard-faktenfuchs-76698862.bild.html\" target=\"_blank\" rel=\"noreferrer noopener\">BILD.de - Intensivbetten-Belegung - So falsch lag der ARD-\u201eFaktenfuchs\u201c<\/a><br><em>Temps de lecture: 1 minute.<\/em><\/p>\n\n\n\n<blockquote class=\"wp-block-quote is-layout-flow wp-block-quote-is-layout-flow\"><p><em><em><em>Der Bayerische Rundfunk (BR) berichtete bereits Anfang Mai \u00fcber Vorw\u00fcrfe, Kliniken h\u00e4tten mit Daten der Intensiv-Stationen getrickst \u2013 und stellte sie als Falschmeldungen von \u201eCorona-Leugnern\u201c dar!<\/em><\/em><\/em><br>---<br><em>D\u00e9but mai, la radio bavaroise (BR) a fait \u00e9tat d'all\u00e9gations selon lesquelles des cliniques auraient trich\u00e9 avec les donn\u00e9es des soins intensifs - et les a pr\u00e9sent\u00e9es comme de faux rapports \u00e9manant de \"n\u00e9gationnistes de Corona\" !<\/em><\/p><cite>BILD.de<\/cite><\/blockquote>\n","protected":false},"excerpt":{"rendered":"<p>Alors qu'en France il semble \u00e9vident que les chiffres d'occupation des h\u00f4pitaux sont sur\u00e9valu\u00e9s, l'Allemagne semble avoir \u00e9t\u00e9 prise la main dans le sac, faussant compl\u00e8tement les chiffres d'occupation de leurs lits de soins intensifs suite \u00e0 une loi de novembre 2020, incitant \u00e0 une fraude massive.\u00c0 l'instar de la France, l'Allemagne s'est servie de la, sois-disant, saturation des h\u00f4pitaux pour mettre en place des mesures coercitives pour lutter contre la pand\u00e9mie.<\/p>\n","protected":false},"author":2,"featured_media":0,"comment_status":"open","ping_status":"open","sticky":false,"template":"","format":"standard","meta":{"footnotes":""},"categories":[2,77,16,17],"tags":[],"class_list":["post-1604","post","type-post","status-publish","format-standard","hentry","category-actualite","category-covid19","category-reanimation","category-ressources"],"_links":{"self":[{"href":"https:\/\/crudelis.fr\/site\/covid1984\/wp-json\/wp\/v2\/posts\/1604","targetHints":{"allow":["GET"]}}],"collection":[{"href":"https:\/\/crudelis.fr\/site\/covid1984\/wp-json\/wp\/v2\/posts"}],"about":[{"href":"https:\/\/crudelis.fr\/site\/covid1984\/wp-json\/wp\/v2\/types\/post"}],"author":[{"embeddable":true,"href":"https:\/\/crudelis.fr\/site\/covid1984\/wp-json\/wp\/v2\/users\/2"}],"replies":[{"embeddable":true,"href":"https:\/\/crudelis.fr\/site\/covid1984\/wp-json\/wp\/v2\/comments?post=1604"}],"version-history":[{"count":1,"href":"https:\/\/crudelis.fr\/site\/covid1984\/wp-json\/wp\/v2\/posts\/1604\/revisions"}],"predecessor-version":[{"id":2019,"href":"https:\/\/crudelis.fr\/site\/covid1984\/wp-json\/wp\/v2\/posts\/1604\/revisions\/2019"}],"wp:attachment":[{"href":"https:\/\/crudelis.fr\/site\/covid1984\/wp-json\/wp\/v2\/media?parent=1604"}],"wp:term":[{"taxonomy":"category","embeddable":true,"href":"https:\/\/crudelis.fr\/site\/covid1984\/wp-json\/wp\/v2\/categories?post=1604"},{"taxonomy":"post_tag","embeddable":true,"href":"https:\/\/crudelis.fr\/site\/covid1984\/wp-json\/wp\/v2\/tags?post=1604"}],"curies":[{"name":"wp","href":"https:\/\/api.w.org\/{rel}","templated":true}]}}