{"id":161,"date":"2020-11-01T22:33:32","date_gmt":"2020-11-01T22:33:32","guid":{"rendered":"https:\/\/covid1984.nohost.me\/?p=161"},"modified":"2022-08-20T11:10:38","modified_gmt":"2022-08-20T11:10:38","slug":"appel-du-collectif-medecins-et-soignants-pour-une-politique-sanitaire-de-la-civod-19-juste-eclairee-et-proportionnee","status":"publish","type":"post","link":"https:\/\/crudelis.fr\/site\/covid1984\/2020\/11\/01\/appel-du-collectif-medecins-et-soignants-pour-une-politique-sanitaire-de-la-civod-19-juste-eclairee-et-proportionnee\/","title":{"rendered":"Appel du Collectif m\u00e9decins et soignants pour une politique sanitaire de la COVID-19 juste, \u00e9clair\u00e9e et proportionn\u00e9e."},"content":{"rendered":"\n<p>Pr\u00e9c\u00e9dant l'<a rel=\"noreferrer noopener\" href=\"https:\/\/crudelis.fr\/site\/covid1984\/2020\/10\/28\/covid-19-nous-ne-voulons-plus-etre-gouvernes-par-la-peur-la-tribune-de-chercheurs-et-de-medecins\/\" data-type=\"URL\" data-id=\"https:\/\/crudelis.fr\/site\/covid1984\/2020\/10\/28\/covid-19-nous-ne-voulons-plus-etre-gouvernes-par-la-peur-la-tribune-de-chercheurs-et-de-medecins\/\" target=\"_blank\">appel relay\u00e9 par Le Parisien<\/a> par le m\u00eame collectif, un \u00e9tat des lieux de la situation actuelle en date du 1er septembre 2020.<\/p>\n\n\n\n<!--more-->\n\n\n\n<p>A lire en seconde partie de la page.<br><a rel=\"noreferrer noopener\" href=\"https:\/\/colibris-wiki.org\/collectifCovid\/?AppeL\" data-type=\"URL\" data-id=\"https:\/\/colibris-wiki.org\/collectifCovid\/?AppeL\" target=\"_blank\">Collectif m\u00e9decins et soignants pour une politique sanitaire de la COVID-19 juste, \u00e9clair\u00e9e et proportionn\u00e9e<\/a><br><em>Temps de lecture: 8-11 minutes.<\/em><\/p>\n\n\n\n<hr class=\"wp-block-separator is-style-dots\" \/>\n\n\n\n<blockquote class=\"wp-block-quote is-style-default is-layout-flow wp-block-quote-is-layout-flow\"><p><em>Il y a et il y aura encore des cas graves, il y aura encore des hospitalisations, encore des passages en r\u00e9animations, encore des d\u00e9c\u00e8s. Mais comme pour toute maladie. D'habitude, on ne vous en parle pas en permanence, c'est tout.<\/em><\/p><cite>Dr Louis Fouch\u00e9<\/cite><\/blockquote>\n\n\n\n<hr class=\"wp-block-separator is-style-dots\" \/>\n\n\n\n<p>Le collectif a migr\u00e9 vers un nouveau site, <a rel=\"noreferrer noopener\" href=\"https:\/\/www.reinfocovid.fr\/manifeste\/\" data-type=\"URL\" data-id=\"https:\/\/www.reinfocovid.fr\/manifeste\/\" target=\"_blank\">reinfocovid.fr<\/a>, une source d'information tr\u00e8s int\u00e9ressante, maintenue par des professionnels de sant\u00e9s.<\/p>\n","protected":false},"excerpt":{"rendered":"<p>Pr\u00e9c\u00e9dant l'appel relay\u00e9 par Le Parisien par le m\u00eame collectif, un \u00e9tat des lieux de la situation actuelle en date du 1er septembre 2020.<\/p>\n","protected":false},"author":2,"featured_media":0,"comment_status":"open","ping_status":"open","sticky":false,"template":"","format":"standard","meta":{"footnotes":""},"categories":[2,3,77],"tags":[28],"class_list":["post-161","post","type-post","status-publish","format-standard","hentry","category-actualite","category-alerte","category-covid19","tag-relativiser"],"_links":{"self":[{"href":"https:\/\/crudelis.fr\/site\/covid1984\/wp-json\/wp\/v2\/posts\/161","targetHints":{"allow":["GET"]}}],"collection":[{"href":"https:\/\/crudelis.fr\/site\/covid1984\/wp-json\/wp\/v2\/posts"}],"about":[{"href":"https:\/\/crudelis.fr\/site\/covid1984\/wp-json\/wp\/v2\/types\/post"}],"author":[{"embeddable":true,"href":"https:\/\/crudelis.fr\/site\/covid1984\/wp-json\/wp\/v2\/users\/2"}],"replies":[{"embeddable":true,"href":"https:\/\/crudelis.fr\/site\/covid1984\/wp-json\/wp\/v2\/comments?post=161"}],"version-history":[{"count":1,"href":"https:\/\/crudelis.fr\/site\/covid1984\/wp-json\/wp\/v2\/posts\/161\/revisions"}],"predecessor-version":[{"id":2353,"href":"https:\/\/crudelis.fr\/site\/covid1984\/wp-json\/wp\/v2\/posts\/161\/revisions\/2353"}],"wp:attachment":[{"href":"https:\/\/crudelis.fr\/site\/covid1984\/wp-json\/wp\/v2\/media?parent=161"}],"wp:term":[{"taxonomy":"category","embeddable":true,"href":"https:\/\/crudelis.fr\/site\/covid1984\/wp-json\/wp\/v2\/categories?post=161"},{"taxonomy":"post_tag","embeddable":true,"href":"https:\/\/crudelis.fr\/site\/covid1984\/wp-json\/wp\/v2\/tags?post=161"}],"curies":[{"name":"wp","href":"https:\/\/api.w.org\/{rel}","templated":true}]}}