{"id":1617,"date":"2021-06-22T12:44:34","date_gmt":"2021-06-22T12:44:34","guid":{"rendered":"https:\/\/covid1984.nohost.me\/blog\/?p=1617"},"modified":"2022-08-20T11:05:03","modified_gmt":"2022-08-20T11:05:03","slug":"cest-le-peuple-americain-et-les-gouvernements-des-etats-republicains-et-non-biden-et-fauci-qui-ont-sorti-les-etats-unis-de-la-crise-du-covid","status":"publish","type":"post","link":"https:\/\/crudelis.fr\/site\/covid1984\/2021\/06\/22\/cest-le-peuple-americain-et-les-gouvernements-des-etats-republicains-et-non-biden-et-fauci-qui-ont-sorti-les-etats-unis-de-la-crise-du-covid\/","title":{"rendered":"C'est le peuple am\u00e9ricain et les gouvernements des \u00e9tats r\u00e9publicains, et non Biden et Fauci, qui ont sorti les \u00c9tats-Unis de la crise du COVID."},"content":{"rendered":"\n<p>L'Am\u00e9rique sort de la crise en disant simplement non. On peut esp\u00e9rer que ce r\u00e9veil des consciences s'\u00e9tende \u00e0 l'Europe.<\/p>\n\n\n\n<!--more-->\n\n\n\n<figure class=\"wp-block-table\"><table class=\"has-subtle-pale-pink-background-color has-background\"><tbody><tr><td><em>Pour les articles qui ne sont pas en fran\u00e7ais, vous pouvez utiliser <a rel=\"noreferrer noopener\" href=\"https:\/\/www.deepl.com\/translator\" target=\"_blank\">DeepL<\/a> pour traduire le texte en fran\u00e7ais.<\/em><\/td><\/tr><\/tbody><\/table><\/figure>\n\n\n\n<p><a rel=\"noreferrer noopener\" href=\"https:\/\/www.foxnews.com\/media\/ingraham-american-people-red-states-biden-fauci\" data-type=\"URL\" data-id=\"https:\/\/www.foxnews.com\/media\/ingraham-american-people-red-states-biden-fauci\" target=\"_blank\">FoxNews - Ingraham: The American people and red state govs, not Biden, Fauci, led US out of COVID lockdown gloom<\/a><br><em>Temps de lecture: 3-4 minutes.<\/em><br><em>9 minutes.<\/em><br>La vid\u00e9o peut \u00eatre sous-titr\u00e9e en anglais, mais pas en Fran\u00e7ais.<\/p>\n\n\n\n<hr class=\"wp-block-separator is-style-dots\" \/>\n\n\n\n<blockquote class=\"wp-block-quote is-layout-flow wp-block-quote-is-layout-flow\"><p><em>\"The reason Biden changed his mind about the 4th of July was because freedom-loving Americans and governors who represent them forced his hand,\" said Ingraham. \"The red states were leaving the blue states in the dust in every metric \u2013 a mass exodus from New York, California, Illinois and other pro-lockdown, high tax states, told the tale.\"<\/em><br>---<br><em>\"La raison pour laquelle Biden a chang\u00e9 d'avis sur le 4 juillet est que les Am\u00e9ricains \u00e9pris de libert\u00e9 et les gouverneurs qui les repr\u00e9sentent lui ont forc\u00e9 la main\", a d\u00e9clar\u00e9 Ingraham. \"Les \u00c9tats rouges <\/em>(ndt: r\u00e9publicains)<em> laissaient les \u00c9tats bleus <\/em>(ndt: d\u00e9mocrates)<em> dans la poussi\u00e8re \u00e0 tous les \u00e9gards - un exode massif de New York, de la Californie, de l'Illinois et d'autres \u00c9tats favorables \u00e0 l'enfermement et aux imp\u00f4ts \u00e9lev\u00e9s en t\u00e9moignait.\"<\/em><\/p><cite>Charles Creitz pour Fox News<\/cite><\/blockquote>\n\n\n\n<blockquote class=\"wp-block-quote is-layout-flow wp-block-quote-is-layout-flow\"><p><em><em>She said that Governors Ron DeSantis of Florida, Kristi Noem of South Dakota, Pete Ricketts of Nebraska, Brian Kemp of Georgia, William Lee of Tennessee, Greg Abbott of Texas and Tate Reeves of Mississippi were the \"decisive\" leaders that forced the White House and federal medical establishment to back down.<\/em><\/em><br>---<br><em>Selon elle, les gouverneurs Ron DeSantis de Floride, Kristi Noem du Dakota du Sud, Pete Ricketts du Nebraska, Brian Kemp de G\u00e9orgie, William Lee du Tennessee, Greg Abbott du Texas et Tate Reeves du Mississippi ont \u00e9t\u00e9 les leaders \"d\u00e9cisifs\" qui ont forc\u00e9 la Maison Blanche et l'establishment m\u00e9dical f\u00e9d\u00e9ral \u00e0 faire marche arri\u00e8re.<\/em><\/p><cite>Charles Creitz pour Fox News<\/cite><\/blockquote>\n\n\n\n<blockquote class=\"wp-block-quote is-layout-flow wp-block-quote-is-layout-flow\"><p><em><em><em>\"The fact is, whatever you're feeling on the COVID vaccines, they\u2019re not what\u2019s forced Democrat-run states to fully reopen,\" Ingraham said.<\/em><\/em><\/em><br>---<br><em>\"Le fait est que, quel que soit votre sentiment sur les vaccins COVID, ce n'est pas ce qui a forc\u00e9 les \u00c9tats dirig\u00e9s par des d\u00e9mocrates \u00e0 rouvrir compl\u00e8tement leurs portes\", a d\u00e9clar\u00e9 Ingraham.<\/em><\/p><cite>Charles Creitz pour Fox News<\/cite><\/blockquote>\n\n\n\n<p>Extraits tir\u00e9s de la vid\u00e9o:<\/p>\n\n\n\n<blockquote class=\"wp-block-quote is-layout-flow wp-block-quote-is-layout-flow\"><p><em><em><em>So if it weren't for the bold, decisive, anti-lockdown leadership of governors in places like Florida, South Dakota, Tennesse, Georgia, Nebraska, Mississippi and Texas, America today would look a lot more like Europe, Japan or maybe Canada.<\/em><\/em><\/em><br>---<br><em>Ainsi, sans le leadership audacieux, d\u00e9cisif et anti-blocage de gouverneurs dans des endroits comme la Floride, le Dakota du Sud, le Tennesse, la G\u00e9orgie, le Nebraska, le Mississippi et le Texas, l'Am\u00e9rique d'aujourd'hui ressemblerait beaucoup plus \u00e0 l'Europe, au Japon ou peut-\u00eatre au Canada.<\/em><\/p><cite>Laura Ingraham pour Fox News<\/cite><\/blockquote>\n\n\n\n<blockquote class=\"wp-block-quote is-layout-flow wp-block-quote-is-layout-flow\"><p><em><em><em>Millions have already downloaded their digital certificates in the EU, which will allow them the freedom of movement that they were supposedly guaranteed when the EU formed 28 years ago.<\/em><\/em><\/em><br>---<br><em>Des millions de personnes ont d\u00e9j\u00e0 t\u00e9l\u00e9charg\u00e9 leurs certificats num\u00e9riques dans l'UE, ce qui leur permettra de b\u00e9n\u00e9ficier de la libert\u00e9 de circulation qui leur a \u00e9t\u00e9 pr\u00e9tendument garantie lors de la cr\u00e9ation de l'UE il y a 28 ans.<\/em><\/p><cite>Laura Ingraham pour Fox News<\/cite><\/blockquote>\n\n\n\n<blockquote class=\"wp-block-quote is-layout-flow wp-block-quote-is-layout-flow\"><p><em><em><em>When Texas and Florida, remember when they lifted their mask mandates, the medical elites predicted covid surges everywhere. Of course that didn't happen\u2026 But they never revised their opinions.<\/em><\/em><\/em><br>---<br><em>Quand le Texas et la Floride, rappelez-vous, ont lev\u00e9 leur obligation de porter un masque, les \u00e9lites m\u00e9dicales ont pr\u00e9dit des pouss\u00e9es de covid partout. Bien s\u00fbr, cela ne s'est pas produit\u2026 Mais ils n'ont jamais r\u00e9vis\u00e9 leurs opinions.<\/em><\/p><cite>Laura Ingraham pour Fox News<\/cite><\/blockquote>\n\n\n\n<blockquote class=\"wp-block-quote is-layout-flow wp-block-quote-is-layout-flow\"><p><em><em><em>Now, despite our success, this is no time to relent. In fact, we need to stay on the offensive, we have to demand that all remaining restrictions be dropped, from masks on planes to social distancing in schools. And of course we have to pass laws taking away the remaining emergency powers of all the governors and going forward put a time limit on their duration after what the state legislature has to approve. We must demand that congress tear down its walls and reopen to the public.<\/em><\/em><\/em><br>---<br><em>Maintenant, malgr\u00e9 notre succ\u00e8s, ce n'est pas le moment de rel\u00e2cher la pression. En fait, nous devons rester sur l'offensive, nous devons exiger que toutes les restrictions restantes soient abandonn\u00e9es, des masques dans les avions \u00e0 la distanciation sociale dans les \u00e9coles. Et bien s\u00fbr, nous devons faire passer des lois supprimant les pouvoirs d'urgence restants de tous les gouverneurs et, \u00e0 l'avenir, limiter leur dur\u00e9e apr\u00e8s l'approbation de la l\u00e9gislature de l'\u00c9tat. Nous devons exiger que le Congr\u00e8s abatte ses murs et rouvre ses portes au public.<\/em><\/p><cite>Laura Ingraham pour Fox News<\/cite><\/blockquote>\n\n\n\n<blockquote class=\"wp-block-quote is-layout-flow wp-block-quote-is-layout-flow\"><p><em><em><em>We're Americans, we're free we must never allow them to do that again to us. Never.<\/em><\/em><\/em><br>---<br><em>Nous sommes am\u00e9ricains, nous sommes libres, nous ne devons jamais leur permettre de nous refaire \u00e7a. Jamais.<\/em><\/p><cite>Laura Ingraham pour Fox News<\/cite><\/blockquote>\n\n\n\n<hr class=\"wp-block-separator is-style-dots\" \/>\n\n\n\n<p>Cette derni\u00e8re phrase, sans son aspect patriotique, pourrait \u00eatre: \"<em>Nous sommes humains, nous sommes libres, nous ne devons jamais leur permettre de nous refaire \u00e7a. Jamais.<\/em>\"<\/p>\n","protected":false},"excerpt":{"rendered":"<p>L'Am\u00e9rique sort de la crise en disant simplement non. On peut esp\u00e9rer que ce r\u00e9veil des consciences s'\u00e9tende \u00e0 l'Europe.<\/p>\n","protected":false},"author":2,"featured_media":0,"comment_status":"open","ping_status":"open","sticky":false,"template":"","format":"standard","meta":{"footnotes":""},"categories":[2,77,6],"tags":[28],"class_list":["post-1617","post","type-post","status-publish","format-standard","hentry","category-actualite","category-covid19","category-democratie","tag-relativiser"],"_links":{"self":[{"href":"https:\/\/crudelis.fr\/site\/covid1984\/wp-json\/wp\/v2\/posts\/1617","targetHints":{"allow":["GET"]}}],"collection":[{"href":"https:\/\/crudelis.fr\/site\/covid1984\/wp-json\/wp\/v2\/posts"}],"about":[{"href":"https:\/\/crudelis.fr\/site\/covid1984\/wp-json\/wp\/v2\/types\/post"}],"author":[{"embeddable":true,"href":"https:\/\/crudelis.fr\/site\/covid1984\/wp-json\/wp\/v2\/users\/2"}],"replies":[{"embeddable":true,"href":"https:\/\/crudelis.fr\/site\/covid1984\/wp-json\/wp\/v2\/comments?post=1617"}],"version-history":[{"count":1,"href":"https:\/\/crudelis.fr\/site\/covid1984\/wp-json\/wp\/v2\/posts\/1617\/revisions"}],"predecessor-version":[{"id":2142,"href":"https:\/\/crudelis.fr\/site\/covid1984\/wp-json\/wp\/v2\/posts\/1617\/revisions\/2142"}],"wp:attachment":[{"href":"https:\/\/crudelis.fr\/site\/covid1984\/wp-json\/wp\/v2\/media?parent=1617"}],"wp:term":[{"taxonomy":"category","embeddable":true,"href":"https:\/\/crudelis.fr\/site\/covid1984\/wp-json\/wp\/v2\/categories?post=1617"},{"taxonomy":"post_tag","embeddable":true,"href":"https:\/\/crudelis.fr\/site\/covid1984\/wp-json\/wp\/v2\/tags?post=1617"}],"curies":[{"name":"wp","href":"https:\/\/api.w.org\/{rel}","templated":true}]}}