{"id":1620,"date":"2021-06-23T12:31:37","date_gmt":"2021-06-23T12:31:37","guid":{"rendered":"https:\/\/covid1984.nohost.me\/blog\/?p=1620"},"modified":"2022-08-20T11:05:02","modified_gmt":"2022-08-20T11:05:02","slug":"la-vaccination-en-chute-libre-en-france","status":"publish","type":"post","link":"https:\/\/crudelis.fr\/site\/covid1984\/2021\/06\/23\/la-vaccination-en-chute-libre-en-france\/","title":{"rendered":"La vaccination en chute libre en France"},"content":{"rendered":"\n<p>De la m\u00eame mani\u00e8re qu'en Isra\u00ebl, en Angleterre ou aux \u00c9tats-Unis, la campagne de vaccination covid en France se heurte au plafond de verre.<br>Les candidats \u00e0 l'euthanasie se sont d\u00e9j\u00e0 pr\u00e9cipit\u00e9s, les pressions et les menacent n'y changent rien, ceux qui choisissent de vivre libre n'y renonceront pas.<\/p>\n\n\n\n<p>Comme tout les autres pays, ceci marque l'impossibilit\u00e9 du pass sanitaire, face \u00e0 une population tr\u00e8s largement r\u00e9ticente \u00e0 \u00eatre les cobayes d'une exp\u00e9rimentation g\u00e9n\u00e9tique.<\/p>\n\n\n\n<!--more READ MORE-->\n\n\n\n<p><a rel=\"noreferrer noopener\" href=\"https:\/\/www.bfmtv.com\/sante\/infographies-vaccins-anti-covid-19-le-nombre-de-premieres-injections-diminue-de-jour-en-jour_AN-202106220232.html\" data-type=\"URL\" data-id=\"https:\/\/www.bfmtv.com\/sante\/infographies-vaccins-anti-covid-19-le-nombre-de-premieres-injections-diminue-de-jour-en-jour_AN-202106220232.html\" target=\"_blank\">BFM TV - INFOGRAPHIES. Le pic de la vaccination atteint? Le nombre de primo-injections continue de diminuer<\/a><br><em>Temps de lecture: 3-4 minutes.<\/em><\/p>\n\n\n\n<hr class=\"wp-block-separator has-css-opacity is-style-dots\"\/>\n\n\n\n<blockquote class=\"wp-block-quote is-layout-flow wp-block-quote-is-layout-flow\"><p><em>Alors que l'immunit\u00e9 collective est loin d'\u00eatre atteinte, le nombre de primo-injections de vaccins contre le Covid-19 ne cesse de diminuer depuis le mois de juin.<\/em><\/p><cite>Louis Tanca pour BFM TV<\/cite><\/blockquote>\n\n\n\n<blockquote class=\"wp-block-quote is-layout-flow wp-block-quote-is-layout-flow\"><p><em><em>Si le pic des premi\u00e8res injections chez les personnes \u00e2g\u00e9es de plus de 40 avait d\u00e9j\u00e0 \u00e9t\u00e9 atteint il y a plusieurs semaines - fin mars pour les personnes de plus de 75 ans, en avril pour les 60-74 ans, mi-mai pour les 40-59 ans - il semble \u00e9galement avoir \u00e9t\u00e9 atteint chez les plus jeunes (18-39 ans)<\/em><\/em><\/p><cite>Louis Tanca pour BFM TV<\/cite><\/blockquote>\n\n\n\n<hr class=\"wp-block-separator has-css-opacity is-style-dots\"\/>\n\n\n\n<p>Il faut en retenir que, \u00e0 l'instar des autres pays, cette r\u00e9ticence aux injections exp\u00e9rimentales marque l'impossibilit\u00e9 de la mise en place du pass sanitaire, qui est une \u00e9tape indispensable du <a href=\"https:\/\/crudelis.fr\/site\/covid1984\/tag\/great-reset\/\" data-type=\"URL\" data-id=\"https:\/\/crudelis.fr\/site\/covid1984\/tag\/great-reset\/\" target=\"_blank\" rel=\"noreferrer noopener\">Great Reset<\/a>.<br>De plus, avec une large part de la population r\u00e9ticente, il est impossible de rendre la vaccination obligatoire.<\/p>\n\n\n\n<p>Il faut donc chasser de l'esprit de chacun toute id\u00e9e selon laquelle l'injection de ces produits g\u00e9niques exp\u00e9rimentaux est in\u00e9luctable.<\/p>\n","protected":false},"excerpt":{"rendered":"<p>De la m\u00eame mani\u00e8re qu'en Isra\u00ebl, en Angleterre ou aux \u00c9tats-Unis, la campagne de vaccination covid en France se heurte au plafond de verre.Les candidats \u00e0 l'euthanasie se sont d\u00e9j\u00e0 pr\u00e9cipit\u00e9s, les pressions et les menacent n'y changent rien, ceux qui choisissent de vivre libre n'y renonceront pas. Comme tout les autres pays, ceci marque l'impossibilit\u00e9 du pass sanitaire, face \u00e0 une population tr\u00e8s largement r\u00e9ticente \u00e0 \u00eatre les cobayes d'une exp\u00e9rimentation g\u00e9n\u00e9tique.<\/p>\n","protected":false},"author":2,"featured_media":0,"comment_status":"open","ping_status":"open","sticky":false,"template":"","format":"standard","meta":{"footnotes":""},"categories":[2,77,19],"tags":[28],"class_list":["post-1620","post","type-post","status-publish","format-standard","hentry","category-actualite","category-covid19","category-vaccin","tag-relativiser"],"_links":{"self":[{"href":"https:\/\/crudelis.fr\/site\/covid1984\/wp-json\/wp\/v2\/posts\/1620","targetHints":{"allow":["GET"]}}],"collection":[{"href":"https:\/\/crudelis.fr\/site\/covid1984\/wp-json\/wp\/v2\/posts"}],"about":[{"href":"https:\/\/crudelis.fr\/site\/covid1984\/wp-json\/wp\/v2\/types\/post"}],"author":[{"embeddable":true,"href":"https:\/\/crudelis.fr\/site\/covid1984\/wp-json\/wp\/v2\/users\/2"}],"replies":[{"embeddable":true,"href":"https:\/\/crudelis.fr\/site\/covid1984\/wp-json\/wp\/v2\/comments?post=1620"}],"version-history":[{"count":1,"href":"https:\/\/crudelis.fr\/site\/covid1984\/wp-json\/wp\/v2\/posts\/1620\/revisions"}],"predecessor-version":[{"id":1965,"href":"https:\/\/crudelis.fr\/site\/covid1984\/wp-json\/wp\/v2\/posts\/1620\/revisions\/1965"}],"wp:attachment":[{"href":"https:\/\/crudelis.fr\/site\/covid1984\/wp-json\/wp\/v2\/media?parent=1620"}],"wp:term":[{"taxonomy":"category","embeddable":true,"href":"https:\/\/crudelis.fr\/site\/covid1984\/wp-json\/wp\/v2\/categories?post=1620"},{"taxonomy":"post_tag","embeddable":true,"href":"https:\/\/crudelis.fr\/site\/covid1984\/wp-json\/wp\/v2\/tags?post=1620"}],"curies":[{"name":"wp","href":"https:\/\/api.w.org\/{rel}","templated":true}]}}